{"id":4892,"date":"2013-05-08T18:06:21","date_gmt":"2013-05-08T16:06:21","guid":{"rendered":"https:\/\/website.ifit.li\/?p=4892"},"modified":"2021-06-18T16:15:40","modified_gmt":"2021-06-18T14:15:40","slug":"der-heilige-geist-ist-wahrer-gott-sowie-es-auch-der-vater-und-der-sohn-sind","status":"publish","type":"post","link":"https:\/\/website.ifit.li\/?p=4892","title":{"rendered":"Der Heilige Geist ist wahrer Gott sowie es auch der Vater und der Sohn sind"},"content":{"rendered":"<h2>23. Katechese zum Jahr des Glaubens von Papst Franziskus<\/h2>\n<p><a href=\"https:\/\/website.ifit.li\/?attachment_id=7067\" rel=\"attachment wp-att-7067\"><img data-opt-id=321754858  fetchpriority=\"high\" decoding=\"async\" class=\"alignleft size-medium wp-image-7067\" src=\"https:\/\/ml2mintiuscj.i.optimole.com\/w:300\/h:200\/q:mauto\/f:best\/https:\/\/website.ifit.li\/wp-content\/uploads\/2016\/05\/Generalaudienz-von-Papst-Franziskus-am-4.-Mai-2016.jpeg\" alt=\"Bild: L'Osservatore Romano\" width=\"300\" height=\"200\" srcset=\"https:\/\/ml2mintiuscj.i.optimole.com\/w:300\/h:200\/q:mauto\/f:best\/https:\/\/website.ifit.li\/wp-content\/uploads\/2016\/05\/Generalaudienz-von-Papst-Franziskus-am-4.-Mai-2016.jpeg 300w, https:\/\/ml2mintiuscj.i.optimole.com\/w:768\/h:512\/q:mauto\/f:best\/https:\/\/website.ifit.li\/wp-content\/uploads\/2016\/05\/Generalaudienz-von-Papst-Franziskus-am-4.-Mai-2016.jpeg 768w, https:\/\/ml2mintiuscj.i.optimole.com\/w:800\/h:533\/q:mauto\/f:best\/https:\/\/website.ifit.li\/wp-content\/uploads\/2016\/05\/Generalaudienz-von-Papst-Franziskus-am-4.-Mai-2016.jpeg 800w\" sizes=\"(max-width: 300px) 100vw, 300px\" \/><\/a>Der wahre Reichtum eines Christen ist nicht der materielle Besitz, sondern Jesus Christus. Das sagte Papst Franziskus bei seiner Mittwochskatechese am 8. Mai 2013 auf dem Petersplatz. Vor Tausenden von Pilgern und Besuchern f\u00fchrte er bei strahlendem Sonnenschein aus:\u00a0\u201eDer Mensch ist wie ein Pilger, der die W\u00fcste des Lebens durchquert und den Durst nach lebendigem, sprudelndem und frischem Wasser versp\u00fcrt, das in der Lage ist, seinen tiefen Wunsch nach Licht, Sch\u00f6nheit und Frieden zu stillen. Alle f\u00fchlen wir diesen Wunsch! Und Jesus schenkt uns dieses lebendige Wasser: Es ist der Heilige Geist, der vom Vater kommt und den Jesus in unsere Herzen gie\u00dft. ,Ich bin gekommen, damit sie das Leben haben und es in F\u00fclle haben&#8216;, sagt Jesus&#187; (<a title=\"Johannes 10,10\" href=\"http:\/\/www.bibleserver.com\/text\/EU\/Johannes10.10\" target=\"_blank\" rel=\"noopener\"><span style=\"text-decoration: underline;\"><span style=\"color: #0066cc;\">Johannes 10,10<\/span><\/span><\/a>).<\/p>\n<audio class=\"wp-audio-shortcode\" id=\"audio-4892-1\" preload=\"none\" style=\"width: 100%;\" controls=\"controls\"><source type=\"audio\/mpeg\" src=\"https:\/\/website.ifit.li\/wp-content\/uploads\/2013\/05\/2013-05-08-7.-Generalaudienz-mit-Papst-Franziskus-in-der-6.-Osterwoche-1.mp3?_=1\" \/><a href=\"https:\/\/website.ifit.li\/wp-content\/uploads\/2013\/05\/2013-05-08-7.-Generalaudienz-mit-Papst-Franziskus-in-der-6.-Osterwoche-1.mp3\">https:\/\/website.ifit.li\/wp-content\/uploads\/2013\/05\/2013-05-08-7.-Generalaudienz-mit-Papst-Franziskus-in-der-6.-Osterwoche-1.mp3<\/a><\/audio>\n<p><!--more-->Papst Franziskus hob vor dem Pfingstfest die zentrale Rolle des Heiligen Geistes f\u00fcr den christlichen Glauben hervor. Gerade die Liturgie der Osterzeit weise immer wieder auf den Heiligen Geist hin, so der Papst weiter. Im Gro\u00dfen Glaubensbekenntnis bekennen die Gl\u00e4ubigen, dass der der Heilige Geist \u201elebendig macht.\u201c\u00a0\u201eDas hei\u00dft, dass er wahrer Gott ist sowie es auch der Vater und der Sohn sind. Daher kommt ihm gleich den beiden anderen g\u00f6ttlichen Personen Anbetung und Verherrlichung zu. Der Heilige Geist ist die dritte Person der heiligen Dreifaltigkeit; er ist das gro\u00dfe Geschenk des auferstandenen Christus, der uns erleuchtet und unsere Herzen im Glauben zu Jesus als den gesandten Sohn und zur Freundschaft hinf\u00fchrt, in Gemeinschaft mit Gott.\u201c\u00a0Aufgabe eines Christen sei es daher, die Mitmenschen einzuladen, \u201esich auf diese Beziehung des Vertrauens, der Freiheit und des Vertrauens zur Liebe und zum Erbarmen Gottes einzulassen\u201c. Unter den deutschsprachigen G\u00e4sten gr\u00fc\u00dfte Papst Franziskus insbesondere die Angeh\u00f6rigen und Freunde der neuen Schweizergardisten, die aus Anlass der Vereidigung nach Rom gekommen sind.<\/p>\n<blockquote><p>\u201eLassen wir uns ein auf die Freundschaft mit Christus. Im H\u00f6ren auf sein Wort und in der Anbetung seines heiligsten Leibes, der in der Eucharistie gegenw\u00e4rtig ist, werde er uns zur Quelle neuen Lebens. Der Herr segne euch und begleite euch auf all euren Wegen!\u201c<\/p><\/blockquote>\n<h3>Weitere Hinweise und Quellen<\/h3>\n<ul>\n<li>Libreria Editrice Vaticana: <a href=\"http:\/\/w2.vatican.va\/content\/francesco\/de\/audiences\/2013\/documents\/papa-francesco_20130508_udienza-generale.html\" target=\"_blank\" rel=\"noopener\">Generalaudienz mit Papst Franziskus am 8. Mai 2013<\/a><\/li>\n<li>Radio Vatikan Audiodokument Artikel 690120 von Mario Galgano:\u00a0<a href=\"http:\/\/de.radiovaticana.va\/news\/2013\/05\/08\/generalaudienz:_\u201ejesus_ist_der_wahre_reichtum\u201c\/ted-690120\" target=\"_blank\" rel=\"noopener\"><span id=\"content\">Generalaudienz: \u201eJesus ist der wahre Reichtum\u201c<\/span><\/a><\/li>\n<li>Radio Horeb: <a title=\"Podcast zur Generalaudienz vom 8. Mai 2013\" href=\"http:\/\/www.horeb.org\/xyz\/podcast\/papstaudienz\/20130508audienz.mp3\" target=\"_blank\" rel=\"noopener\">Podcast zur Generalaudienz vom 8. Mai 2013<\/a><\/li>\n<li>ZENIT (Link vergriffen): Katechese von Papst Franziskus w\u00e4hrend der Generalaudienz am 8. Mai 2013<\/li>\n<li>Katechismus:\u00a0<a href=\"https:\/\/website.ifit.li\/?p=4895\" target=\"_blank\" rel=\"noopener\">Katholische Lehre \u00fcber Gott den Heiligen Geist, eines Wesens mit dem Vater und dem Sohn<\/a><\/li>\n<li>\u21d2 <a href=\"https:\/\/website.ifit.li\/?p=5041\" target=\"_blank\" rel=\"noopener\">Jahr des Glaubens<\/a><\/li>\n<\/ul>\n","protected":false},"excerpt":{"rendered":"<p>23. Katechese zum Jahr des Glaubens von Papst Franziskus Der wahre Reichtum eines Christen ist nicht der materielle Besitz, sondern Jesus Christus. Das sagte Papst Franziskus bei seiner Mittwochskatechese am 8. Mai 2013 auf dem Petersplatz. Vor Tausenden von Pilgern und Besuchern f\u00fchrte er bei strahlendem Sonnenschein aus:\u00a0\u201eDer Mensch ist wie ein Pilger, der die &hellip; <a href=\"https:\/\/website.ifit.li\/?p=4892\" class=\"more-link\"><span class=\"screen-reader-text\">Der Heilige Geist ist wahrer Gott sowie es auch der Vater und der Sohn sind<\/span> weiterlesen <span class=\"meta-nav\">&rarr;<\/span><\/a><\/p>\n","protected":false},"author":1,"featured_media":6375,"comment_status":"closed","ping_status":"open","sticky":false,"template":"","format":"standard","meta":{"footnotes":""},"categories":[292,2],"tags":[129,217,234,278,215,187,280,281,279,103,104,208,31,58,233,394,395],"class_list":["post-4892","post","type-post","status-publish","format-standard","has-post-thumbnail","hentry","category-jahr-des-glaubens","category-kirche","tag-barmherzigkeit","tag-christentum","tag-dreifaltigkeit","tag-freiheit","tag-friede","tag-glauben","tag-gott-sohn-jesus-christus","tag-gott-vater","tag-gott-heiliger-geist","tag-jahr-des-glaubens","tag-katechese","tag-leben","tag-liebe","tag-papst-franziskus","tag-person","tag-schoenheit","tag-wasser"],"_links":{"self":[{"href":"https:\/\/website.ifit.li\/index.php?rest_route=\/wp\/v2\/posts\/4892","targetHints":{"allow":["GET"]}}],"collection":[{"href":"https:\/\/website.ifit.li\/index.php?rest_route=\/wp\/v2\/posts"}],"about":[{"href":"https:\/\/website.ifit.li\/index.php?rest_route=\/wp\/v2\/types\/post"}],"author":[{"embeddable":true,"href":"https:\/\/website.ifit.li\/index.php?rest_route=\/wp\/v2\/users\/1"}],"replies":[{"embeddable":true,"href":"https:\/\/website.ifit.li\/index.php?rest_route=%2Fwp%2Fv2%2Fcomments&post=4892"}],"version-history":[{"count":9,"href":"https:\/\/website.ifit.li\/index.php?rest_route=\/wp\/v2\/posts\/4892\/revisions"}],"predecessor-version":[{"id":37549,"href":"https:\/\/website.ifit.li\/index.php?rest_route=\/wp\/v2\/posts\/4892\/revisions\/37549"}],"wp:featuredmedia":[{"embeddable":true,"href":"https:\/\/website.ifit.li\/index.php?rest_route=\/wp\/v2\/media\/6375"}],"wp:attachment":[{"href":"https:\/\/website.ifit.li\/index.php?rest_route=%2Fwp%2Fv2%2Fmedia&parent=4892"}],"wp:term":[{"taxonomy":"category","embeddable":true,"href":"https:\/\/website.ifit.li\/index.php?rest_route=%2Fwp%2Fv2%2Fcategories&post=4892"},{"taxonomy":"post_tag","embeddable":true,"href":"https:\/\/website.ifit.li\/index.php?rest_route=%2Fwp%2Fv2%2Ftags&post=4892"}],"curies":[{"name":"wp","href":"https:\/\/api.w.org\/{rel}","templated":true}]}}