{"id":4887,"date":"2013-05-01T13:37:16","date_gmt":"2013-05-01T11:37:16","guid":{"rendered":"https:\/\/website.ifit.li\/?p=4887"},"modified":"2021-10-20T15:11:43","modified_gmt":"2021-10-20T13:11:43","slug":"nicht-sklavenarbeit-nicht-egoistischer-profit-nein-arbeit-heisst-vielmehr-am-plan-der-schoepfung-teilzuhaben","status":"publish","type":"post","link":"https:\/\/website.ifit.li\/?p=4887","title":{"rendered":"Nicht Sklavenarbeit, nicht egoistischer Profit, nein, Arbeit heisst vielmehr, am Plan der Sch\u00f6pfung teilzuhaben"},"content":{"rendered":"<h2>22. Katechese zum Jahr des Glaubens von Papst Franziskus<\/h2>\n<p><img data-opt-id=268388314  fetchpriority=\"high\" decoding=\"async\" class=\"alignleft size-full wp-image-6273\" src=\"https:\/\/ml2mintiuscj.i.optimole.com\/w:auto\/h:auto\/q:mauto\/f:best\/https:\/\/website.ifit.li\/wp-content\/uploads\/2015\/11\/Genealaudienz-mit-Papst-Franziskus.jpg\" alt=\"Bild: L'Osservatore Romano\" width=\"266\" height=\"189\" \/>Ein deutliches \u201eNein\u201c zur Arbeit, die in Sklaverei m\u00fcndet und zum egoistischen Profitdenken kommt von Papst Franziskus bei seiner Generalaudienz am Mittwoch, 1. Mai 2013. Arbeit hei\u00dfe vielmehr, am Plan der Sch\u00f6pfung teilzuhaben, sagte er auf dem vollbepackten Petersplatz. Im Evangelium werde berichtet, dass sich die Menschen wunderten, dass da der \u201aSohn eines Zimmermanns\u2019 vor ihnen stehe. Josef \u2013 der Heilige des heutigen Hochfestes \u2013 habe Jesus in seiner Jugend gesch\u00fctzt, ihn aber auch in die Welt der Arbeit eingef\u00fchrt, also in die Anstrengungen, M\u00fchen und Befriedigung, aber auch die Schwierigkeiten des Arbeitsalltags.<\/p>\n<audio class=\"wp-audio-shortcode\" id=\"audio-4887-1\" preload=\"none\" style=\"width: 100%;\" controls=\"controls\"><source type=\"audio\/mpeg\" src=\"https:\/\/website.ifit.li\/wp-content\/uploads\/2013\/05\/2013-05-01-6.-Generalaudienz-mit-Papst-Franziskus-in-der-5.-Osterwoche-1.mp3?_=1\" \/><a href=\"https:\/\/website.ifit.li\/wp-content\/uploads\/2013\/05\/2013-05-01-6.-Generalaudienz-mit-Papst-Franziskus-in-der-5.-Osterwoche-1.mp3\">https:\/\/website.ifit.li\/wp-content\/uploads\/2013\/05\/2013-05-01-6.-Generalaudienz-mit-Papst-Franziskus-in-der-5.-Osterwoche-1.mp3<\/a><\/audio>\n<p><!--more-->\u201eDas erinnert uns an die W\u00fcrde und die Wichtigkeit der Arbeit. Das Buch Genesis erz\u00e4hlt, dass Gott den Menschen schuf und ihm die Aufgabe \u00fcbertrug, die Erde zu f\u00fcllen und sie zu unterwerfen, was aber nicht ausbeuten bedeutet, sondern kultivieren und besch\u00fctzen, sich um sie sorgen. Die Arbeit ist Teil des Plans der Liebe Gottes; wir sind gerufen, alle G\u00fcter der Sch\u00f6pfung zu bewahren und so an der Sch\u00f6pfung teilzuhaben!\u201c Arbeit sei grundlegend f\u00fcr die W\u00fcrde einer Person, so der Papst. Diese W\u00fcrde mache uns Gott gleich, der arbeite und sich immer m\u00fche. Er denke an all die Menschen, vor allem die Jugendlichen, die keine Arbeit h\u00e4tten &#8211; vor allem, weil man in der Gesellschaft oft nur nach wirtschaftlichen Interessen vorgehe und egoistischen Profit suche.\u00a0\u201eIch m\u00f6chte jeden zur Solidarit\u00e4t mit ihnen einladen und die Verantwortlichen f\u00fcr das Gemeinwohl m\u00f6chte ich aufrufen, jede Anstrengung zu unternehmen, mehr Arbeit zu schaffen. Denn das bedeutet, sich f\u00fcr die W\u00fcrde des Menschen einzusetzen.\u201c<\/p>\n<p>Dann aber schr\u00e4nkte der Papst ein: Nicht alle Arbeit sei f\u00f6rderlich f\u00fcr die W\u00fcrde:\u00a0\u201eIch m\u00f6chte ein Wort \u00fcber eine besondere Situation anf\u00fcgen, die mich besorgt: Ich beziehe mich auf das, was wir \u201aSklavenarbeit\u2019 nennen k\u00f6nnen. Wie viele Menschen auf der ganzen Welt sind Opfer dieser Art Sklaverei, in der die Person der Arbeit dient und nicht umgekehrt. Ich rufe alle Br\u00fcder und Schwestern dazu auf, sich gegen den Menschenhandel zu wenden, zu dem diese Sklavenarbeit geh\u00f6rt.\u201c<\/p>\n<p>Josef der Arbeiter, wie der Heilige an diesem 1. Mai genannt wird, habe mit Maria einen gemeinsamen Fokus ihrer Aufmerksamkeit gehabt: Jesus. Auch das Denken und Sprechen von der Arbeit brauche sein Zentrum in ihm. \u201eJeder von uns, vor allem ihr jungen Menschen, muss sich fragen: Wie viel Raum gebe ich dem Herrn? Habe ich Zeit, mit ihm zu sprechen? Denken wir in unserem Alltag immer mehr an unseren Herrn!\u201c<\/p>\n<h3>Weitere Hinweise und Quellen<\/h3>\n<ul>\n<li>Libreria Editrice Vaticana: <a href=\"http:\/\/w2.vatican.va\/content\/francesco\/de\/audiences\/2013\/documents\/papa-francesco_20130501_udienza-generale.html\" target=\"_blank\" rel=\"noopener\">Generalaudienz mit Papst Franziskus am 1. Mai 2013<\/a><\/li>\n<li>Radio Vatikan Audiodokument Artikel 687949 von P. Bernd Hagenkord: <a href=\"http:\/\/de.radiovaticana.va\/news\/2013\/05\/01\/papst_franziskus_zum_1._mai:_\u201earbeit_hei\u00dft_an_der_sch\u00f6pfung_teilhaben\u201c\/ted-687949\" target=\"_blank\" rel=\"noopener\"><span id=\"content\">Papst Franziskus zum 1. Mai: \u201eArbeit hei\u00dft an der Sch\u00f6pfung teilhaben\u201c<\/span><\/a><\/li>\n<li>Radio Horeb: <a title=\"Podcast zur Generalaudienz vom 1. Mai 2013\" href=\"http:\/\/www.horeb.org\/xyz\/podcast\/papstaudienz\/20130501audienz.mp3\" target=\"_blank\" rel=\"noopener\">Podcast zur Generalaudienz vom 1. Mai 2013<\/a><\/li>\n<li>ZENIT (Link vergriffen): Katechese von Papst Franziskus w\u00e4hrend der Generalaudienz am 1. Mai 2013<\/li>\n<li>\u21d2 <a href=\"https:\/\/website.ifit.li\/?p=5041\" target=\"_blank\" rel=\"noopener\">Jahr des Glaubens<\/a><\/li>\n<\/ul>\n","protected":false},"excerpt":{"rendered":"<p>22. Katechese zum Jahr des Glaubens von Papst Franziskus Ein deutliches \u201eNein\u201c zur Arbeit, die in Sklaverei m\u00fcndet und zum egoistischen Profitdenken kommt von Papst Franziskus bei seiner Generalaudienz am Mittwoch, 1. Mai 2013. Arbeit hei\u00dfe vielmehr, am Plan der Sch\u00f6pfung teilzuhaben, sagte er auf dem vollbepackten Petersplatz. Im Evangelium werde berichtet, dass sich die &hellip; <a href=\"https:\/\/website.ifit.li\/?p=4887\" class=\"more-link\"><span class=\"screen-reader-text\">Nicht Sklavenarbeit, nicht egoistischer Profit, nein, Arbeit heisst vielmehr, am Plan der Sch\u00f6pfung teilzuhaben<\/span> weiterlesen <span class=\"meta-nav\">&rarr;<\/span><\/a><\/p>\n","protected":false},"author":1,"featured_media":10287,"comment_status":"closed","ping_status":"open","sticky":false,"template":"","format":"standard","meta":{"footnotes":""},"categories":[292,2],"tags":[222,145,237,389,280,371,103,104,9,58,233,169,393,186],"class_list":["post-4887","post","type-post","status-publish","format-standard","has-post-thumbnail","hentry","category-jahr-des-glaubens","category-kirche","tag-analogie","tag-arbeit","tag-begriff","tag-generalaudienz","tag-gott-sohn-jesus-christus","tag-gottesmutter-maria","tag-jahr-des-glaubens","tag-katechese","tag-logik","tag-papst-franziskus","tag-person","tag-relativismus","tag-urteil","tag-wahrheit"],"_links":{"self":[{"href":"https:\/\/website.ifit.li\/index.php?rest_route=\/wp\/v2\/posts\/4887","targetHints":{"allow":["GET"]}}],"collection":[{"href":"https:\/\/website.ifit.li\/index.php?rest_route=\/wp\/v2\/posts"}],"about":[{"href":"https:\/\/website.ifit.li\/index.php?rest_route=\/wp\/v2\/types\/post"}],"author":[{"embeddable":true,"href":"https:\/\/website.ifit.li\/index.php?rest_route=\/wp\/v2\/users\/1"}],"replies":[{"embeddable":true,"href":"https:\/\/website.ifit.li\/index.php?rest_route=%2Fwp%2Fv2%2Fcomments&post=4887"}],"version-history":[{"count":7,"href":"https:\/\/website.ifit.li\/index.php?rest_route=\/wp\/v2\/posts\/4887\/revisions"}],"predecessor-version":[{"id":38533,"href":"https:\/\/website.ifit.li\/index.php?rest_route=\/wp\/v2\/posts\/4887\/revisions\/38533"}],"wp:featuredmedia":[{"embeddable":true,"href":"https:\/\/website.ifit.li\/index.php?rest_route=\/wp\/v2\/media\/10287"}],"wp:attachment":[{"href":"https:\/\/website.ifit.li\/index.php?rest_route=%2Fwp%2Fv2%2Fmedia&parent=4887"}],"wp:term":[{"taxonomy":"category","embeddable":true,"href":"https:\/\/website.ifit.li\/index.php?rest_route=%2Fwp%2Fv2%2Fcategories&post=4887"},{"taxonomy":"post_tag","embeddable":true,"href":"https:\/\/website.ifit.li\/index.php?rest_route=%2Fwp%2Fv2%2Ftags&post=4887"}],"curies":[{"name":"wp","href":"https:\/\/api.w.org\/{rel}","templated":true}]}}