{"id":4884,"date":"2013-04-24T22:00:31","date_gmt":"2013-04-24T20:00:31","guid":{"rendered":"https:\/\/website.ifit.li\/?p=4884"},"modified":"2021-10-20T15:11:38","modified_gmt":"2021-10-20T13:11:38","slug":"aus-dem-glaubensbekenntnis-von-dort-wird-er-kommen-zu-richten-die-lebenden-und-die-toten","status":"publish","type":"post","link":"https:\/\/website.ifit.li\/?p=4884","title":{"rendered":"Aus dem Glaubensbekenntnis: Von dort wird er kommen, zu richten die Lebenden und die Toten"},"content":{"rendered":"<h2>21. Katechese zum Jahr des Glaubens von Papst Franziskus<\/h2>\n<p><img data-opt-id=268388314  fetchpriority=\"high\" decoding=\"async\" class=\"alignleft size-full wp-image-6273\" src=\"https:\/\/ml2mintiuscj.i.optimole.com\/w:auto\/h:auto\/q:mauto\/f:best\/https:\/\/website.ifit.li\/wp-content\/uploads\/2015\/11\/Genealaudienz-mit-Papst-Franziskus.jpg\" alt=\"Bild: L'Osservatore Romano\" width=\"266\" height=\"189\" \/>Das Sprechen vom J\u00fcngsten Gericht ist kein Grund, Angst zu haben oder zu machen. Mit diesem Gedanken erl\u00e4uterte Papst Franziskus am Mittwoch, 24. April\u00a0bei der Generalaudienz einen weiteren Vers des Glaubensbekenntnisses. Der Petersplatz war wieder \u00fcbervoll, der Platz davor auch, und die Menschen standen bis weit in die breite Zugangsstra\u00dfe, die Via della Conciliazione hinein, um den Papst zu h\u00f6ren und zu sehen.\u00a0\u201eVon dort wird er kommen, zu richten die Lebenden und die Toten\u201c: Dieser Vers des Glaubensbekenntnisses war das Thema der Katechese des Papstes. Er dr\u00fccke die Spannung aus, die in der Welt sei: Sie habe begonnen mit der Sch\u00f6pfung des Menschen nach Gottes Antlitz und sie ende im j\u00fcngsten Gericht.\u00a0\u201eDie beiden Pole der Geschichte werden leicht vergessen, und vor allem der Glaube in die Wiederkunft Christi und das Gericht, er ist oft nicht klar und wird in den Herzen der Gl\u00e4ubigen \u00fcbergangen. Jesus selber hat w\u00e4hrend seines \u00f6ffentlichen Auftretens immer wieder von der Wirklichkeit seines Wiederkommens gesprochen.\u201c<\/p>\n<audio class=\"wp-audio-shortcode\" id=\"audio-4884-1\" preload=\"none\" style=\"width: 100%;\" controls=\"controls\"><source type=\"audio\/mpeg\" src=\"https:\/\/website.ifit.li\/wp-content\/uploads\/2013\/04\/2013-04-24-5.-Generalaudienz-mit-Papst-Franziskus-in-der-4.-Osterwoche-1.mp3?_=1\" \/><a href=\"https:\/\/website.ifit.li\/wp-content\/uploads\/2013\/04\/2013-04-24-5.-Generalaudienz-mit-Papst-Franziskus-in-der-4.-Osterwoche-1.mp3\">https:\/\/website.ifit.li\/wp-content\/uploads\/2013\/04\/2013-04-24-5.-Generalaudienz-mit-Papst-Franziskus-in-der-4.-Osterwoche-1.mp3<\/a><\/audio>\n<p><!--more-->Papst Franziskus legte die Bibelstellen aus, in denen von der Wiederkunft und dem Gericht die Rede ist [vgl. <a title=\"Matth\u00e4us 24,32-42\" href=\"http:\/\/www.bibleserver.com\/text\/EU\/Matth%C3%A4us24.32-42\" target=\"_blank\" rel=\"noopener\"><span style=\"text-decoration: underline;\"><span style=\"color: #0066cc;\">Matth\u00e4us 24,32-42<\/span><\/span><\/a>]. So stelle das Gleichnis von den klugen und t\u00f6richten Jungfrauen [siehe <a title=\"Matth\u00e4us 25,1-13\" href=\"http:\/\/www.bibleserver.com\/text\/EU\/Matth%C3%A4us25.1-13\" target=\"_blank\" rel=\"noopener\"><span style=\"text-decoration: underline;\"><span style=\"color: #0066cc;\">Matth\u00e4us 25,1-13<\/span><\/span><\/a>] erinnere den Glauben heute, dass es Aufmerksamkeit brauche: Zu den T\u00f6richten sagt der Herr, dass er sie nicht kenne. Das Warten sei eine Zeit der Gnade.<\/p>\n<p>\u201eEs ist die Zeit, die Gott und gibt, und allen, eine Zeit, gottgem\u00e4\u00df zu leben, denn wir kennen weder den Tag, noch die Stunde der Wiederkunft Christi. Was Gott von uns erwartet, ist bereit zu sein f\u00fcr die Begegnung mit Jesus. Das bedeutet, die Zeichen seiner Anwesenheit zu erkennen, den Glauben im Gebet und den Sakramenten lebendig zu halten, um nicht einzuschlafen und Gott zu vergessen. Das Leben der eingeschlafenen Christen ist traurig, es ist kein gl\u00fcckliches Leben. Das Leben der Christen muss froh sein, in der Freude Jesu leben, nicht einschl\u00e4fernd.\u201c<\/p>\n<p>Das zweite Gleichnis in der Papstkatechese war das von den Talenten, die jeder Mensch bekommen habe, und die es zu entwickeln und zu pflegen gelte. Sie seien nicht f\u00fcr uns selbst bestimmt, sondern f\u00fcr alle und f\u00fcr Gott. Wer als Christ seine Gaben in sich selbst einschlie\u00dfe, sei kein Christ, so der Papst. Und zuletzt ging der Papst auf die Erz\u00e4hlung des Gerichtes ein, wie Jesus die Menschen teilt in jene, die ihn besucht oder bedeckt oder geholfen h\u00e4tten, und jene, die das nicht getan h\u00e4tten. \u201eDas sagt uns, dass wir von Gott an der Liebe gemessen werden, wie wir den N\u00e4chsten und besonders die Schwachen und Bed\u00fcrftigen geliebt haben. Nat\u00fcrlich sind wir bereits durch Gottes Gnade gerettet, durch Gottes freies Tun, von uns aus k\u00f6nnen wir nichts tun, der Glaube ist ein Geschenk. Aber um Frucht zu tragen will diese Gnade, dass wir uns Gott \u00f6ffnen.\u201c<\/p>\n<p>Damit sei das Gericht auch nichts, was uns Angst machen m\u00fcsste, so der Papst. \u201eGott bietet uns in Barmherzigkeit und Geduld diese Zeit, so dass wir jeden Tag ihn in den Armen und Kleinen erkennen, dass wir wach seien im Gebet und in der Liebe. Der Herr erkenne uns am Ende unserer Tage als gute und treue Diener!\u201c<\/p>\n<h3>Weitere Hinweise und Quellen<\/h3>\n<ul>\n<li>Libreria Editrice Vaticana: <a href=\"http:\/\/w2.vatican.va\/content\/francesco\/de\/audiences\/2013\/documents\/papa-francesco_20130424_udienza-generale.html\" target=\"_blank\" rel=\"noopener\">Generalaudienz mit Papst Franziskus am 3. April 2013<\/a><\/li>\n<li>Radio Vatikan Audiodokument Artikel 685905 von P. Bernd Hagenkord, Stefan von Kempis: <a href=\"http:\/\/de.radiovaticana.va\/news\/2013\/04\/24\/papst_franziskus:_wer_alles_f\u00fcr_sich_behalten_will,_ist_kein_christ\/ted-685905\" target=\"_blank\" rel=\"noopener\">Papst Franziskus: Wer alles f\u00fcr sich behalten will, ist kein Christ<\/a><\/li>\n<li>Radio Horeb: <a title=\"Podcast zur Generalaudienz vom 24. April 2013\" href=\"http:\/\/www.horeb.org\/xyz\/podcast\/papstaudienz\/20130424audienz.mp3\" target=\"_blank\" rel=\"noopener\">Podcast zur Generalaudienz vom 24. April 2013<\/a><\/li>\n<li>ZENIT (Link vergriffen): Katechese von Papst Franziskus w\u00e4hrend der Generalaudienz am 24. April 2013<\/li>\n<li>\u21d2 <a href=\"https:\/\/website.ifit.li\/?p=5041\" target=\"_blank\" rel=\"noopener\">Jahr des Glaubens<\/a><\/li>\n<\/ul>\n","protected":false},"excerpt":{"rendered":"<p>21. Katechese zum Jahr des Glaubens von Papst Franziskus Das Sprechen vom J\u00fcngsten Gericht ist kein Grund, Angst zu haben oder zu machen. Mit diesem Gedanken erl\u00e4uterte Papst Franziskus am Mittwoch, 24. April\u00a0bei der Generalaudienz einen weiteren Vers des Glaubensbekenntnisses. Der Petersplatz war wieder \u00fcbervoll, der Platz davor auch, und die Menschen standen bis weit &hellip; <a href=\"https:\/\/website.ifit.li\/?p=4884\" class=\"more-link\"><span class=\"screen-reader-text\">Aus dem Glaubensbekenntnis: Von dort wird er kommen, zu richten die Lebenden und die Toten<\/span> weiterlesen <span class=\"meta-nav\">&rarr;<\/span><\/a><\/p>\n","protected":false},"author":1,"featured_media":10264,"comment_status":"closed","ping_status":"open","sticky":false,"template":"","format":"standard","meta":{"footnotes":""},"categories":[292,2],"tags":[129,217,232,230,390,389,391,392,187,229,280,173,103,104,208,58,128,245],"class_list":["post-4884","post","type-post","status-publish","format-standard","has-post-thumbnail","hentry","category-jahr-des-glaubens","category-kirche","tag-barmherzigkeit","tag-christentum","tag-freude","tag-gebet","tag-geduld","tag-generalaudienz","tag-gericht","tag-geschichtlichkeit","tag-glauben","tag-gnade","tag-gott-sohn-jesus-christus","tag-herz","tag-jahr-des-glaubens","tag-katechese","tag-leben","tag-papst-franziskus","tag-sakrament","tag-zeit"],"_links":{"self":[{"href":"https:\/\/website.ifit.li\/index.php?rest_route=\/wp\/v2\/posts\/4884","targetHints":{"allow":["GET"]}}],"collection":[{"href":"https:\/\/website.ifit.li\/index.php?rest_route=\/wp\/v2\/posts"}],"about":[{"href":"https:\/\/website.ifit.li\/index.php?rest_route=\/wp\/v2\/types\/post"}],"author":[{"embeddable":true,"href":"https:\/\/website.ifit.li\/index.php?rest_route=\/wp\/v2\/users\/1"}],"replies":[{"embeddable":true,"href":"https:\/\/website.ifit.li\/index.php?rest_route=%2Fwp%2Fv2%2Fcomments&post=4884"}],"version-history":[{"count":7,"href":"https:\/\/website.ifit.li\/index.php?rest_route=\/wp\/v2\/posts\/4884\/revisions"}],"predecessor-version":[{"id":38532,"href":"https:\/\/website.ifit.li\/index.php?rest_route=\/wp\/v2\/posts\/4884\/revisions\/38532"}],"wp:featuredmedia":[{"embeddable":true,"href":"https:\/\/website.ifit.li\/index.php?rest_route=\/wp\/v2\/media\/10264"}],"wp:attachment":[{"href":"https:\/\/website.ifit.li\/index.php?rest_route=%2Fwp%2Fv2%2Fmedia&parent=4884"}],"wp:term":[{"taxonomy":"category","embeddable":true,"href":"https:\/\/website.ifit.li\/index.php?rest_route=%2Fwp%2Fv2%2Fcategories&post=4884"},{"taxonomy":"post_tag","embeddable":true,"href":"https:\/\/website.ifit.li\/index.php?rest_route=%2Fwp%2Fv2%2Ftags&post=4884"}],"curies":[{"name":"wp","href":"https:\/\/api.w.org\/{rel}","templated":true}]}}