{"id":4874,"date":"2013-04-03T18:08:00","date_gmt":"2013-04-03T16:08:00","guid":{"rendered":"https:\/\/website.ifit.li\/?p=4874"},"modified":"2021-10-20T15:11:12","modified_gmt":"2021-10-20T13:11:12","slug":"ohne-diesen-glauben-an-tod-und-auferstehung-christi-ist-unsere-hoffnung-schwach-nicht-einmal-eine-wirkliche-hoffnung","status":"publish","type":"post","link":"https:\/\/website.ifit.li\/?p=4874","title":{"rendered":"Ohne diesen Glauben an Tod und Auferstehung Christi ist unsere Hoffnung schwach, nicht einmal eine wirkliche Hoffnung"},"content":{"rendered":"<h2>18. Katechese zum Jahr des Glaubens von Papst Franziskus<\/h2>\n<p><img data-opt-id=268388314  fetchpriority=\"high\" decoding=\"async\" class=\"alignleft size-full wp-image-6273\" src=\"https:\/\/ml2mintiuscj.i.optimole.com\/w:auto\/h:auto\/q:mauto\/f:best\/https:\/\/website.ifit.li\/wp-content\/uploads\/2015\/11\/Genealaudienz-mit-Papst-Franziskus.jpg\" alt=\"Bild: L'Osservatore Romano\" width=\"266\" height=\"189\" \/>Bei seiner zweiten Generalaudienz auf dem Petersplatz sprach Papst Franziskus am Mittwoch, 3. April\u00a0besonders die jungen Gl\u00e4ubigen sowie die Frauen an. Sie alle forderte er auf, den Glauben weiter zu tragen. Der Rahmen der Generalaudienz war der Fortf\u00fchrung der Katechesereihe gewidmet, die sein Vorg\u00e4nger Benedikt XVI. begonnen hatte. Der Papst widmete sich ausf\u00fchrlich dem Glaubensbekenntnis und der Aussage: \u201eam dritten Tage auferstanden nach der Schrift\u201c:\u00a0\u201eDer Tod und die Auferstehung Jesu sind wirklich das Herz unserer Hoffnung. Ohne diesen Glauben an den Tod und die Auferstehung Jesu ist unsere Hoffnung schwach, sie ist nicht einmal eine wirkliche Hoffnung. Es sind grade der Tod und die Auferstehung Jesu, die das Herz unserer Hoffnung sind. [\u2026]<\/p>\n<audio class=\"wp-audio-shortcode\" id=\"audio-4874-1\" preload=\"none\" style=\"width: 100%;\" controls=\"controls\"><source type=\"audio\/mpeg\" src=\"https:\/\/website.ifit.li\/wp-content\/uploads\/2013\/04\/2013-04-03-2.-Generalaudienz-mit-Papst-Franziskus-in-der-1.-Osterwoche.mp3?_=1\" \/><a href=\"https:\/\/website.ifit.li\/wp-content\/uploads\/2013\/04\/2013-04-03-2.-Generalaudienz-mit-Papst-Franziskus-in-der-1.-Osterwoche.mp3\">https:\/\/website.ifit.li\/wp-content\/uploads\/2013\/04\/2013-04-03-2.-Generalaudienz-mit-Papst-Franziskus-in-der-1.-Osterwoche.mp3<\/a><\/audio>\n<p><!--more-->Leider wurde oft versucht, den Glauben an die Auferstehung Jesu zu verdunkeln, und auch unter den Gl\u00e4ubigen selbst wurden Zweifel erweckt. Das ist ein \u201aRosenwasserglaube\u2019, wie wir sagen. Das ist kein starker Glaube.\u201c\u00a0Diese \u201aVerw\u00e4sserung\u2019 des Glaubens sei aus Oberfl\u00e4chlichkeit geschehen, oder aus Gleichg\u00fcltigkeit in einer Zeit, in der die Menschen mit tausend Sachen besch\u00e4ftigt seien, die sie f\u00fcr wichtiger hielten als den Glauben, so Franziskus. Dabei sei es gerade die Auferstehung, die den Christen die gr\u00f6\u00dfte Hoffnung er\u00f6ffne &#8211; denn sie \u00f6ffne das Leben zur ewigen Zukunft Gottes hin, zur vollen Freude und zur Gewissheit, dass das B\u00f6se und die S\u00fcnde besiegt werden k\u00f6nnen. Es gebe zwei Arten, diesen Glauben zu bezeugen: Das Glaubensbekenntnis mit einpr\u00e4gsamen Formeln, die auf das Zentrum des Glaubens hinweisen und die Erz\u00e4hlung der Auferstehung und ihrer Fakten. Auf diesen zweiten Punkt ging Franziskus n\u00e4her ein:\u00a0\u201eZun\u00e4chst einmal stellen wir fest, dass die ersten Zeugen dieses Ereignisses die Frauen waren. [\u2026] Die Frauen werden von der Liebe angetrieben und sie wissen diese Botschaft mit Glauben anzunehmen: Sie glauben und sie geben die Botschaft sofort weiter, sie behalten sie nicht f\u00fcr sich \u2013 sie geben sie weiter. Die Freude dar\u00fcber, dass Christus lebt, die Hoffnung erf\u00fcllt ihre Herzen, das k\u00f6nnen sie nicht f\u00fcr sich behalten. Und so sollte es auch in unserem Leben sein. Sp\u00fcren wir die Freude, Christen zu sein! Wir glauben an einen Auferstandenen, der das B\u00f6se und den Tod besiegt hat!\u201c<\/p>\n<p>Christen h\u00e4tten den Mut, \u201aherauszutreten\u2019 um diese Freude und dieses Licht an alle Orte ihres Lebens zu bringen. Die Auferstehung Christi sei die gr\u00f6\u00dfte Sicherheit, der wertvollste Schatz der Christen \u2013 ein Schatz, nicht nur f\u00fcr einen selbst, sondern um weitergegeben zu werden. Hier richtete Franziskus einen besonderen Appell an die Frauen:\u00a0\u201eDie ersten Zeugen der Auferstehung sind die Frauen. Und das ist sch\u00f6n, das ist ein bisschen auch die Mission der Frauen, der M\u00fctter, der Gro\u00dfm\u00fctter: Zeugnis ablegen gegen\u00fcber den Kindern, den Enkeln. Dass Jesus lebt, dass er auferstanden ist. M\u00fctter und Frauen: macht weiter mit diesem Zeugnis!\u201c<\/p>\n<p>Dass die Frauen laut Evangelium die ersten Zeugen der Auferstehung Jesu sind, ist laut Franziskus ein Beweis daf\u00fcr, dass die Evangelien nicht erfunden seien: Frauen und Kinder h\u00e4tten nach dem damaligen j\u00fcdischen Recht n\u00e4mlich keine Glaubw\u00fcrdigkeit als Zeugen besessen. Damals wie heute spielten Frauen hingegen eine besondere Rolle bei der Verk\u00fcndigung des christlichen Glaubens. Den Glauben zu bezeugen und weiterzugeben, das war auch ein besonderes Anliegen des Papstes den jungen Leuten gegen\u00fcber: \u201eEuch sage ich: Tragt diese Sicherheit weiter, der Herr lebt und er geht im Leben an unserer Seite. Das ist eure Mission. Gebt diese Hoffnung weiter. Seid verankert in dieser Hoffnung, diesem Anker im Himmel. Haltet die Kette fest, seid verankert und tragt diese Hoffnung weiter. Ihr, Zeugen Jesu, tragt das Zeugnis weiter, dass Jesus lebt und dass uns das Hoffnung gibt und dass es der Welt Hoffnung gibt, die ein bisschen alt geworden ist aufgrund der vielen Kriege, des Schlechten und der S\u00fcnde. Los geht\u2019s, ihr jungen Leute!\u201c<\/p>\n<p>Die deutschsprachigen Pilger gr\u00fc\u00dfte der Papst mit folgenden Worten:\u00a0\u201eMit Freude gr\u00fc\u00dfe ich alle Pilger und Besucher deutscher Sprache. Der auferstandene Christus ist auch unter uns gegenw\u00e4rtig. Wir k\u00f6nnen ihn wahrnehmen im H\u00f6ren auf sein Wort, mit dem er uns den Weg weist, der zum Leben f\u00fchrt. Er ist gegenw\u00e4rtig in der Eucharistie und er begleitet uns in unseren Werken der N\u00e4chstenliebe. Lassen wir uns von seiner Liebe verwandeln. Euch allen w\u00fcnsche ich eine gnadenreiche Osterzeit!\u201d<\/p>\n<h3>Weitere Hinweise und Quellen<\/h3>\n<ul>\n<li>Libreria Editrice Vaticana:\u00a0<a href=\"http:\/\/w2.vatican.va\/content\/francesco\/de\/audiences\/2013\/documents\/papa-francesco_20130403_udienza-generale.html\" target=\"_blank\" rel=\"noopener\">Generalaudienz mit Papst Franziskus am 3. April 2013<\/a><\/li>\n<li>Radio Vatikan Audiodokument (Text + MP3 + Real): <a title=\"Audiodokument 679304 von STA\" href=\"http:\/\/de.radiovaticana.va\/news\/2013\/04\/03\/franziskus:_\u201etragt_den_glauben_weiter!\u201c\/ted-679304\" target=\"_blank\" rel=\"noopener\">Artikel 679304 von STA<\/a><\/li>\n<li>Radio Horeb: <a title=\"Podcast zur Generalaudienz vom 3. April 2013\" href=\"http:\/\/www.horeb.org\/xyz\/podcast\/papstaudienz\/audienz_2013-04-03.mp3\" target=\"_blank\" rel=\"noopener\">Podcast zur Generalaudienz vom 3. April 2013<\/a><\/li>\n<li>ZENIT: Katechese von Papst Franziskus w\u00e4hrend der Generalaudienz am 3. April 2013<\/li>\n<li>\u21d2 <a href=\"https:\/\/website.ifit.li\/?p=5041\" target=\"_blank\" rel=\"noopener\">Jahr des Glaubens<\/a><\/li>\n<\/ul>\n","protected":false},"excerpt":{"rendered":"<p>18. Katechese zum Jahr des Glaubens von Papst Franziskus Bei seiner zweiten Generalaudienz auf dem Petersplatz sprach Papst Franziskus am Mittwoch, 3. April\u00a0besonders die jungen Gl\u00e4ubigen sowie die Frauen an. Sie alle forderte er auf, den Glauben weiter zu tragen. Der Rahmen der Generalaudienz war der Fortf\u00fchrung der Katechesereihe gewidmet, die sein Vorg\u00e4nger Benedikt XVI. &hellip; <a href=\"https:\/\/website.ifit.li\/?p=4874\" class=\"more-link\"><span class=\"screen-reader-text\">Ohne diesen Glauben an Tod und Auferstehung Christi ist unsere Hoffnung schwach, nicht einmal eine wirkliche Hoffnung<\/span> weiterlesen <span class=\"meta-nav\">&rarr;<\/span><\/a><\/p>\n","protected":false},"author":1,"featured_media":8017,"comment_status":"closed","ping_status":"open","sticky":false,"template":"","format":"standard","meta":{"footnotes":""},"categories":[292,2],"tags":[247,246,217,207,232,187,201,103,104,208,388,387,88,58,167,189],"class_list":["post-4874","post","type-post","status-publish","format-standard","has-post-thumbnail","hentry","category-jahr-des-glaubens","category-kirche","tag-auferstehung-des-fleisches","tag-auferstehung-jesu","tag-christentum","tag-eucharistie","tag-freude","tag-glauben","tag-hoffnung","tag-jahr-des-glaubens","tag-katechese","tag-leben","tag-mut","tag-ostern","tag-papst-benedikt-xvi","tag-papst-franziskus","tag-suende","tag-tod"],"_links":{"self":[{"href":"https:\/\/website.ifit.li\/index.php?rest_route=\/wp\/v2\/posts\/4874","targetHints":{"allow":["GET"]}}],"collection":[{"href":"https:\/\/website.ifit.li\/index.php?rest_route=\/wp\/v2\/posts"}],"about":[{"href":"https:\/\/website.ifit.li\/index.php?rest_route=\/wp\/v2\/types\/post"}],"author":[{"embeddable":true,"href":"https:\/\/website.ifit.li\/index.php?rest_route=\/wp\/v2\/users\/1"}],"replies":[{"embeddable":true,"href":"https:\/\/website.ifit.li\/index.php?rest_route=%2Fwp%2Fv2%2Fcomments&post=4874"}],"version-history":[{"count":8,"href":"https:\/\/website.ifit.li\/index.php?rest_route=\/wp\/v2\/posts\/4874\/revisions"}],"predecessor-version":[{"id":38529,"href":"https:\/\/website.ifit.li\/index.php?rest_route=\/wp\/v2\/posts\/4874\/revisions\/38529"}],"wp:featuredmedia":[{"embeddable":true,"href":"https:\/\/website.ifit.li\/index.php?rest_route=\/wp\/v2\/media\/8017"}],"wp:attachment":[{"href":"https:\/\/website.ifit.li\/index.php?rest_route=%2Fwp%2Fv2%2Fmedia&parent=4874"}],"wp:term":[{"taxonomy":"category","embeddable":true,"href":"https:\/\/website.ifit.li\/index.php?rest_route=%2Fwp%2Fv2%2Fcategories&post=4874"},{"taxonomy":"post_tag","embeddable":true,"href":"https:\/\/website.ifit.li\/index.php?rest_route=%2Fwp%2Fv2%2Ftags&post=4874"}],"curies":[{"name":"wp","href":"https:\/\/api.w.org\/{rel}","templated":true}]}}