{"id":4847,"date":"2013-01-02T22:41:54","date_gmt":"2013-01-02T21:41:54","guid":{"rendered":"https:\/\/website.ifit.li\/?p=4847"},"modified":"2021-10-20T15:10:30","modified_gmt":"2021-10-20T13:10:30","slug":"menschwerdung-des-ewigen-wortes-gottes-ist-das-werk-von-vater-sohn-und-heiligem-geist","status":"publish","type":"post","link":"https:\/\/website.ifit.li\/?p=4847","title":{"rendered":"Menschwerdung des ewigen Wortes Gottes ist das Werk von Vater, Sohn und Heiligem Geist"},"content":{"rendered":"<h2>11. Katechese\u00a0zum Jahr des Glaubens von Papst Benedikt XVI.<\/h2>\n<figure id=\"attachment_4737\" aria-describedby=\"caption-attachment-4737\" style=\"width: 150px\" class=\"wp-caption alignleft\"><img data-opt-id=723583984  fetchpriority=\"high\" decoding=\"async\" class=\"size-full wp-image-4737\" src=\"https:\/\/ml2mintiuscj.i.optimole.com\/w:auto\/h:auto\/q:mauto\/f:best\/https:\/\/website.ifit.li\/wp-content\/uploads\/2015\/01\/Papst-Benedikt-XVI.-300-dpi-e1449153974846.jpg\" alt=\"Em. Papst Benedikt XVI.\" width=\"150\" height=\"232\" \/><figcaption id=\"caption-attachment-4737\" class=\"wp-caption-text\">Benedikt XVI. Anno domini 2005<\/figcaption><\/figure>\n<p>\u201eDiese ersten Tage des neuen Jahres stehen noch ganz im Licht von Weihnachten.\u201c Das sagte Papst Benedikt XVI. am Mittwoch, 2. Januar\u00a02013\u00a0bei seiner ersten Generalaudienz im neuen Jahr. \u201eWir schauen auf das Kind in der Krippe, dessen Geburt die Geschichte erneuert hat.\u201c Immer wieder tauche die Frage nach der Herkunft Jesu auf, so Benedikt, der diesem Thema erst k\u00fcrzlich den dritten Band seines Werkes \u201eJesus von Nazareth\u201c gewidmet hat. \u201eViele seiner Zuh\u00f6rer erkannten ihn nicht als Messias, da sie zu wissen meinten, woher er stammt (vgl. Joh 7,27). Die Evangelien geben uns aber klar Auskunft, dass Jesus vom Vater, vom Himmel kommt.\u201c Er kommt, so formuliert der Papst, \u201eaus dem Geheimnis Gottes\u201c, und zwar auf andere Weise als ein Prophet oder Gottesgesandter. \u201eSeine Herkunft aus dem Geheimnis Gottes wird besonders deutlich bei der Verk\u00fcndigung des Engels an Maria: \u201eDer Heilige Geist wird \u00fcber dich kommen \u2026<\/p>\n<audio class=\"wp-audio-shortcode\" id=\"audio-4847-1\" preload=\"none\" style=\"width: 100%;\" controls=\"controls\"><source type=\"audio\/mpeg\" src=\"https:\/\/website.ifit.li\/wp-content\/uploads\/2013\/01\/2013-01-02-Generalaudienz-Katechese-11-Jahr-des-Glaubens.mp3?_=1\" \/><a href=\"https:\/\/website.ifit.li\/wp-content\/uploads\/2013\/01\/2013-01-02-Generalaudienz-Katechese-11-Jahr-des-Glaubens.mp3\">https:\/\/website.ifit.li\/wp-content\/uploads\/2013\/01\/2013-01-02-Generalaudienz-Katechese-11-Jahr-des-Glaubens.mp3<\/a><\/audio>\n<p>Deshalb wird auch das Kind heilig und Sohn Gottes genannt werden\u201c (Lk 1,35). Und deswegen bekennen wir im Credo: \u201eEr hat Fleisch angenommen durch den Heiligen Geist von der Jungfrau Maria\u201c.<!--more--><\/p>\n<p>Die \u201eMenschwerdung des ewigen Wortes Gottes\u201c sei, wie die Kindheitsgeschichten des Matth\u00e4us- und des Lukas-Evangeliums zeigten, \u201edas Werk von Vater, Sohn und Heiligem Geist\u201c. Sie verwirkliche sich \u201eim Schoss der Jungfrau\u201c. \u201eMaria geh\u00f6rt unverzichtbar zu unserem Glauben an den Gott, der handelt und in die Geschichte eintritt. Sie war bereit, Wohnstatt, Zelt Gottes zu werden. Und das, was durch das Wirken des Geistes in Maria geschieht, ist neue Sch\u00f6pfung.\u201c Das h\u00e4tten schon die Kirchenv\u00e4ter h\u00e4ufig ausgef\u00fchrt. \u201eGott setzt damit den Beginn einer neuen Menschheit. Christus ist der neue Adam. In ihm werden wir durch die Taufe zu neuen Menschen. Als seinen Br\u00fcdern und Schwestern schenkt Christus uns die wahre Gotteskindschaft.\u201c<\/p>\n<p>Das Kind von Bethlehem sei \u201ewirklich der \u201eImmanuel\u201c, der Gott mit uns\u201c, bekr\u00e4ftigte Papst Benedikt. Und er betonte einmal mehr die N\u00e4he Gottes zu uns: \u201eGott bleibt nicht irgendwo weit hinter den Wolken, er ist da! Er hat seinen Sohn gesandt, um die Welt zu erneuern. Und so ist dies auch f\u00fcr uns ein Ansporn, dass wir uns erneuern lassen, verwandeln lassen, als neue Menschen aus diesem neuen Beginn her leben.\u201c Dabei sei Maria, in der er Fleisch angenommen hat, ein \u201eVorbild im Glauben und im Vertrauen auf Gott, auf sein Handeln in uns\u201c.<\/p>\n<p>\u201eDer Herr begleite euch alle in diesem neuen Jahr \u2013 allen w\u00fcnsche ich ein gutes und gesegnetes neues Jahr!\u201c<\/p>\n<h2>Weitere Hinweise und Quellen<\/h2>\n<ul>\n<li>Libreria Editrice Vaticana: <a href=\"http:\/\/w2.vatican.va\/content\/benedict-xvi\/de\/audiences\/2013\/documents\/hf_ben-xvi_aud_20130102.html\" target=\"_blank\" rel=\"noopener\">Er hat Fleisch angenommen durch den Heiligen Geist <\/a><\/li>\n<li>Radio Vatikan Audiodokument (Link vergriffen): Artikel 652188 von Stefan von Kempis<\/li>\n<li>Radio Horeb: <a title=\"Podcast zur Generalaudienz vom 2. Januar 2013\" href=\"http:\/\/www.horeb.org\/xyz\/podcast\/papstaudienz\/audienz_2013-01-02.mp3\" target=\"_blank\" rel=\"noopener\">Podcast zur Generalaudienz vom 2. Januar 2013<\/a><\/li>\n<li>ZENIT: Ansprache von Papst Benedikt XVI. bei der Generalaudienz am 2. Januar 2013<\/li>\n<li>\u21d2 <a href=\"https:\/\/website.ifit.li\/?p=5041\" target=\"_blank\" rel=\"noopener\">Jahr des Glaubens<\/a><\/li>\n<\/ul>\n","protected":false},"excerpt":{"rendered":"<p>11. Katechese\u00a0zum Jahr des Glaubens von Papst Benedikt XVI. \u201eDiese ersten Tage des neuen Jahres stehen noch ganz im Licht von Weihnachten.\u201c Das sagte Papst Benedikt XVI. am Mittwoch, 2. Januar\u00a02013\u00a0bei seiner ersten Generalaudienz im neuen Jahr. \u201eWir schauen auf das Kind in der Krippe, dessen Geburt die Geschichte erneuert hat.\u201c Immer wieder tauche die &hellip; <a href=\"https:\/\/website.ifit.li\/?p=4847\" class=\"more-link\"><span class=\"screen-reader-text\">Menschwerdung des ewigen Wortes Gottes ist das Werk von Vater, Sohn und Heiligem Geist<\/span> weiterlesen <span class=\"meta-nav\">&rarr;<\/span><\/a><\/p>\n","protected":false},"author":1,"featured_media":9596,"comment_status":"closed","ping_status":"open","sticky":false,"template":"","format":"standard","meta":{"footnotes":""},"categories":[292,2],"tags":[234,280,281,279,103,104,88,376],"class_list":["post-4847","post","type-post","status-publish","format-standard","has-post-thumbnail","hentry","category-jahr-des-glaubens","category-kirche","tag-dreifaltigkeit","tag-gott-sohn-jesus-christus","tag-gott-vater","tag-gott-heiliger-geist","tag-jahr-des-glaubens","tag-katechese","tag-papst-benedikt-xvi","tag-wort-gottes"],"_links":{"self":[{"href":"https:\/\/website.ifit.li\/index.php?rest_route=\/wp\/v2\/posts\/4847","targetHints":{"allow":["GET"]}}],"collection":[{"href":"https:\/\/website.ifit.li\/index.php?rest_route=\/wp\/v2\/posts"}],"about":[{"href":"https:\/\/website.ifit.li\/index.php?rest_route=\/wp\/v2\/types\/post"}],"author":[{"embeddable":true,"href":"https:\/\/website.ifit.li\/index.php?rest_route=\/wp\/v2\/users\/1"}],"replies":[{"embeddable":true,"href":"https:\/\/website.ifit.li\/index.php?rest_route=%2Fwp%2Fv2%2Fcomments&post=4847"}],"version-history":[{"count":6,"href":"https:\/\/website.ifit.li\/index.php?rest_route=\/wp\/v2\/posts\/4847\/revisions"}],"predecessor-version":[{"id":38522,"href":"https:\/\/website.ifit.li\/index.php?rest_route=\/wp\/v2\/posts\/4847\/revisions\/38522"}],"wp:featuredmedia":[{"embeddable":true,"href":"https:\/\/website.ifit.li\/index.php?rest_route=\/wp\/v2\/media\/9596"}],"wp:attachment":[{"href":"https:\/\/website.ifit.li\/index.php?rest_route=%2Fwp%2Fv2%2Fmedia&parent=4847"}],"wp:term":[{"taxonomy":"category","embeddable":true,"href":"https:\/\/website.ifit.li\/index.php?rest_route=%2Fwp%2Fv2%2Fcategories&post=4847"},{"taxonomy":"post_tag","embeddable":true,"href":"https:\/\/website.ifit.li\/index.php?rest_route=%2Fwp%2Fv2%2Ftags&post=4847"}],"curies":[{"name":"wp","href":"https:\/\/api.w.org\/{rel}","templated":true}]}}