{"id":4840,"date":"2012-12-12T19:13:17","date_gmt":"2012-12-12T18:13:17","guid":{"rendered":"https:\/\/website.ifit.li\/?p=4840"},"modified":"2021-10-20T15:09:49","modified_gmt":"2021-10-20T13:09:49","slug":"der-grosse-plan-der-liebe-gottes-erfuellt-sich-vor-unseren-augen","status":"publish","type":"post","link":"https:\/\/website.ifit.li\/?p=4840","title":{"rendered":"Der grosse Plan der Liebe Gottes erf\u00fcllt sich vor unseren Augen"},"content":{"rendered":"<h2>9. Katechese zum Jahr des\u00a0Glaubens\u00a0von Papst Benedikt XVI.<\/h2>\n<figure id=\"attachment_4737\" aria-describedby=\"caption-attachment-4737\" style=\"width: 150px\" class=\"wp-caption alignleft\"><img data-opt-id=723583984  fetchpriority=\"high\" decoding=\"async\" class=\"size-full wp-image-4737\" src=\"https:\/\/ml2mintiuscj.i.optimole.com\/w:auto\/h:auto\/q:mauto\/f:best\/https:\/\/website.ifit.li\/wp-content\/uploads\/2015\/01\/Papst-Benedikt-XVI.-300-dpi-e1449153974846.jpg\" alt=\"Em. Papst Benedikt XVI.\" width=\"150\" height=\"232\" \/><figcaption id=\"caption-attachment-4737\" class=\"wp-caption-text\">Benedikt XVI. Anno domini 2005<\/figcaption><\/figure>\n<p>Die Geschichte ist der Ort, an dem wir Gottes Handeln f\u00fcr die Menschheit erkennen k\u00f6nnen und wo sich der gro\u00dfe Plan der Liebe Gottes vor unseren Augen erf\u00fcllt. Das sagte Papst Benedikt XVI. an diesem Mittwoch, 12. Dezember 2012\u00a0in seiner Katechese bei der Generalaudienz. Er setzte damit seine Reihe von Ansprachen \u00fcber den Glauben fort. Die Gegenwart Gottes gebe der menschlichen Geschichte ihren Sinn:<\/p>\n<audio class=\"wp-audio-shortcode\" id=\"audio-4840-1\" preload=\"none\" style=\"width: 100%;\" controls=\"controls\"><source type=\"audio\/mpeg\" src=\"https:\/\/website.ifit.li\/wp-content\/uploads\/2012\/12\/2012-12-12-Generalaudienz-Katechese-09-Jahr-des-Glaubens.mp3?_=1\" \/><a href=\"https:\/\/website.ifit.li\/wp-content\/uploads\/2012\/12\/2012-12-12-Generalaudienz-Katechese-09-Jahr-des-Glaubens.mp3\">https:\/\/website.ifit.li\/wp-content\/uploads\/2012\/12\/2012-12-12-Generalaudienz-Katechese-09-Jahr-des-Glaubens.mp3<\/a><\/audio>\n<p><!--more-->\u201eIn der Heiligen Schrift finden wir die Etappen dieses Weges Gottes mit den Menschen, die Stufen der Offenbarung Gottes. Sie zeigt uns, dass Gott von Anfang an sich erkennen l\u00e4sst, den Menschen seine Gemeinschaft anbietet und ihn auch im S\u00fcndenfall nicht verl\u00e4sst. Gott schlie\u00dft einen Bund mit Noah, er erw\u00e4hlt Abraham und formt sich sein Volk durch die Befreiung aus \u00c4gypten, den Bundesschluss am Sinai und die Gabe des Gesetzes. Durch die Propheten leitet der Herr sein Volk durch die Geschichte und weitet den Horizont aus immer mehr zur Erwartung eines neuen und ewigen Bundes f\u00fcr alle Menschen. Das Eingreifen Gottes in die Geschichte seines Volkes wird zu einem Ged\u00e4chtnis und bildet zusammen die Gesamtgeschichte des Heils.\u201c<\/p>\n<p>Durch die gesamte Geschichte hindurch k\u00f6nne man Gottes Treue entdecken. Von menschlicher Seite entspr\u00e4che dem das feiernde Gedenken, das diese Treue gegenw\u00e4rtig mache, so der Papst, denn Gottes Wirken gehe weiter.\u00a0\u201eDie Selbstoffenbarung Gottes gipfelt in Christus: Das sch\u00f6pferische Wort, das die Welt geschaffen hat, hat in Jesus Christus das Menschsein angenommen und uns Gottes Gesicht gezeigt. Jesus Christus ist der H\u00f6hepunkt der Geschichte Gottes mit den Menschen, die Erf\u00fcllung seines ewigen Heilsplans. Die Zeit des Advents l\u00e4dt uns neu ein, Gottes Handeln in der Geschichte zu betrachten, der Ged\u00e4chtnislosigkeit entgegen zu wirken, wachsam zu werden f\u00fcr die Zeichen der Gegenwart Gottes, f\u00fcr sein Mitsein mit uns. Gott ist nicht weggegangen von der Geschichte, er ist da. Wir m\u00fcssen nur aufmerksam sein und ihm unsererseits entgegen gehen. Wir wollen seine Gegenwart Tag f\u00fcr Tag bezeugen und das Licht der Menschwerdung durch unser eigenes Leben hindurch scheinen lassen. Der Herr schenke euch einen gesegneten Advent.\u201d Segen.<\/p>\n<h2>Weitere Hinweise und Quellen<\/h2>\n<ul>\n<li>Libreria Editrice Vaticana:\u00a0<a href=\"http:\/\/w2.vatican.va\/content\/benedict-xvi\/de\/audiences\/2012\/documents\/hf_ben-xvi_aud_20121212.html\" target=\"_blank\" rel=\"noopener\">Jahr des Glaubens. Gottes Handeln in der Geschichte<\/a><\/li>\n<li>Radio Vatikan: <a href=\"https:\/\/www.archivioradiovaticana.va\/storico\/2012\/12\/12\/benedikt_xvi_%E2%80%9Ein_der_geschichte_erkennen_wir_gottes_liebe%E2%80%9C\/ted-646802\" target=\"_blank\" rel=\"noopener\">Audiodokument 646802 von P. Bernd Hagenkord SJ<\/a><\/li>\n<li>Radio Horeb: <a title=\"Podcast zur Generalaudienz vom 12. Dezember 2012\" href=\"http:\/\/www.horeb.org\/xyz\/podcast\/papstaudienz\/audienz_2012-12-12.mp3\" target=\"_blank\" rel=\"noopener\">Podcast zur Generalaudienz vom 12. Dezember 2012<\/a><\/li>\n<li>ZENIT: Ansprache von Papst Benedikt XVI. bei der Generalaudienz am 12. Dezember 2012<\/li>\n<li>\u21d2 <a href=\"https:\/\/website.ifit.li\/?p=5041\" target=\"_blank\" rel=\"noopener\">Jahr des Glaubens<\/a><\/li>\n<\/ul>\n","protected":false},"excerpt":{"rendered":"<p>9. Katechese zum Jahr des\u00a0Glaubens\u00a0von Papst Benedikt XVI. Die Geschichte ist der Ort, an dem wir Gottes Handeln f\u00fcr die Menschheit erkennen k\u00f6nnen und wo sich der gro\u00dfe Plan der Liebe Gottes vor unseren Augen erf\u00fcllt. Das sagte Papst Benedikt XVI. an diesem Mittwoch, 12. Dezember 2012\u00a0in seiner Katechese bei der Generalaudienz. Er setzte damit &hellip; <a href=\"https:\/\/website.ifit.li\/?p=4840\" class=\"more-link\"><span class=\"screen-reader-text\">Der grosse Plan der Liebe Gottes erf\u00fcllt sich vor unseren Augen<\/span> weiterlesen <span class=\"meta-nav\">&rarr;<\/span><\/a><\/p>\n","protected":false},"author":1,"featured_media":9548,"comment_status":"closed","ping_status":"open","sticky":false,"template":"","format":"standard","meta":{"footnotes":""},"categories":[292,2],"tags":[234,279,103,104,31,370,88,167,386],"class_list":["post-4840","post","type-post","status-publish","format-standard","has-post-thumbnail","hentry","category-jahr-des-glaubens","category-kirche","tag-dreifaltigkeit","tag-gott-heiliger-geist","tag-jahr-des-glaubens","tag-katechese","tag-liebe","tag-offenbarung","tag-papst-benedikt-xvi","tag-suende","tag-volk-gottes"],"_links":{"self":[{"href":"https:\/\/website.ifit.li\/index.php?rest_route=\/wp\/v2\/posts\/4840","targetHints":{"allow":["GET"]}}],"collection":[{"href":"https:\/\/website.ifit.li\/index.php?rest_route=\/wp\/v2\/posts"}],"about":[{"href":"https:\/\/website.ifit.li\/index.php?rest_route=\/wp\/v2\/types\/post"}],"author":[{"embeddable":true,"href":"https:\/\/website.ifit.li\/index.php?rest_route=\/wp\/v2\/users\/1"}],"replies":[{"embeddable":true,"href":"https:\/\/website.ifit.li\/index.php?rest_route=%2Fwp%2Fv2%2Fcomments&post=4840"}],"version-history":[{"count":9,"href":"https:\/\/website.ifit.li\/index.php?rest_route=\/wp\/v2\/posts\/4840\/revisions"}],"predecessor-version":[{"id":39285,"href":"https:\/\/website.ifit.li\/index.php?rest_route=\/wp\/v2\/posts\/4840\/revisions\/39285"}],"wp:featuredmedia":[{"embeddable":true,"href":"https:\/\/website.ifit.li\/index.php?rest_route=\/wp\/v2\/media\/9548"}],"wp:attachment":[{"href":"https:\/\/website.ifit.li\/index.php?rest_route=%2Fwp%2Fv2%2Fmedia&parent=4840"}],"wp:term":[{"taxonomy":"category","embeddable":true,"href":"https:\/\/website.ifit.li\/index.php?rest_route=%2Fwp%2Fv2%2Fcategories&post=4840"},{"taxonomy":"post_tag","embeddable":true,"href":"https:\/\/website.ifit.li\/index.php?rest_route=%2Fwp%2Fv2%2Ftags&post=4840"}],"curies":[{"name":"wp","href":"https:\/\/api.w.org\/{rel}","templated":true}]}}