{"id":4535,"date":"2015-01-19T12:14:11","date_gmt":"2015-01-19T11:14:11","guid":{"rendered":"https:\/\/website.ifit.li\/?p=4535"},"modified":"2021-10-19T17:48:04","modified_gmt":"2021-10-19T15:48:04","slug":"tagungshaus-regina-pacis-koenigin-des-friedens","status":"publish","type":"post","link":"https:\/\/website.ifit.li\/?p=4535","title":{"rendered":"Tagungshaus Regina Pacis &#8211; K\u00f6nigin des Friedens"},"content":{"rendered":"<h2>Auf Ehe\u00a0und Familie mit all ihren Facetten ausgerichtet<\/h2>\n<p>Das Jahresprogramm des Tagungshauses Regina Pacis (K\u00f6nigin des Friedens) ist in diesem Jahr 2015 noch mehr auf Ehe\u00a0und Familie ausgerichtet, mit all ihren Facetten von der Vorbereitung zur Ehe bis hin zur Erfahrung, dass die Beziehung zerbrochen ist. Bischof Dr. Gebhard F\u00fcrst, dem das Tagungshaus zugeordnet ist, \u00a0spricht vom \u201eWachhalten des Geistes der Eucharistie\u201c, welchem der geistliche Rektor <a href=\"https:\/\/de.wikipedia.org\/wiki\/Hubertus_Freyberg\" target=\"_blank\" rel=\"noopener\">P. Hubertus Freyberg<\/a> nachkommen will. Die eucharistische Anbetung in der hauseigenen <a href=\"#kapelle\">Kapelle<\/a> ist freitags besonders den Anliegen der Familie gewidmet. Die Freunde von Regina Pacis sind sowohl zu den genannten Programmpunkten wie auch zu den Gottesdiensten und der Anbetung eingeladen. Interessenten k\u00f6nnen gerne auch die Anbetungstage als stille Tage f\u00fcr sich nutzen und diese dort verbringen.<!--more--> Geistlicher Rektor. P. Hubertus Freyberg, und Heimleiterin Beate M. v. Pestalozza: &#171;So sagen wir herzlich willkommen am Ort Heilender Begegnung und hoffen, dass Sie bei uns auftanken k\u00f6nnen und zu Hause oder im Betrieb beitragen k\u00f6nnen, dass Begegnungen immer mehr heilsam werden.&#187; Das Tagungshaus Regina Pacis ist ein Haus der Di\u00f6zese Rottenburg-Stuttgart. Aufgrund der R\u00e4umlichkeiten, der modernen Tagungstechnik, der ruhigen Lage und der verkehrstechnisch g\u00fcnstigen Erreichbarkeit, eignet sich das Haus exzellent f\u00fcr Tagungen, Seminare, Fortbildungen und \u00c4hnliches. Auch Feiern f\u00fcr Vereine, Familien und Firmen f\u00fchren wir gerne durch. Bitte fordern Sie unseren Prospekt an. Info unter: www.haus-regina-pacis.de Unsere R\u00e4umlichkeiten: 39 moderne Zimmer bieten Platz f\u00fcr 65 \u00dcbernachtungsg\u00e4ste. 8 Seminarr\u00e4ume f\u00fcr 5 bis 100 Personen inklusive professioneller Tagungstechnik erm\u00f6glichen konstruktive Arbeit. Alle Seminarr\u00e4ume (der gro\u00dfe Saal \u00fcber eine Rampe) sind ebenerdig zu erreichen und verf\u00fcgen \u00fcber WLAN oder LAN. Im Kalender sind bereits folgende Veranstaltungen eingetragen:<\/p>\n<ul>\n<li>22.-26.03.2015 Exerzitien mit P. Hubertus Freyberg zum Hochfest \u201eVerk\u00fcndigung des Herrn\u201c<\/li>\n<li>01.-05.04.2015 Vom Kreuz zum Leben &#8211; Kar- und Ostertage gemeinsam feiern<\/li>\n<\/ul>\n<h3>Reliquie des hl. Johannes Paul II.<\/h3>\n<p>Seit dem Jahr 2013 ist das Tagungshaus Regina Pacis im Besitz einer Blutreliquie des Hl. Papst Johannes Paul II. Gerne k\u00f6nnen Sie mit Ihrer Familie, Ihrem Gebetskreis, der Pfarrgemeinde einen Einkehrnachmittag, Besinnungstag, Exerzitien oder auch eine Wallfahrt z. B. verbunden mit einer Andacht und dem Segen mit der Reliquie bei uns im Haus bzw. in der Kapelle machen. Anfragen dazu richten Sie bitte ans Haus.<\/p>\n<h3 id=\"kapelle\">Kapelle Regina Pacis &#8211; K\u00f6nigin des Friedens<\/h3>\n<ul>\n<li><strong>Gebetszeiten<\/strong> Morgenlob: Mittwoch und Freitag 07.45 Uhr, Sonntag 08.00 Uhr Abendlob: Donnerstag und Samstag 19.00 Uhr<\/li>\n<li><strong>Heilige Messe<\/strong> Donnerstag und Samstag 07.45 Uhr Mittwoch und Freitag 19.00 Uhr Sonntag 11.30 Uhr<\/li>\n<li><strong>Eucharistische Anbetung<\/strong> Mittwoch, Donnerstag und Freitag 07.00 -19.00 Uhr Samstag 07.00 \u2013 07.45 Uhr Sonntag 07.30 &#8211; 08.00 Uhr Nachtanbetung vom Herz-Jesu-Freitag (1. Freitag im Monat) auf Herz-Mari\u00e4-Samstag 20.00 &#8211; 07.30 Uhr<\/li>\n<li><strong>Hl. Beichte<\/strong> Mittwoch ab 19.45 Uhr, Mittwoch bis Samstag von 07.00 Uhr bis 07.30 Uhr am 1. Freitag im Monat von 20.00 &#8211; 21.00 Uhr jeden 13. des Monats ab 20.30 Uhr<\/li>\n<li><strong>Am 13. eines Monats<\/strong> 19.30 Uhr Gebetsabend mit Hl. Messe anschlie\u00dfend Eucharistische Anbetung, Gelegenheit zur Hl. Beichte, zum Einzelsegen, zum Segen mit der Reliquie des Hl. Johannes Paul und zum f\u00fcrbittenden Gebet<\/li>\n<\/ul>\n<h3>Weitere\u00a0Hinweise und\u00a0Quellen<\/h3>\n<ul>\n<li><a title=\"Tagungshaus Regina Pacis - &quot;Ort heilender Begegnung&quot;\" href=\"https:\/\/www.haus-regina-pacis.de\/meta\/start.html\" target=\"_blank\" rel=\"noopener\">Tagungshaus Regina Pacis &#8211; &#171;Ort heilender Begegnung&#187;<\/a><\/li>\n<li><a title=\"Duc in altum e. V. - Ort Heilender Begegnung ist bei Facebook\" href=\"https:\/\/www.facebook.com\/OrtHeilenderBegegnung\" target=\"_blank\" rel=\"noopener\">Duc in altum e. V. &#8211; Ort Heilender Begegnung<\/a> <a title=\"Duc in altum e. V. - Ort Heilender Begegnung ist bei Facebook\" href=\"https:\/\/www.facebook.com\/OrtHeilenderBegegnung\" target=\"_blank\" rel=\"noopener\"> ist bei Facebook<\/a><\/li>\n<li>Exerzitien im Radio Horeb mit P. Hubertus Freyberg vom\u00a020.-23. August 2014<\/li>\n<\/ul>\n","protected":false},"excerpt":{"rendered":"<p>Auf Ehe\u00a0und Familie mit all ihren Facetten ausgerichtet Das Jahresprogramm des Tagungshauses Regina Pacis (K\u00f6nigin des Friedens) ist in diesem Jahr 2015 noch mehr auf Ehe\u00a0und Familie ausgerichtet, mit all ihren Facetten von der Vorbereitung zur Ehe bis hin zur Erfahrung, dass die Beziehung zerbrochen ist. Bischof Dr. Gebhard F\u00fcrst, dem das Tagungshaus zugeordnet ist, &hellip; <a href=\"https:\/\/website.ifit.li\/?p=4535\" class=\"more-link\"><span class=\"screen-reader-text\">Tagungshaus Regina Pacis &#8211; K\u00f6nigin des Friedens<\/span> weiterlesen <span class=\"meta-nav\">&rarr;<\/span><\/a><\/p>\n","protected":false},"author":1,"featured_media":4547,"comment_status":"closed","ping_status":"open","sticky":false,"template":"","format":"standard","meta":{"footnotes":""},"categories":[2],"tags":[127,207,264,62,176,215,230,371,126,125,385],"class_list":["post-4535","post","type-post","status-publish","format-standard","has-post-thumbnail","hentry","category-kirche","tag-ehesakrament","tag-eucharistie","tag-evangelium","tag-exerzitien","tag-familie","tag-friede","tag-gebet","tag-gottesmutter-maria","tag-hl-johannes-paul-ii","tag-jahr-der-familie","tag-radioexerzitien"],"_links":{"self":[{"href":"https:\/\/website.ifit.li\/index.php?rest_route=\/wp\/v2\/posts\/4535","targetHints":{"allow":["GET"]}}],"collection":[{"href":"https:\/\/website.ifit.li\/index.php?rest_route=\/wp\/v2\/posts"}],"about":[{"href":"https:\/\/website.ifit.li\/index.php?rest_route=\/wp\/v2\/types\/post"}],"author":[{"embeddable":true,"href":"https:\/\/website.ifit.li\/index.php?rest_route=\/wp\/v2\/users\/1"}],"replies":[{"embeddable":true,"href":"https:\/\/website.ifit.li\/index.php?rest_route=%2Fwp%2Fv2%2Fcomments&post=4535"}],"version-history":[{"count":25,"href":"https:\/\/website.ifit.li\/index.php?rest_route=\/wp\/v2\/posts\/4535\/revisions"}],"predecessor-version":[{"id":38496,"href":"https:\/\/website.ifit.li\/index.php?rest_route=\/wp\/v2\/posts\/4535\/revisions\/38496"}],"wp:featuredmedia":[{"embeddable":true,"href":"https:\/\/website.ifit.li\/index.php?rest_route=\/wp\/v2\/media\/4547"}],"wp:attachment":[{"href":"https:\/\/website.ifit.li\/index.php?rest_route=%2Fwp%2Fv2%2Fmedia&parent=4535"}],"wp:term":[{"taxonomy":"category","embeddable":true,"href":"https:\/\/website.ifit.li\/index.php?rest_route=%2Fwp%2Fv2%2Fcategories&post=4535"},{"taxonomy":"post_tag","embeddable":true,"href":"https:\/\/website.ifit.li\/index.php?rest_route=%2Fwp%2Fv2%2Ftags&post=4535"}],"curies":[{"name":"wp","href":"https:\/\/api.w.org\/{rel}","templated":true}]}}