{"id":445,"date":"2012-11-21T17:42:57","date_gmt":"2012-11-21T16:42:57","guid":{"rendered":"http:\/\/ifit.ch\/?p=445"},"modified":"2024-08-02T10:45:26","modified_gmt":"2024-08-02T08:45:26","slug":"an-gott-zu-glauben-ist-vernunftig","status":"publish","type":"post","link":"https:\/\/website.ifit.li\/?p=445","title":{"rendered":"An Gott zu glauben ist vern\u00fcnftig"},"content":{"rendered":"<h2>Katechese 06 von Papst Benedikt XVI. zum Jahr des\u00a0Glaubens<\/h2>\n<figure id=\"attachment_4737\" aria-describedby=\"caption-attachment-4737\" style=\"width: 150px\" class=\"wp-caption alignleft\"><a href=\"https:\/\/ml2mintiuscj.i.optimole.com\/w:auto\/h:auto\/q:mauto\/f:best\/https:\/\/www.ifit.website\/wp-content\/uploads\/2024\/01\/Papst-Benedikt-XVI.-300-dpi-e1449153974846.jpg\"><img data-opt-id=870529703  fetchpriority=\"high\" decoding=\"async\" class=\"size-full wp-image-4737\" src=\"https:\/\/ml2mintiuscj.i.optimole.com\/w:auto\/h:auto\/q:mauto\/f:best\/https:\/\/www.ifit.website\/wp-content\/uploads\/2024\/01\/Papst-Benedikt-XVI.-300-dpi-e1449153974846.jpg\" alt=\"Em. Papst Benedikt XVI.\" width=\"150\" height=\"232\" \/><\/a><figcaption id=\"caption-attachment-4737\" class=\"wp-caption-text\">Benedikt XVI. Anno domini 2005<\/figcaption><\/figure>\n<p>An Gott zu glauben ist vern\u00fcnftig: Das ist eine der Kernthesen von Papst Benedikt XVI. Am Mittwoch, 21. November 2012\u00a0hat er sie bei seiner Generalaudienz etwas n\u00e4her ausgef\u00fchrt.\u00a0\u201eGott ist nicht etwas Widersinniges, das der Vernunft entgegensteht\u201c: Das betonte der Papst vor den Pilgern und Besuchern aus dem deutschen Sprachraum. Zwar sei Gott ein Geheimnis \u201eund in diesem Sinn dunkel\u201c: \u201eSo wie wenn man in die Sonne schaut und zuerst Dunkelheit sieht. <!--more-->Aber es ist ein Geheimnis, das nicht irrational ist, sondern eine \u00dcberf\u00fclle an Sinn und Wahrheit, also die eigentliche Quelle des Lichts.\u201c Das Geheimnis Gottes kann der Vernunft zun\u00e4chst einmal \u201edunkel erscheinen\u201c, sagte Benedikt XVI.: \u201eAber der Glaube gibt uns gleichsam die Sehf\u00e4higkeit, sein Licht zu ertragen, es gebrochen in der Geschichte Gottes mit uns, dann als das wahre Licht zu erkennen.\u201c Gott selbst sei dem Menschen nahegekommen und habe sich auf seine Ma\u00dfst\u00e4be eingelassen; er erleuchte \u201emit seiner Gnade die Vernunft\u201c.<br \/>\n\u201eGlaube, um zu verstehen; verstehe, um zu glauben, hat der heilige Augustinus aus der Erfahrung seines eigenen kurvenreichen Lebensweges gesagt. Er bezeugt einen Glauben, der die Vernunft \u00f6ffnet und nicht t\u00f6tet.\u201c Vernunft und Glaube seien \u201ebeide zusammen Bedingungen f\u00fcr das Verstehen von Gottes Wort und f\u00fcr das Verstehen unserer selbst\u201c. Dass die Vernunft \u00fcber die Sch\u00f6pfung bis zur Gotteserkenntnis aufsteigen k\u00f6nne, habe auch das Erste Vatikanische Konzil schon betont. \u201eJedenfalls stehen so Wissenschaft und Glaube nicht gegeneinander, sondern sind aufeinander verwiesen. Wissenschaft erweitert die Vernunft und hilft uns die Welt zu erkennen und zu verstehen. Aber der Glaube gibt uns die Ma\u00dfst\u00e4be der Menschlichkeit des Menschseins, die Ma\u00dfst\u00e4be, was f\u00fcr den Menschen gut ist und was in sich gut ist, und so \u00fcberwindet er die Pathologien der Wissenschaft, die ihrerseits die Pathologie der Religion \u00fcberwinden kann.\u201c Fazit des Papstes: \u201eVernunft und Glauben geh\u00f6ren zusammen als gemeinsamer Weg zum Licht Gottes\u201c.<br \/>\n\u201eDer Glaube helfe uns, in Christus den Sinn und die F\u00fclle unseres Daseins und den Garant wahrer menschlicher Freiheit zu erkennen. Er ist die Erf\u00fcllung unseres Strebens nach dem Wahren und dem Guten.\u201c<\/p>\n<h3>Weitere Hinweise und Quellen<\/h3>\n<ul>\n<li>Audio (MP3): Generalaudienz Katechese 06 Glaube vom 21. November 2012<audio class=\"wp-audio-shortcode\" id=\"audio-445-1\" preload=\"none\" style=\"width: 100%;\" controls=\"controls\"><source type=\"audio\/mpeg\" src=\"https:\/\/website.ifit.li\/wp-content\/uploads\/2012\/11\/2012-11-21-Generalaudienz-Katechese-06-Jahr-des-Glaubens.mp3?_=1\" \/><a href=\"https:\/\/website.ifit.li\/wp-content\/uploads\/2012\/11\/2012-11-21-Generalaudienz-Katechese-06-Jahr-des-Glaubens.mp3\">https:\/\/website.ifit.li\/wp-content\/uploads\/2012\/11\/2012-11-21-Generalaudienz-Katechese-06-Jahr-des-Glaubens.mp3<\/a><\/audio><\/li>\n<li>Originaltext (Link vergriffen): Stefan von Kempis, Radio Vatikan, Artikel 640846<\/li>\n<\/ul>\n","protected":false},"excerpt":{"rendered":"<p>Der Glaube helfe uns, in Christus den Sinn und die F\u00fclle unseres Daseins und den Garant wahrer menschlicher Freiheit zu erkennen. Er ist die Erf\u00fcllung unseres Strebens nach dem Wahren und dem Guten. Papst Benedikt XVI.<\/p>\n","protected":false},"author":1,"featured_media":39325,"comment_status":"closed","ping_status":"open","sticky":false,"template":"","format":"standard","meta":{"footnotes":""},"categories":[449],"tags":[187,229,103,104,368,186],"class_list":["post-445","post","type-post","status-publish","format-standard","has-post-thumbnail","hentry","category-jahr-des-glaubens-2012-2013","tag-glauben","tag-gnade","tag-jahr-des-glaubens","tag-katechese","tag-vernunft","tag-wahrheit"],"_links":{"self":[{"href":"https:\/\/website.ifit.li\/index.php?rest_route=\/wp\/v2\/posts\/445","targetHints":{"allow":["GET"]}}],"collection":[{"href":"https:\/\/website.ifit.li\/index.php?rest_route=\/wp\/v2\/posts"}],"about":[{"href":"https:\/\/website.ifit.li\/index.php?rest_route=\/wp\/v2\/types\/post"}],"author":[{"embeddable":true,"href":"https:\/\/website.ifit.li\/index.php?rest_route=\/wp\/v2\/users\/1"}],"replies":[{"embeddable":true,"href":"https:\/\/website.ifit.li\/index.php?rest_route=%2Fwp%2Fv2%2Fcomments&post=445"}],"version-history":[{"count":3,"href":"https:\/\/website.ifit.li\/index.php?rest_route=\/wp\/v2\/posts\/445\/revisions"}],"predecessor-version":[{"id":39327,"href":"https:\/\/website.ifit.li\/index.php?rest_route=\/wp\/v2\/posts\/445\/revisions\/39327"}],"wp:featuredmedia":[{"embeddable":true,"href":"https:\/\/website.ifit.li\/index.php?rest_route=\/wp\/v2\/media\/39325"}],"wp:attachment":[{"href":"https:\/\/website.ifit.li\/index.php?rest_route=%2Fwp%2Fv2%2Fmedia&parent=445"}],"wp:term":[{"taxonomy":"category","embeddable":true,"href":"https:\/\/website.ifit.li\/index.php?rest_route=%2Fwp%2Fv2%2Fcategories&post=445"},{"taxonomy":"post_tag","embeddable":true,"href":"https:\/\/website.ifit.li\/index.php?rest_route=%2Fwp%2Fv2%2Ftags&post=445"}],"curies":[{"name":"wp","href":"https:\/\/api.w.org\/{rel}","templated":true}]}}