{"id":4026,"date":"2014-10-19T12:22:09","date_gmt":"2014-10-19T10:22:09","guid":{"rendered":"https:\/\/website.ifit.li\/?p=4026"},"modified":"2026-01-25T11:40:00","modified_gmt":"2026-01-25T10:40:00","slug":"enzyklika-humanae-vitae-wegweisend-fuer-synode-ehe-und-familie","status":"publish","type":"post","link":"https:\/\/website.ifit.li\/?p=4026","title":{"rendered":"Enzyklika Humanae Vitae wegweisend f\u00fcr Synode Ehe und Familie"},"content":{"rendered":"<h2>Der Konzilspapst Paul VI. wurde im Oktober 2018 heilig gesprochen<\/h2>\n<p><a href=\"https:\/\/ml2mintiuscj.i.optimole.com\/w:auto\/h:auto\/q:mauto\/f:best\/https:\/\/website.ifit.li\/wp-content\/uploads\/2014\/10\/Papst-Paul-VI..jpg\"><img data-opt-id=128680764  fetchpriority=\"high\" decoding=\"async\" class=\"alignleft size-full wp-image-12687\" src=\"https:\/\/ml2mintiuscj.i.optimole.com\/w:auto\/h:auto\/q:mauto\/f:best\/https:\/\/website.ifit.li\/wp-content\/uploads\/2014\/10\/Papst-Paul-VI..jpg\" alt=\"http:\/\/w2.vatican.va\/content\/paul-vi\/de.html\" width=\"165\" height=\"203\" \/><\/a>Mit der Seligsprechung von Papst Paul VI. ist die Familiensynode am Sonntag, 19. Oktober 2014 offiziell zu Ende gegangen. Der 26. September wird k\u00fcnftig der liturgische Gedenktag des neuen Seligen Paul VI. sein, welches der Geburtstag von Giovanni Battista Montini, der von 1963 bis 1978 auf dem Stuhl Petri sa\u00df. Bei der hl. Messe, in der die Seligsprechung von Papst Franziskus vorgenommen wurde, war auch der emeritierte Papst Benedikt XVI. anwesend. In seiner ber\u00fchmt gewordenen und im Zusammenhang der Synode &#171;Ehe und Familie&#187; wegweisend gewordenen Ezyklika \u00ab<a href=\"http:\/\/www.vatican.va\/holy_father\/paul_vi\/encyclicals\/documents\/hf_p-vi_enc_25071968_humanae-vitae_ge.html\" target=\"_blank\" rel=\"noopener\">Humanae Vitae<\/a>\u00bb sagte Papst Paul VI. am 25. Juli 1968 folgenden Satz:<!--more--><\/p>\n<p>Die \u00fcberaus ernste Aufgabe, menschliches Leben weiterzugeben, durch die die Gatten freie und bewu\u00dfte Mitarbeiter des Sch\u00f6pfergottes sind, erf\u00fcllt sie immer mit gro\u00dfer Freude; doch ist die Freude vielfach mit nicht geringen Schwierigkeiten und Bedr\u00e4ngnissen verbunden. Zu allen Zeiten stellte die Erf\u00fcllung dieser Aufgabe das Gewissen der Gatten vor schwere Probleme. Die j\u00fcngste Entwicklung jedoch, die die menschliche Gesellschaft nimmt, bringt derartige Ver\u00e4nderungen mit sich, da\u00df sich neue Fragen erheben, denen die Kirche sich stellen mu\u00df, weil sie aufs engste mit menschlichem Leben und Gl\u00fcck zusammenh\u00e4ngen (<a title=\"Humanae Vitae\" href=\"http:\/\/www.vatican.va\/holy_father\/paul_vi\/encyclicals\/documents\/hf_p-vi_enc_25071968_humanae-vitae_ge.html\" target=\"_blank\" rel=\"noopener\">Humanae Vitae<\/a>, 1).<\/p>\n<h3>Biographie des seligen Papst Paul VI.<\/h3>\n<p><a href=\"https:\/\/ml2mintiuscj.i.optimole.com\/w:auto\/h:auto\/q:mauto\/f:best\/https:\/\/website.ifit.li\/wp-content\/uploads\/2014\/10\/Hl.-Paul-VI.-1963.jpg\"><img data-opt-id=324183332  fetchpriority=\"high\" decoding=\"async\" class=\"alignleft wp-image-12688\" src=\"https:\/\/ml2mintiuscj.i.optimole.com\/w:auto\/h:auto\/q:mauto\/f:best\/https:\/\/website.ifit.li\/wp-content\/uploads\/2014\/10\/Hl.-Paul-VI.-1963.jpg\" alt=\"https:\/\/de.wikipedia.org\/wiki\/Paul_VI.\" width=\"274\" height=\"339\" srcset=\"https:\/\/ml2mintiuscj.i.optimole.com\/w:330\/h:408\/q:mauto\/f:best\/https:\/\/website.ifit.li\/wp-content\/uploads\/2014\/10\/Hl.-Paul-VI.-1963.jpg 330w, https:\/\/ml2mintiuscj.i.optimole.com\/w:243\/h:300\/q:mauto\/f:best\/https:\/\/website.ifit.li\/wp-content\/uploads\/2014\/10\/Hl.-Paul-VI.-1963.jpg 243w\" sizes=\"(max-width: 274px) 100vw, 274px\" \/><\/a>Die \u00fcberaus ernste Aufgabe, menschliches Leben weiterzugeben, durch die die Gatten freie und bewu\u00dfte Mitarbeiter des Sch\u00f6pfergottes sind, erf\u00fcllt sie immer mit gro\u00dfer Freude; doch ist die Freude vielfach mit nicht geringen Schwierigkeiten und Bedr\u00e4ngnissen verbunden. Zu allen Zeiten stellte die Erf\u00fcllung dieser Aufgabe das Gewissen der Gatten vor schwere Probleme. Die j\u00fcngste Entwicklung jedoch, die die menschliche Gesellschaft nimmt, bringt derartige Ver\u00e4nderungen mit sich, da\u00df sich neue Fragen erheben, denen die Kirche sich stellen mu\u00df, weil sie aufs engste mit menschlichem Leben und Gl\u00fcck zusammenh\u00e4ngen.Papst Paul VI., mit dem b\u00fcrgerlichen Namen Giovanni Battista Montini, wurde am 26. September 1897 in Concesio bei Brescia in der Lombardei als Sohn eines Zeitungsverlegers und Politikers geboren. Das B\u00fcrgertum von Brescia ist sich bis heute seiner Geschichte und Kultur bewusst, was man beim Vater Montini und auch noch in der Familie gut wahrnehmen kann. Der Sohn wurde bereits 1920 zum Priester geweiht und absolvierte anschlie\u00dfend in der P\u00e4pstlichen Diplomatenakademie in Rom seine Studien, besonders durch Doktorate in Kirchenrecht und Philosophie.<\/p>\n<p>Die einzige Auslandsstelle verbrachte er an der Nuntiatur in Warschau (1923). Bald wurde er Mitarbeiter im vatikanischen Staatssekretariat, wo er 1937 (Substitut) bzw. 1952 (Pro-Sekret\u00e4r) sehr hohe Aufgaben \u00fcbernahm. Bis heute bleibt es unklar, warum Papst Pius XII. den von ihm gesch\u00e4tzten Montini 1954 zum Erzbischof von Mailand ernannte. Er wurde erst vier Jahre sp\u00e4ter von Papst Johannes XXIII. zum Kardinal erhoben. Er hat sich in Mailand mit gro\u00dfer Kraft der Gro\u00dfstadtseelsorge gewidmet, besonders auch der Arbeiterwelt. In Rom hatte er w\u00e4hrend seiner diplomatischen T\u00e4tigkeit viele Jahre die katholische Studentenschaft in Rom und ganz Italien (FUCI) als sehr gesch\u00e4tzter Geistlicher Assistent begleitet.<\/p>\n<p>Am 21. Juni 1963 wurde Montini als Papst Paul VI. Nachfolger von Johannes XXIII. Mit gro\u00dfer Entschlossenheit setzte er das Konzil fort. Dies gilt nicht nur f\u00fcr seine gro\u00dfe Aufmerksamkeit f\u00fcr das Konzilsgeschehen, sondern besonders auch f\u00fcr die Verwirklichung der nachkonziliaren Reformen bis zu seinem Tod am 6. August 1978.<\/p>\n<h3>Heiligsprechung<\/h3>\n<p>Paul VI. wurde am 19. Oktober 2014 seliggesprochen. Am 6. M\u00e4rz 2018 erkannte Papst Franziskus ein f\u00fcr die Heiligsprechung notwendiges Wunder an. Die Heiligsprechung Pauls VI. fand am 14. Oktober 2018 statt. &#8230; Damit wird ab 2019 der Gedenktag Pauls VI. am Jahrestag seiner Priesterweihe begangen.<\/p>\n<h3><strong>Weitere Hinweise und Quellen<\/strong><\/h3>\n<ul>\n<li><a href=\"http:\/\/w2.vatican.va\/content\/paul-vi\/de.html\" target=\"_blank\" rel=\"noopener\">Homepage des hl. Papstes Paul VI.<\/a> (Vatikan)<\/li>\n<li><a title=\"Homepage des seligen Papst Paul VI.\" href=\"http:\/\/www.vatican.va\/holy_father\/paul_vi\/encyclicals\/index_ge.htm\" target=\"_blank\" rel=\"noopener\">Ezykliken (\u00dcbersicht) des heiligen Papst Paul VI.<\/a><\/li>\n<li><a title=\"Enzyklika Humanae Vitae \u00fcber die Weitergabe des Lebens\" href=\"http:\/\/www.vatican.va\/holy_father\/paul_vi\/encyclicals\/documents\/hf_p-vi_enc_25071968_humanae-vitae_ge.html\" target=\"_blank\" rel=\"noopener\">Enzyklika Humanae Vitae \u00fcber die Weitergabe des Lebens<\/a><\/li>\n<li><a title=\"Enzyklika Mysterium Fidei \u00fcber die Lehre und den Kult der heiligen Eucharistie\" href=\"http:\/\/www.vatican.va\/holy_father\/paul_vi\/encyclicals\/documents\/hf_p-vi_enc_03091965_mysterium_ge.html\" target=\"_blank\" rel=\"noopener\">Enzyklika Mysterium Fidei \u00fcber die Lehre und den Kult der heiligen Eucharistie<\/a><\/li>\n<li>\n<p id=\"firstHeading\" class=\"firstHeading\" lang=\"de\"><a href=\"https:\/\/de.wikipedia.org\/wiki\/Paul_VI.\" target=\"_blank\" rel=\"noopener\">Paul VI.<\/a> (Wikipedia)<\/p>\n<\/li>\n<\/ul>\n<p>&nbsp;<\/p>\n","protected":false},"excerpt":{"rendered":"<p>Der Konzilspapst Paul VI. wurde im Oktober 2018 heilig gesprochen Mit der Seligsprechung von Papst Paul VI. ist die Familiensynode am Sonntag, 19. Oktober 2014 offiziell zu Ende gegangen. Der 26. September wird k\u00fcnftig der liturgische Gedenktag des neuen Seligen Paul VI. sein, welches der Geburtstag von Giovanni Battista Montini, der von 1963 bis 1978 &hellip; <a href=\"https:\/\/website.ifit.li\/?p=4026\" class=\"more-link\"><span class=\"screen-reader-text\">Enzyklika Humanae Vitae wegweisend f\u00fcr Synode Ehe und Familie<\/span> weiterlesen <span class=\"meta-nav\">&rarr;<\/span><\/a><\/p>\n","protected":false},"author":1,"featured_media":12691,"comment_status":"closed","ping_status":"open","sticky":false,"template":"","format":"standard","meta":{"footnotes":""},"categories":[68,2],"tags":[127,435,176,172,34,434],"class_list":["post-4026","post","type-post","status-publish","format-standard","has-post-thumbnail","hentry","category-ehe-und-familie","category-kirche","tag-ehesakrament","tag-enzyklika","tag-familie","tag-gewissen","tag-humanae-vitae","tag-paul-vi"],"_links":{"self":[{"href":"https:\/\/website.ifit.li\/index.php?rest_route=\/wp\/v2\/posts\/4026","targetHints":{"allow":["GET"]}}],"collection":[{"href":"https:\/\/website.ifit.li\/index.php?rest_route=\/wp\/v2\/posts"}],"about":[{"href":"https:\/\/website.ifit.li\/index.php?rest_route=\/wp\/v2\/types\/post"}],"author":[{"embeddable":true,"href":"https:\/\/website.ifit.li\/index.php?rest_route=\/wp\/v2\/users\/1"}],"replies":[{"embeddable":true,"href":"https:\/\/website.ifit.li\/index.php?rest_route=%2Fwp%2Fv2%2Fcomments&post=4026"}],"version-history":[{"count":6,"href":"https:\/\/website.ifit.li\/index.php?rest_route=\/wp\/v2\/posts\/4026\/revisions"}],"predecessor-version":[{"id":12690,"href":"https:\/\/website.ifit.li\/index.php?rest_route=\/wp\/v2\/posts\/4026\/revisions\/12690"}],"wp:featuredmedia":[{"embeddable":true,"href":"https:\/\/website.ifit.li\/index.php?rest_route=\/wp\/v2\/media\/12691"}],"wp:attachment":[{"href":"https:\/\/website.ifit.li\/index.php?rest_route=%2Fwp%2Fv2%2Fmedia&parent=4026"}],"wp:term":[{"taxonomy":"category","embeddable":true,"href":"https:\/\/website.ifit.li\/index.php?rest_route=%2Fwp%2Fv2%2Fcategories&post=4026"},{"taxonomy":"post_tag","embeddable":true,"href":"https:\/\/website.ifit.li\/index.php?rest_route=%2Fwp%2Fv2%2Ftags&post=4026"}],"curies":[{"name":"wp","href":"https:\/\/api.w.org\/{rel}","templated":true}]}}