{"id":3986,"date":"2014-01-12T00:26:38","date_gmt":"2014-01-11T23:26:38","guid":{"rendered":"http:\/\/ifit.ch\/?p=3810"},"modified":"2021-06-18T15:53:19","modified_gmt":"2021-06-18T13:53:19","slug":"ja-zur-eidgenoessischen-volksinitiative-abtreibungsfinanzierung-ist-privatsache-am-9-februar-2014","status":"publish","type":"post","link":"https:\/\/website.ifit.li\/?p=3986","title":{"rendered":"Ja zur Eidgen\u00f6ssischen Volksinitiative \u201cAbtreibungsfinanzierung ist Privatsache\u201d am 9. Februar 2014"},"content":{"rendered":"<h1>Abtreibung muss privat finanziert werden &#8211; Es gibt keine negative Solidarit\u00e4t!<\/h1>\n<p>Die Bef\u00fcrworter der Eidgen\u00f6ssischen Volksinitiative \u201c<a title=\"Abtreibungsfinanzierung ist Privatsache\" href=\"http:\/\/privatsache.ch\/\" target=\"_blank\" rel=\"noopener noreferrer\">Abtreibungsfinanzierung ist Privatsache<\/a>\u201d vom 9. Februar 2014 sagen Ja, weil unser menschliches Leben aus moralischen und ethischen Gr\u00fcnden gesch\u00fctzt werden muss, weil <strong><span style=\"color: #ff0000;\">ein ungeborenes Kind nicht als eine Krankheit <\/span><\/strong>bezeichnet werden kann, welche durch\u00a0eine obligatorische Basisversicherung der Krankenkasse von allen Pr\u00e4mienzahlern, das heisst, von uns allen, geleistet\u00a0werden muss, Das ist Sippenhaft und geradezu die Perversion der Solidarit\u00e4t (eine negative Solidarit\u00e4t). Der Begriffsinhalt &#171;<a title=\"Solidarit\u00e4t\" href=\"http:\/\/de.wikipedia.org\/wiki\/Solidarit%C3%A4t\" target=\"_blank\" rel=\"noopener noreferrer\">Solidarit\u00e4t<\/a>&#187; ist aber positiv belegt und kann nicht per Gesetz zum T\u00f6ten und brutalen Vernichten von ungewollten menschlichem Leben angewendet werden. Wer als Mann oder Frau Leben zeugen will, muss sich vorher bewusst sein, was er oder sie tut. Wer dies un\u00fcberlegt tut, mit Gewalt oder krankhaft aus\u00fcbt, der muss von einem Arzt erkannt und behandelt werden. Und diese Behandlung, auch schon wenn es Pr\u00e4vention ist, soll die Krankenkasse bezahlen? Das kann oder darf nicht nach Lust und Laune (siehe <a title=\"Hedonismus\" href=\"http:\/\/de.wikipedia.org\/wiki\/Hedonismus\" target=\"_blank\" rel=\"noopener noreferrer\">Hedonismus<\/a>) auf Kosten der Gesellschaft gebilligt werden, sondern jeder oder jede muss die Verantwortung f\u00fcr seinen freien Willen tragen, wenn dieser Wille negativ ist und gegen <a title=\"Naturrecht\" href=\"http:\/\/de.wikipedia.org\/wiki\/Naturrecht\" target=\"_blank\" rel=\"noopener noreferrer\">Naturrecht<\/a> oder <a title=\"Menschenrechte\" href=\"http:\/\/de.wikipedia.org\/wiki\/Menschenrecht\" target=\"_blank\" rel=\"noopener noreferrer\">Menschenrechte<\/a> verst\u00f6sst. Das ist doch bei jedem anderen negativen Willensakt auch so! Der Gesetzgeber muss die Gesellschaft auch vor diesem Missbrauch sch\u00fctzen, wie das im Strafgesetz immer geschieht und\u00a0nicht\u00a0noch permissiv durch Ideologien wie <a title=\"Genderismus\" href=\"http:\/\/wikimannia.org\/Genderismus\" target=\"_blank\" rel=\"noopener noreferrer\">Genderismus<\/a> in den Lehrpl\u00e4nen von Schulen und schon im Kindergarten zu verleiten oder zu verf\u00fchren suchen. <!--more-->Der Wert eines Lebens kann nicht in Franken und Rappen beziffert werden. Jedes menschliche Leben ist wertvoll, ein Geschenk und verdient es, gesch\u00fctzt zu werden. Ein Kind schenkt seinen Eltern viel Freude und Liebe. Diese Liebe geht unserer Gesellschaft jedes Jahr \u00fcber 10&#8217;000 Mal verloren. Keine einzige Mutter auf dieser Welt w\u00fcrde freiwillig und ohne Zwang ihr eigenes Kind t\u00f6ten. Jedes Mal, wenn dies geschieht, wird auch ein Teil der Mutter get\u00f6tet. Deshalb muss das menschliche Leben besonders gesch\u00fctzt werden. Ein ungeborenes Kind ist keine Krankheit. Die Krankenkassenpr\u00e4mien sollen dazu dienen, Leben zu sch\u00fctzen und Kranke wieder gesund zu machen. Ausserdem ist die Glaubens- und Gewissensfreiheit ein sowohl durch die <a title=\"Bundesverfassung\" href=\"http:\/\/de.wikipedia.org\/wiki\/Bundesverfassung_der_Schweizerischen_Eidgenossenschaft\" target=\"_blank\" rel=\"noopener noreferrer\">Bundesverfassung<\/a> als auch durch die <a title=\"Europ\u00e4ischen Menschrechtskonventionen\" href=\"http:\/\/de.wikipedia.org\/wiki\/Europ%C3%A4ische_Menschenrechtskonvention\" target=\"_blank\" rel=\"noopener noreferrer\">Europ\u00e4ischen Menschrechtskonventionen<\/a> garantiertes Grundrecht.<\/p>\n<figure id=\"attachment_37119\" aria-describedby=\"caption-attachment-37119\" style=\"width: 474px\" class=\"wp-caption alignleft\"><a href=\"https:\/\/ml2mintiuscj.i.optimole.com\/w:auto\/h:auto\/q:mauto\/f:best\/https:\/\/website.ifit.li\/wp-content\/uploads\/2014\/01\/Neugeborenes-Baby-1.png\"><img data-opt-id=2039129115  fetchpriority=\"high\" decoding=\"async\" class=\"size-large wp-image-37119\" src=\"https:\/\/ml2mintiuscj.i.optimole.com\/w:1024\/h:375\/q:mauto\/f:best\/https:\/\/website.ifit.li\/wp-content\/uploads\/2014\/01\/Neugeborenes-Baby-1.png\" alt=\"\" width=\"474\" height=\"174\" srcset=\"https:\/\/ml2mintiuscj.i.optimole.com\/w:1024\/h:375\/q:mauto\/f:best\/https:\/\/website.ifit.li\/wp-content\/uploads\/2014\/01\/Neugeborenes-Baby-1.png 1024w, https:\/\/ml2mintiuscj.i.optimole.com\/w:300\/h:110\/q:mauto\/f:best\/https:\/\/website.ifit.li\/wp-content\/uploads\/2014\/01\/Neugeborenes-Baby-1.png 300w, https:\/\/ml2mintiuscj.i.optimole.com\/w:768\/h:281\/q:mauto\/f:best\/https:\/\/website.ifit.li\/wp-content\/uploads\/2014\/01\/Neugeborenes-Baby-1.png 768w, https:\/\/ml2mintiuscj.i.optimole.com\/w:1229\/h:450\/q:mauto\/f:best\/https:\/\/website.ifit.li\/wp-content\/uploads\/2014\/01\/Neugeborenes-Baby-1.png 1229w\" sizes=\"(max-width: 474px) 100vw, 474px\" \/><\/a><figcaption id=\"caption-attachment-37119\" class=\"wp-caption-text\">Ein ungeborenes Kind ist keine Krankheit. Die Krankenkassenpr\u00e4mien sollen dazu dienen,<br \/>Leben zu sch\u00fctzen und Kranke wieder gesund zu machen.<\/figcaption><\/figure>\n<p>Dieses Grundrecht wird mit F\u00fcssen getreten, weil die meisten Menschen in der Schweiz die T\u00f6tung von ungeborenen Kindern gar nicht wollen und trotzdem mitfinanzieren m\u00fcssen. In welchem anderen Land ausser der Schweiz ist denn das so geregelt. Alle im Ausland sch\u00fctteln den Kopf und sagen spontan: &#171;Na so &#8218;was!&#187; Die Finanzierung von Abtreibungen durch die Krankenversicherung weckt ausserdem falsche Vorstellungen (aha, die Schweiz hat eine Versicherung, die Versicherung gegen die Schwangerschaft, mit straffreien Abbruch!). Aber eine Abtreibung vernichtet Leben, menschliches Leben, ein entstehender Mensch (nicht etwa ein Zellklumpen oder eine Ameise) wird get\u00f6tet. Nein, ein Mensch! Das ist die Trag\u00f6die!\u00a0Eine Abtreibung ist auch mit wesentlichen Risiken f\u00fcr die k\u00f6rperliche und psychische Gesundheit der Frau (und des Vaters) verbunden. Frauen k\u00f6nnen ohne Wissen ihres Partners das gemeinsame Kind t\u00f6ten lassen; M\u00e4nner k\u00f6nnen ihre Partnerinnen zu einer Abtreibung n\u00f6tigen, da die Gesellschaft und nicht die Direktbetroffenen die finanziellen Kosten zu tragen haben. Es ist ein Blankoschein f\u00fcr unverantwortliches Handeln. Nicht nur die betroffenen Paare, sondern die Gesellschaft als Ganzes muss ihre Verantwortung wahrnehmen. Dazu geh\u00f6rt auch eine Gesetzgebung, die das Verantwortungsbewusstsein f\u00f6rdert. Auch alle Christen, die bei der Taufe auf den Namen Christus (siehe <a title=\"Taufe\" href=\"http:\/\/www.kathpedia.com\/index.php?title=Taufe\" target=\"_blank\" rel=\"noopener noreferrer\">Taufe<\/a>) getauft worden sind, darum heissen sie ja Christen, m\u00fcssen f\u00fcr das Leben &#8211; und nicht f\u00fcr das T\u00f6ten von Menschen &#8211; eintreten!<\/p>\n<h1>Die Politik &#8211; macht es sich einfach &#8211; nennt nicht die Dinge beim Namen!<\/h1>\n<p>In der Gesch\u00e4ftsdatenbank &#171;Curia Vista&#187; wird\u00a0unter der Bezeichnung &#171;<a title=\"12.052 - Gesch\u00e4ft des Bundesrates\" href=\"http:\/\/www.parlament.ch\/d\/suche\/seiten\/geschaefte.aspx?gesch_id=20120052\" target=\"_blank\" rel=\"noopener noreferrer\">12.052 &#8211; Gesch\u00e4ft des Bundesrates<\/a>&#187; von der <strong><span style=\"color: #ff0000;\">Entlastung<\/span><\/strong> der Krankenversicherung durch <strong><span style=\"color: #ff0000;\">Streichung der Kosten des Schwangerschaftsabbruchs<\/span><\/strong> aus der obligatorischen Grundversicherung geredet und nicht von T\u00f6tung eines Menschen. Ja, so w\u00e4re es f\u00fcr mich auch einfach, weiterhin &#171;blind&#187; die Allgemeinheit f\u00fcr diesen sogenannten Eingriff\u00a0zahlen zu lassen. Aber wenn man das sehenden Auges als T\u00f6tung bezeichnet, wird es sich nicht nur der\u00a0Gegner\u00a0der Abtreibung zweimal \u00fcberlegen, ob er auch die Abtreibung quasi des N\u00e4chsten mitfinanzieren will. Den N\u00e4chsten lieben, ja, das ist das christliche Gebot, aber die Abtreibung des N\u00e4chsten mitfinanzieren, nein, das\u00a0fiele wohl nicht unters Gebot der N\u00e4chstenliebe. Aber bitte, will man uns denn f\u00fcr so dumm verkaufen? Da wird ja von &#171;Kosten&#187; geredet und nicht von &#171;T\u00f6tung&#187; menschlichen Lebens. Ist der Mensch also ein Kostenfaktor? Ist denn das Gesetz f\u00fcr Menschen da, oder der Mensch f\u00fcr das Gesetz?<br \/>\n<strong><span style=\"color: #ff0000;\">Liebe Schweizer Mitb\u00fcrgerinnen und Mitb\u00fcrger, stimmen Sie JA am 9. Februar und beten Sie, Freie Schweizer, und vor allem Ihr Christen und Menschen guten Willens, betet, dass unser Land diese Ungerechtigkeit erkennt und bek\u00e4mpft!<\/span><\/strong><\/p>\n<h3>Weitere Hinweise und Quellen<\/h3>\n<ul>\n<li><a href=\"https:\/\/website.ifit.li\/wp-content\/uploads\/2014\/01\/Abtreibungsfinanzierung-ist-Privastsache.pdf\" target=\"_blank\" rel=\"noopener\">Abtreibungsfinanzierung ist Privatsache<\/a> (PDF-Flyer)<\/li>\n<li><a href=\"https:\/\/website.ifit.li\/?p=184\" target=\"_blank\" rel=\"noopener\">Mit demokratischen Grundrechten eine Mehrheit zum Guten statt zum B\u00f6sen<\/a><\/li>\n<li><a title=\"\u25fePapst Franziskus verurteilt erneut Abtreibungen als Teil der \u00abWegwerf-Kultur\u00bb\" href=\"https:\/\/website.ifit.li\/?p=4909\" target=\"_blank\" rel=\"noopener noreferrer\">Es ist eine Trag\u00f6die, dass wir auch Menschen \u201awegwerfen\u2019, so behandeln wie Abfall<\/a><\/li>\n<li><a title=\"Abtreibung l\u00f6st kein Problem, t\u00f6tet ein Kind, zerst\u00f6rt die Frau, blendet das Gewissen des Vaters\" href=\"https:\/\/website.ifit.li\/?p=6205\" target=\"_blank\" rel=\"noopener noreferrer\">Abtreibung l\u00f6st kein Problem, t\u00f6tet ein Kind, zerst\u00f6rt die Frau, blendet das Gewissen des Vaters<\/a><\/li>\n<li><a title=\"Der Glaube ist eine der Bedingungen f\u00fcr die G\u00fcltigkeit der Ehe\" href=\"https:\/\/website.ifit.li\/?p=6212\" target=\"_blank\" rel=\"noopener noreferrer\">Der Glaube ist eine der Bedingungen f\u00fcr die G\u00fcltigkeit der Ehe<\/a><\/li>\n<li><a title=\"W\u00fcrde und Sinn von Ehe und Familie\" href=\"https:\/\/website.ifit.li\/?p=5339\" target=\"_blank\" rel=\"noopener noreferrer\">W\u00fcrde und Sinn von Ehe und Familie<\/a><\/li>\n<li><a title=\"Gender leugnet die von Gott gewollte menschliche Natur\" href=\"https:\/\/website.ifit.li\/?p=5707\" target=\"_blank\" rel=\"noopener\">Gender leugnet die von Gott gewollte menschliche Natur<\/a><\/li>\n<li><a href=\"https:\/\/website.ifit.li\/wp-content\/uploads\/2014\/01\/SKS-Nr.-04-2014-Leitartikel-Kirche-und-Familie.pdf\" target=\"_blank\" rel=\"noopener\">SKS Nr. 04 2014 Leitartikel Kirche und Familie<\/a> &#8211; PDF von Msgr. Christoph Casetti, ehemaliger Bischofsvikar in Chur (\u2020 9. Februar 2020)<\/li>\n<\/ul>\n","protected":false},"excerpt":{"rendered":"<p>Abtreibung muss privat finanziert werden &#8211; Es gibt keine negative Solidarit\u00e4t! Die Bef\u00fcrworter der Eidgen\u00f6ssischen Volksinitiative \u201cAbtreibungsfinanzierung ist Privatsache\u201d vom 9. Februar 2014 sagen Ja, weil unser menschliches Leben aus moralischen und ethischen Gr\u00fcnden gesch\u00fctzt werden muss, weil ein ungeborenes Kind nicht als eine Krankheit bezeichnet werden kann, welche durch\u00a0eine obligatorische Basisversicherung der Krankenkasse von &hellip; <a href=\"https:\/\/website.ifit.li\/?p=3986\" class=\"more-link\"><span class=\"screen-reader-text\">Ja zur Eidgen\u00f6ssischen Volksinitiative \u201cAbtreibungsfinanzierung ist Privatsache\u201d am 9. Februar 2014<\/span> weiterlesen <span class=\"meta-nav\">&rarr;<\/span><\/a><\/p>\n","protected":false},"author":1,"featured_media":37592,"comment_status":"closed","ping_status":"open","sticky":false,"template":"","format":"standard","meta":{"footnotes":""},"categories":[18],"tags":[183,208,528,530,534],"class_list":["post-3986","post","type-post","status-publish","format-standard","has-post-thumbnail","hentry","category-politik","tag-abtreibung","tag-leben","tag-totung","tag-ungerechtigkeit","tag-volksinitiative"],"_links":{"self":[{"href":"https:\/\/website.ifit.li\/index.php?rest_route=\/wp\/v2\/posts\/3986","targetHints":{"allow":["GET"]}}],"collection":[{"href":"https:\/\/website.ifit.li\/index.php?rest_route=\/wp\/v2\/posts"}],"about":[{"href":"https:\/\/website.ifit.li\/index.php?rest_route=\/wp\/v2\/types\/post"}],"author":[{"embeddable":true,"href":"https:\/\/website.ifit.li\/index.php?rest_route=\/wp\/v2\/users\/1"}],"replies":[{"embeddable":true,"href":"https:\/\/website.ifit.li\/index.php?rest_route=%2Fwp%2Fv2%2Fcomments&post=3986"}],"version-history":[{"count":14,"href":"https:\/\/website.ifit.li\/index.php?rest_route=\/wp\/v2\/posts\/3986\/revisions"}],"predecessor-version":[{"id":39267,"href":"https:\/\/website.ifit.li\/index.php?rest_route=\/wp\/v2\/posts\/3986\/revisions\/39267"}],"wp:featuredmedia":[{"embeddable":true,"href":"https:\/\/website.ifit.li\/index.php?rest_route=\/wp\/v2\/media\/37592"}],"wp:attachment":[{"href":"https:\/\/website.ifit.li\/index.php?rest_route=%2Fwp%2Fv2%2Fmedia&parent=3986"}],"wp:term":[{"taxonomy":"category","embeddable":true,"href":"https:\/\/website.ifit.li\/index.php?rest_route=%2Fwp%2Fv2%2Fcategories&post=3986"},{"taxonomy":"post_tag","embeddable":true,"href":"https:\/\/website.ifit.li\/index.php?rest_route=%2Fwp%2Fv2%2Ftags&post=3986"}],"curies":[{"name":"wp","href":"https:\/\/api.w.org\/{rel}","templated":true}]}}