{"id":3978,"date":"2013-12-05T19:29:56","date_gmt":"2013-12-05T18:29:56","guid":{"rendered":"http:\/\/ifit.ch\/?p=3733"},"modified":"2021-06-18T15:53:20","modified_gmt":"2021-06-18T13:53:20","slug":"offen-fuer-die-fluechtlinge-aus-mali-trotz-grosser-armut-im-eigenen-land","status":"publish","type":"post","link":"https:\/\/website.ifit.li\/?p=3978","title":{"rendered":"Offen f\u00fcr die Fl\u00fcchtlinge aus Mali trotz grosser Armut im eigenen Land"},"content":{"rendered":"<h1>Konsequenzen der Krise in Mali f\u00fcr die Di\u00f6zese Dori im Norden von Burkina Faso<\/h1>\n<p>\u00abDer Staatsstreich in Mali hat grosse Unsicherheit hervorgerufen. Wenn ein Brand aufflammt, weiss man nie, welche Richtung er nehmen wird. Noch ist die Lage ruhig, aber wir wissen nicht, was geschehen k\u00f6nnte.\u00bb So beschreibt Monsignore Laurent Birfuor\u00e9 Dabir\u00e9, Bischof von Dori, <a title=\"Kirche in Not\" href=\"http:\/\/www.kirche-in-not.ch\/\" target=\"_blank\" rel=\"noopener noreferrer\">Kirche in Not<\/a> gegen\u00fcber die Konsequenzen der malischen Krise f\u00fcr diese Di\u00f6zese im Norden von <a title=\"Burkina Faso\" href=\"https:\/\/maps.google.ch\/maps?q=Burkina+Faso&amp;hl=de&amp;sll=47.031045,8.1752&amp;sspn=0.740403,1.524353&amp;t=h&amp;hnear=Burkina+Faso&amp;z=7\" target=\"_blank\" rel=\"noopener noreferrer\">Burkina Faso<\/a>. \u00abDie westlichen Botschaften in Burkina haben den eigenen Mitb\u00fcrgern empfohlen, Reisen in die Gegend n\u00f6rdlich der Stadt <a title=\"Kaya\" href=\"https:\/\/maps.google.ch\/maps?q=Kaya&amp;hl=de&amp;sll=12.238333,-1.561593&amp;sspn=8.484961,12.194824&amp;t=h&amp;hnear=Kaya,+Sanmatenga,+Centre-Nord,+Burkina+Faso&amp;z=14\" target=\"_blank\" rel=\"noopener noreferrer\">Kaya<\/a> zu vermeiden, die sich gut 150 Kilometer s\u00fcdlich von Dori befindet. Und auch wir als Kirche haben es vorgezogen, die europ\u00e4ischen Missionare fort zu bringen, aus Angst, sie k\u00f6nnten f\u00fcr die Forderung von L\u00f6segeld entf\u00fchrt werden.\u00bb Eine weitere Folge des Konflikts ist der massive Fl\u00fcchtlingsstrom. <!--more--><\/p>\n<figure id=\"attachment_37165\" aria-describedby=\"caption-attachment-37165\" style=\"width: 338px\" class=\"wp-caption alignleft\"><a href=\"https:\/\/ml2mintiuscj.i.optimole.com\/w:auto\/h:auto\/q:mauto\/f:best\/https:\/\/website.ifit.li\/wp-content\/uploads\/2013\/12\/Kirche-in-Burkina-Faso-scaled.jpg\"><img data-opt-id=1358342681  fetchpriority=\"high\" decoding=\"async\" class=\" wp-image-37165\" src=\"https:\/\/ml2mintiuscj.i.optimole.com\/w:1024\/h:768\/q:mauto\/f:best\/https:\/\/website.ifit.li\/wp-content\/uploads\/2013\/12\/Kirche-in-Burkina-Faso.jpg\" alt=\"\" width=\"338\" height=\"253\" srcset=\"https:\/\/ml2mintiuscj.i.optimole.com\/w:1024\/h:768\/q:mauto\/f:best\/https:\/\/website.ifit.li\/wp-content\/uploads\/2013\/12\/Kirche-in-Burkina-Faso-scaled.jpg 1024w, https:\/\/ml2mintiuscj.i.optimole.com\/w:300\/h:225\/q:mauto\/f:best\/https:\/\/website.ifit.li\/wp-content\/uploads\/2013\/12\/Kirche-in-Burkina-Faso-scaled.jpg 300w, https:\/\/ml2mintiuscj.i.optimole.com\/w:768\/h:576\/q:mauto\/f:best\/https:\/\/website.ifit.li\/wp-content\/uploads\/2013\/12\/Kirche-in-Burkina-Faso-scaled.jpg 768w, https:\/\/ml2mintiuscj.i.optimole.com\/w:1440\/h:1080\/q:mauto\/f:best\/https:\/\/website.ifit.li\/wp-content\/uploads\/2013\/12\/Kirche-in-Burkina-Faso-scaled.jpg 1536w, https:\/\/ml2mintiuscj.i.optimole.com\/w:1440\/h:1080\/q:mauto\/f:best\/https:\/\/website.ifit.li\/wp-content\/uploads\/2013\/12\/Kirche-in-Burkina-Faso-scaled.jpg 2048w\" sizes=\"(max-width: 338px) 100vw, 338px\" \/><\/a><figcaption id=\"caption-attachment-37165\" class=\"wp-caption-text\">Kirche im Bistum Ouahigouya, Burkina Faso<\/figcaption><\/figure>\n<p>Die Di\u00f6zese Dori \u2013 in der Sahelzone, nur 150 km von der Grenze zu Mali entfernt gelegen \u2013 hat ca. 40.000 Fl\u00fcchtlinge aufgenommen, die auf zwei Fl\u00fcchtlingslager verteilt sind. \u00abIn einer Gegend, die so arm ist wie die des Sahel, ist es wirklich schwierig, sich um die N\u00f6te tausender Malier zu k\u00fcmmern und gleichzeitig weiterhin der Bev\u00f6lkerung vor Ort zu helfen, die gr\u00f6sstenteils nicht einmal \u00fcber das verf\u00fcgt, was den Fl\u00fcchtlingen gegeben wird. Wir mussten unsere Anstrengungen verdoppeln, doch gl\u00fccklicherweise hat unsere Caritas verschiedene Hilfen erhalten.\u00bb<\/p>\n<h2><b>Spannungen<\/b><\/h2>\n<p>Burkina Faso durchlebt heute eine heikle Zeit, gekennzeichnet von sozialen Spannungen, die vor allem mit der eventuellen Schaffung eines nationalen Senats in Verbindung stehen.<\/p>\n<figure id=\"attachment_37166\" aria-describedby=\"caption-attachment-37166\" style=\"width: 320px\" class=\"wp-caption alignleft\"><a href=\"https:\/\/ml2mintiuscj.i.optimole.com\/w:auto\/h:auto\/q:mauto\/f:best\/https:\/\/website.ifit.li\/wp-content\/uploads\/2013\/12\/Fluechtlinge-aus-Mali-scaled.jpg\"><img data-opt-id=1710349566  fetchpriority=\"high\" decoding=\"async\" class=\" wp-image-37166\" src=\"https:\/\/ml2mintiuscj.i.optimole.com\/w:1024\/h:768\/q:mauto\/f:best\/https:\/\/website.ifit.li\/wp-content\/uploads\/2013\/12\/Fluechtlinge-aus-Mali.jpg\" alt=\"\" width=\"320\" height=\"240\" srcset=\"https:\/\/ml2mintiuscj.i.optimole.com\/w:1024\/h:768\/q:mauto\/f:best\/https:\/\/website.ifit.li\/wp-content\/uploads\/2013\/12\/Fluechtlinge-aus-Mali-scaled.jpg 1024w, https:\/\/ml2mintiuscj.i.optimole.com\/w:300\/h:225\/q:mauto\/f:best\/https:\/\/website.ifit.li\/wp-content\/uploads\/2013\/12\/Fluechtlinge-aus-Mali-scaled.jpg 300w, https:\/\/ml2mintiuscj.i.optimole.com\/w:768\/h:576\/q:mauto\/f:best\/https:\/\/website.ifit.li\/wp-content\/uploads\/2013\/12\/Fluechtlinge-aus-Mali-scaled.jpg 768w, https:\/\/ml2mintiuscj.i.optimole.com\/w:1440\/h:1080\/q:mauto\/f:best\/https:\/\/website.ifit.li\/wp-content\/uploads\/2013\/12\/Fluechtlinge-aus-Mali-scaled.jpg 1536w, https:\/\/ml2mintiuscj.i.optimole.com\/w:1440\/h:1080\/q:mauto\/f:best\/https:\/\/website.ifit.li\/wp-content\/uploads\/2013\/12\/Fluechtlinge-aus-Mali-scaled.jpg 2048w\" sizes=\"(max-width: 320px) 100vw, 320px\" \/><\/a><figcaption id=\"caption-attachment-37166\" class=\"wp-caption-text\">Fl\u00fcchtlinge aus Mali werden medizinisch versorgt<\/figcaption><\/figure>\n<p>Mit der Verfassung von 1991 eingef\u00fchrt, wurde die zweite Kammer kaum zwei Jahre sp\u00e4ter aufgrund fehlender \u00f6konomischer Ressourcen wieder geschlossen. Monsignore Dabir\u00e9 bemerkt: \u00abIch weiss nicht, auf welcher Grundlage die Meinung beruht, das Land k\u00f6nne eine solche finanzielle Belastung f\u00fcr eine Institution auf sich nehmen, der ein starker Wind seitens der Opposition und der Zivilgesellschaft entgegenweht. Es ist klar, dass der Senat dazu dient, Vertretern des vorherigen Regimes, die keinen Platz in der aktuellen Regierung haben, einen Raum zu geben, und der letzteren eine stabilere Mehrheit zu garantieren, um nach eigenem Gutd\u00fcnken die Verfassung \u00e4ndern zu k\u00f6nnen. Es geht da beispielsweise um den Artikel bez\u00fcglich der Beschr\u00e4nkung der Zahl der Mandate des Pr\u00e4sidenten.\u00bb<\/p>\n<h1><b>1% Christen im Norden<\/b><\/h1>\n<p>Msgr. Dabir\u00e9, der im vergangenen Januar von der s\u00fcdlichen Di\u00f6zese Di\u00e9bougou nach Dori gezogen ist, beschreibt KIRCHE IN NOT gegen\u00fcber die g\u00e4nzlich anderen Bedingungen f\u00fcr die Kirche im Norden von Burkina Faso. \u00abWo der S\u00fcden viel st\u00e4rker christianisiert ist, machen hier die Christen gerade mal 1% der Bev\u00f6lkerung aus, bei 95-96% Moslems.\u00bb Die interreligi\u00f6sen Beziehungen sind jedoch gut, auch dank drei Jahrzehnte langer Bem\u00fchungen zur F\u00f6rderung des Dialogs zwischen verschiedenen Ethnien und Religionen, f\u00fcr den die Di\u00f6zese ein eigenes Gremium geschaffen hat: Die br\u00fcderliche Einheit der Gl\u00e4ubigen. Der Bischof erkl\u00e4rt: \u00abDie einzigen Schwierigkeiten tauchen auf, wenn es zu Konversionen vom Islam zum Christentum kommt. Der Grossteil der Bev\u00f6lkerung sieht die Religionen, die sich vom Islam unterscheiden, als fremd an und die Konversion vom Islam als Verrat.\u00bb Ein weiteres Instrument zur F\u00f6rderung des friedlichen Zusammenlebens stellen die f\u00fcnf katholischen Schulen dar, die aufgrund der geringen Zahl der Christen haupts\u00e4chlich von Muslimen besucht werden. Zudem verwaltet die Di\u00f6zese ein M\u00e4dchengymnasium, um vielen M\u00e4dchen, die ansonsten mit nur 14 oder 15 Jahren heiraten w\u00fcrden, eine Perspektive zu geben. Schliesslich dankt Monsignore Dabir\u00e9 den Wohlt\u00e4tern von KIRCHE IN NOT. \u00abDas, was Ihr tut, hilft wirklich der Kirche, den Auftrag Christi auszuf\u00fchren, wo die fehlenden Mittel eine solche Mission unm\u00f6glich machen. Ich selber habe ein Studienstipendium von KIRCHE IN NOT erhalten, das es mir erm\u00f6glicht hat, mein Doktorat in Kirchenrecht zu machen.\u00bb<br \/>\n<a title=\"Kirche in Not\" href=\"http:\/\/www.kirche-in-not.ch\/\" target=\"_blank\" rel=\"noopener noreferrer\">Kirche in Not<\/a>\u00a0unterst\u00fctzte Projekte in Burkina Faso im Jahr 2012 mit CHF 690 000.<\/p>\n<h2><b>Spenden mit dem Vermerk \u00ab<strong>Burkina Faso<\/strong>\u00bb richten an:<\/b><\/h2>\n<p><strong><a href=\"https:\/\/ml2mintiuscj.i.optimole.com\/w:auto\/h:auto\/q:mauto\/f:best\/https:\/\/website.ifit.li\/wp-content\/uploads\/2015\/02\/Kirche-in-Not-Logo-70x70.jpg\"><img data-opt-id=1658698747  fetchpriority=\"high\" decoding=\"async\" class=\"alignleft size-full wp-image-4966\" src=\"https:\/\/ml2mintiuscj.i.optimole.com\/w:70\/h:70\/q:mauto\/f:best\/dpr:2\/https:\/\/website.ifit.li\/wp-content\/uploads\/2015\/02\/Kirche-in-Not-Logo-70x70.jpg\" alt=\"Bild: Kirche in Not\" width=\"70\" height=\"70\" \/><\/a>KIRCHE IN NOT<\/strong><strong>\u00a0Schweiz\/F\u00fcrstentum Liechtenstein <\/strong>Cysatstrasse 6, 6004 Luzern, Tel. 041 410 46 70; Fax 041 410 31 70 E-Mail: <a href=\"mailto:mail@kirche-in-not.ch\" target=\"_blank\" rel=\"noopener noreferrer\">mail@kirche-in-not.ch<\/a>; Internet: <a title=\"www.kirche-in-not.ch\" href=\"http:\/\/www.kirche-in-not.ch\/\" target=\"_blank\" rel=\"noopener noreferrer\">www.kirche-in-not.ch<\/a> Konto PC 60-17200-9; Credit Suisse Luzern, Konto 0463-997.427-10-1<\/p>\n","protected":false},"excerpt":{"rendered":"<p>Konsequenzen der Krise in Mali f\u00fcr die Di\u00f6zese Dori im Norden von Burkina Faso \u00abDer Staatsstreich in Mali hat grosse Unsicherheit hervorgerufen. Wenn ein Brand aufflammt, weiss man nie, welche Richtung er nehmen wird. Noch ist die Lage ruhig, aber wir wissen nicht, was geschehen k\u00f6nnte.\u00bb So beschreibt Monsignore Laurent Birfuor\u00e9 Dabir\u00e9, Bischof von Dori, &hellip; <a href=\"https:\/\/website.ifit.li\/?p=3978\" class=\"more-link\"><span class=\"screen-reader-text\">Offen f\u00fcr die Fl\u00fcchtlinge aus Mali trotz grosser Armut im eigenen Land<\/span> weiterlesen <span class=\"meta-nav\">&rarr;<\/span><\/a><\/p>\n","protected":false},"author":1,"featured_media":37167,"comment_status":"open","ping_status":"open","sticky":false,"template":"","format":"standard","meta":{"footnotes":""},"categories":[2],"tags":[236,30,497],"class_list":["post-3978","post","type-post","status-publish","format-standard","has-post-thumbnail","hentry","category-kirche","tag-armut","tag-kirche-in-not","tag-krieg"],"_links":{"self":[{"href":"https:\/\/website.ifit.li\/index.php?rest_route=\/wp\/v2\/posts\/3978","targetHints":{"allow":["GET"]}}],"collection":[{"href":"https:\/\/website.ifit.li\/index.php?rest_route=\/wp\/v2\/posts"}],"about":[{"href":"https:\/\/website.ifit.li\/index.php?rest_route=\/wp\/v2\/types\/post"}],"author":[{"embeddable":true,"href":"https:\/\/website.ifit.li\/index.php?rest_route=\/wp\/v2\/users\/1"}],"replies":[{"embeddable":true,"href":"https:\/\/website.ifit.li\/index.php?rest_route=%2Fwp%2Fv2%2Fcomments&post=3978"}],"version-history":[{"count":1,"href":"https:\/\/website.ifit.li\/index.php?rest_route=\/wp\/v2\/posts\/3978\/revisions"}],"predecessor-version":[{"id":37168,"href":"https:\/\/website.ifit.li\/index.php?rest_route=\/wp\/v2\/posts\/3978\/revisions\/37168"}],"wp:featuredmedia":[{"embeddable":true,"href":"https:\/\/website.ifit.li\/index.php?rest_route=\/wp\/v2\/media\/37167"}],"wp:attachment":[{"href":"https:\/\/website.ifit.li\/index.php?rest_route=%2Fwp%2Fv2%2Fmedia&parent=3978"}],"wp:term":[{"taxonomy":"category","embeddable":true,"href":"https:\/\/website.ifit.li\/index.php?rest_route=%2Fwp%2Fv2%2Fcategories&post=3978"},{"taxonomy":"post_tag","embeddable":true,"href":"https:\/\/website.ifit.li\/index.php?rest_route=%2Fwp%2Fv2%2Ftags&post=3978"}],"curies":[{"name":"wp","href":"https:\/\/api.w.org\/{rel}","templated":true}]}}