{"id":3868,"date":"2013-11-12T20:17:38","date_gmt":"2013-11-12T19:17:38","guid":{"rendered":"http:\/\/www.ifitblog.ch\/wordpress\/?p=3868"},"modified":"2021-06-18T15:53:23","modified_gmt":"2021-06-18T13:53:23","slug":"nur-die-philippinische-caritas-erreicht-katastrophengebiete-speziell-durch-infos-von-pfarreien-betroffener-dioezesen","status":"publish","type":"post","link":"https:\/\/website.ifit.li\/?p=3868","title":{"rendered":"Nur die philippinische Caritas erreicht Katastrophengebiete speziell durch Infos von Pfarreien betroffener Di\u00f6zesen"},"content":{"rendered":"<h1>Nothilfe f\u00fcr die Opfer des Taifuns Haiyan auf den Philippinen<\/h1>\n<p>Das weltweite katholische Hilfswerk <a title=\"Kirche in Not\" href=\"http:\/\/www.kirche-in-not.ch\" target=\"_blank\" rel=\"noopener noreferrer\">Kirche in Not<\/a> hat Nothilfe im Umfang von CHF 125\u2018000 f\u00fcr die Opfer des Taifuns Haiyan bereitgestellt, der vergangenes Wochenende auf den Philippinen eine Spur der Verw\u00fcstung hinterlassen hat.<\/p>\n<figure id=\"attachment_37172\" aria-describedby=\"caption-attachment-37172\" style=\"width: 326px\" class=\"wp-caption alignleft\"><a href=\"https:\/\/ml2mintiuscj.i.optimole.com\/w:auto\/h:auto\/q:mauto\/f:best\/https:\/\/website.ifit.li\/wp-content\/uploads\/2013\/11\/Taifun-2-scaled.jpg\"><img data-opt-id=141447527  fetchpriority=\"high\" decoding=\"async\" class=\" wp-image-37172\" src=\"https:\/\/ml2mintiuscj.i.optimole.com\/w:680\/h:1024\/q:mauto\/f:best\/https:\/\/website.ifit.li\/wp-content\/uploads\/2013\/11\/Taifun-2.jpg\" alt=\"\" width=\"326\" height=\"491\" srcset=\"https:\/\/ml2mintiuscj.i.optimole.com\/w:680\/h:1024\/q:mauto\/f:best\/https:\/\/website.ifit.li\/wp-content\/uploads\/2013\/11\/Taifun-2-scaled.jpg 680w, https:\/\/ml2mintiuscj.i.optimole.com\/w:199\/h:300\/q:mauto\/f:best\/https:\/\/website.ifit.li\/wp-content\/uploads\/2013\/11\/Taifun-2-scaled.jpg 199w, https:\/\/ml2mintiuscj.i.optimole.com\/w:717\/h:1080\/q:mauto\/f:best\/https:\/\/website.ifit.li\/wp-content\/uploads\/2013\/11\/Taifun-2-scaled.jpg 768w, https:\/\/ml2mintiuscj.i.optimole.com\/w:717\/h:1080\/q:mauto\/f:best\/https:\/\/website.ifit.li\/wp-content\/uploads\/2013\/11\/Taifun-2-scaled.jpg 1020w, https:\/\/ml2mintiuscj.i.optimole.com\/w:717\/h:1080\/q:mauto\/f:best\/https:\/\/website.ifit.li\/wp-content\/uploads\/2013\/11\/Taifun-2-scaled.jpg 1360w, https:\/\/ml2mintiuscj.i.optimole.com\/w:717\/h:1080\/q:mauto\/f:best\/https:\/\/website.ifit.li\/wp-content\/uploads\/2013\/11\/Taifun-2-scaled.jpg 1700w\" sizes=\"(max-width: 326px) 100vw, 326px\" \/><\/a><figcaption id=\"caption-attachment-37172\" class=\"wp-caption-text\">Das Bild stammt von Oktober 2011 vom Taifun Nesat, Provinz Bulacan<\/figcaption><\/figure>\n<p>Besonders betroffen waren die Provinz <a title=\"Leyte\" href=\"https:\/\/maps.google.ch\/maps?q=Leyte&amp;hl=de&amp;sll=47.031045,8.1752&amp;sspn=0.794693,1.794891&amp;t=h&amp;hnear=Leyte,+Eastern+Visayas,+Philippinen&amp;z=11\" target=\"_blank\" rel=\"noopener noreferrer\">Leyte<\/a>, die Insel <a title=\"Samar\" href=\"https:\/\/maps.google.ch\/maps?q=Samar&amp;hl=de&amp;sll=11.366667,124.483333&amp;sspn=0.571524,0.897446&amp;t=h&amp;hnear=Samar&amp;z=9\" target=\"_blank\" rel=\"noopener noreferrer\">Samar<\/a> sowie die Stadt <a title=\"Guiuan\" href=\"https:\/\/maps.google.ch\/maps?q=Guiuan&amp;hl=de&amp;sll=11.932458,125.038816&amp;sspn=2.281311,3.589783&amp;t=h&amp;hnear=Guiuan,+Eastern+Samar,+Eastern+Visayas,+Philippinen&amp;z=12\" target=\"_blank\" rel=\"noopener noreferrer\">Guiuan<\/a> im philippinischen Osten sowie <a title=\"Bantayan\" href=\"https:\/\/maps.google.ch\/maps?q=Bantayan&amp;hl=de&amp;sll=11.035248,125.724502&amp;sspn=0.286091,0.448723&amp;t=h&amp;hnear=Bantayan&amp;z=12\" target=\"_blank\" rel=\"noopener noreferrer\">Bantayan<\/a> Island und <a title=\"Daangbantayan\" href=\"https:\/\/maps.google.ch\/maps?q=Daangbantayan&amp;hl=de&amp;ll=11.246429,124.017448&amp;spn=0.285883,0.448723&amp;sll=11.184307,123.746246&amp;sspn=0.285945,0.448723&amp;t=h&amp;hnear=Daanbantayan,+Cebu,+Central+Visayas,+Philippinen&amp;z=12\" target=\"_blank\" rel=\"noopener noreferrer\">Daangbantayan<\/a> auf der zentralphilippinischen Insel <a title=\"Cebu\" href=\"https:\/\/maps.google.ch\/maps?q=Cebu&amp;hl=de&amp;sll=11.246429,124.017448&amp;sspn=0.285883,0.448723&amp;t=h&amp;hnear=Cebu+City,+Cebu,+Central+Visayas,+Philippinen&amp;z=11\" target=\"_blank\" rel=\"noopener noreferrer\">Cebu<\/a>. Auch im Westen gab es verheerende Sch\u00e4den, so zum Beispiel in den St\u00e4dten <a title=\"Iloilo\" href=\"https:\/\/maps.google.ch\/maps?q=Iloilo&amp;hl=de&amp;sll=10.315699,123.885437&amp;sspn=0.573536,0.897446&amp;t=h&amp;hnear=Iloilo+City,+Iloilo,+Western+Visayas,+Philippinen&amp;z=13\" target=\"_blank\" rel=\"noopener noreferrer\">Iloilo<\/a> und <a title=\"Coron\" href=\"https:\/\/maps.google.ch\/maps?q=Coron&amp;hl=de&amp;ll=10.422988,121.311035&amp;spn=9.16387,14.359131&amp;sll=10.72015,122.562106&amp;sspn=0.143197,0.224361&amp;t=h&amp;hnear=Coron,+MIMAROPA,+Philippinen&amp;z=7\" target=\"_blank\" rel=\"noopener noreferrer\">Coron<\/a> sowie auf der Insel <a title=\"Palawan\" href=\"https:\/\/maps.google.ch\/maps?q=Palawan&amp;hl=de&amp;ll=9.838979,118.740234&amp;spn=9.180513,14.359131&amp;sll=10.422988,121.311035&amp;sspn=9.16387,14.359131&amp;t=h&amp;hnear=Palawan,+MIMAROPA,+Philippinen&amp;z=7\" target=\"_blank\" rel=\"noopener noreferrer\">Palawan<\/a>. Die Beh\u00f6rden bef\u00fcrchten \u00fcber 10 000 Todesopfer.\u00a0Das folgende Interview wurde von Kirche in mit Frater Edwin Gariguez, Gesch\u00e4ftsf\u00fchrer der CBCP Caritas Filipinas Foundation, am Dienstag, 12. November, um 18 Uhr Lokalzeit (Philippinen) gef\u00fchrt.<!--more--><\/p>\n<h2>Wie ist die aktuelle Situation nach diesem zerst\u00f6rerischen Taifun?<\/h2>\n<p><strong>Fr. Edwin Gariguez<\/strong>: \u201eDer Schaden ist wirklich riesig und die Situation ist verheerend, besonders auf der Insel <a title=\"Leyte\" href=\"https:\/\/maps.google.ch\/maps?q=Leyte&amp;hl=de&amp;sll=47.031045,8.1752&amp;sspn=0.794693,1.794891&amp;t=h&amp;hnear=Leyte,+Eastern+Visayas,+Philippinen&amp;z=11\" target=\"_blank\" rel=\"noopener noreferrer\">Leyte<\/a>. Diese Provinz hat es sehr schlimm erwischt, wor\u00fcber auch in den Medien berichtet wird.<\/p>\n<figure id=\"attachment_37173\" aria-describedby=\"caption-attachment-37173\" style=\"width: 319px\" class=\"wp-caption alignleft\"><a href=\"https:\/\/ml2mintiuscj.i.optimole.com\/w:auto\/h:auto\/q:mauto\/f:best\/https:\/\/website.ifit.li\/wp-content\/uploads\/2013\/11\/Taifun-4.jpg\"><img data-opt-id=2007600918  fetchpriority=\"high\" decoding=\"async\" class=\" wp-image-37173\" src=\"https:\/\/ml2mintiuscj.i.optimole.com\/w:1024\/h:679\/q:mauto\/f:best\/https:\/\/website.ifit.li\/wp-content\/uploads\/2013\/11\/Taifun-4.jpg\" alt=\"\" width=\"319\" height=\"212\" srcset=\"https:\/\/ml2mintiuscj.i.optimole.com\/w:1024\/h:679\/q:mauto\/f:best\/https:\/\/website.ifit.li\/wp-content\/uploads\/2013\/11\/Taifun-4.jpg 1024w, https:\/\/ml2mintiuscj.i.optimole.com\/w:300\/h:199\/q:mauto\/f:best\/https:\/\/website.ifit.li\/wp-content\/uploads\/2013\/11\/Taifun-4.jpg 300w, https:\/\/ml2mintiuscj.i.optimole.com\/w:768\/h:509\/q:mauto\/f:best\/https:\/\/website.ifit.li\/wp-content\/uploads\/2013\/11\/Taifun-4.jpg 768w, https:\/\/ml2mintiuscj.i.optimole.com\/w:1536\/h:1019\/q:mauto\/f:best\/https:\/\/website.ifit.li\/wp-content\/uploads\/2013\/11\/Taifun-4.jpg 1536w, https:\/\/ml2mintiuscj.i.optimole.com\/w:1628\/h:1080\/q:mauto\/f:best\/https:\/\/website.ifit.li\/wp-content\/uploads\/2013\/11\/Taifun-4.jpg 2048w\" sizes=\"(max-width: 319px) 100vw, 319px\" \/><\/a><figcaption id=\"caption-attachment-37173\" class=\"wp-caption-text\">Das Bild stammt von Oktober 2011 vom Taifun Nesat, Provinz Bulacan<\/figcaption><\/figure>\n<p>Aber es gibt noch viele andere Provinzen und Inseln, die sehr stark betroffen sind. Wir werden heute Nacht dort ankommen und Caritas International wird morgen Nachmittag zu uns stossen und mit uns gemeinsam die betroffenen Gebieten aufsuchen.\u201c<\/p>\n<h2>Was wird am meisten ben\u00f6tigt?<\/h2>\n<p><strong>Fr. Edwin Gariguez<\/strong>: \u201eNat\u00fcrlich ben\u00f6tigen die Gemeinden jetzt am dringendsten Lebensmittel und Wasser. Es gibt Berichte, dass es in der Provinz <a title=\"Leyte\" href=\"https:\/\/maps.google.ch\/maps?q=Leyte&amp;hl=de&amp;sll=47.031045,8.1752&amp;sspn=0.794693,1.794891&amp;t=h&amp;hnear=Leyte,+Eastern+Visayas,+Philippinen&amp;z=11\" target=\"_blank\" rel=\"noopener noreferrer\">Leyte<\/a>\u00a0zu Pl\u00fcnderungen kommt, weil die Menschen so verzweifelt sind. Es heisst auch, dass die Zahl der Toten weiter ansteigt. Wir versuchen, Gebiete zu erreichen, \u00fcber die in den Medien nicht berichtet wird, zu denen wir aber Informationen aus Quellen vor Ort bekommen, speziell von den Pfarreien in den betroffenen Di\u00f6zesen. So viele Menschen rufen um Hilfe, aber das Ausmass dieses Ungl\u00fccks ist so gewaltig, dass sogar die Regierung erkennt, wie schwierig es ist, alle Opfer dieses zerst\u00f6rerischen Super-Taifuns zu erreichen.\u201c<\/p>\n<h2>Viele Kirchen und kirchliche Einrichtungen sind vermutlich ebenfalls betroffen \u2026<\/h2>\n<p><strong>Fr. Edwin Gariguez<\/strong>: \u201eJa. Ja, wir haben einen Bericht von einer Nonne aus <a title=\"Cebu\" href=\"https:\/\/maps.google.ch\/maps?q=Cebu&amp;hl=de&amp;sll=11.246429,124.017448&amp;sspn=0.285883,0.448723&amp;t=h&amp;hnear=Cebu+City,+Cebu,+Central+Visayas,+Philippinen&amp;z=11\" target=\"_blank\" rel=\"noopener noreferrer\">Cebu<\/a>\u00a0erhalten. Sie teilte uns mit, dass 80 Prozent der Gemeinden praktisch dem Erdboden gleich gemacht sind, darunter Schulen, Kirchen und Sporthallen. Die meisten Geb\u00e4ude sind eingest\u00fcrzt.\u201c<\/p>\n<h2>Ich kann Ihnen versichern, dass die Menschen in Europa und in der ganzen Welt f\u00fcr Ihr Land beten \u2026<\/h2>\n<p><strong>Fr. Edwin Gariguez<\/strong>: \u201eBitte lassen Sie diese Menschen wissen, welche tiefe Dankbarkeit wir ihnen gegen\u00fcber empfinden, f\u00fcr ihre Solidarit\u00e4t, daf\u00fcr, dass sie uns in diesen schweren Zeiten zur Seite stehen. Wir sind in unserer Gegend an Taifune gewohnt, sie kommen und gehen, aber dieser Super-Taifun ist wirklich absolut katastrophal\u2026 Die Menschen sind so verzweifelt. Viele suchen nach ihren Angeh\u00f6rigen und so viele sind ums Leben gekommen.<\/p>\n<h2><b>Spenden mit dem Vermerk \u00ab<strong><span style=\"color: #000000;\">Philippinen \u2013 Taifun Haiyan<\/span><\/strong>\u00bb k\u00f6nnen gerichtet werden an:<\/b><\/h2>\n<p><a href=\"https:\/\/ml2mintiuscj.i.optimole.com\/w:auto\/h:auto\/q:mauto\/f:best\/https:\/\/website.ifit.li\/wp-content\/uploads\/2015\/02\/Kirche-in-Not-Logo-70x70.jpg\"><img data-opt-id=1658698747  fetchpriority=\"high\" decoding=\"async\" class=\"alignleft size-full wp-image-4966\" src=\"https:\/\/ml2mintiuscj.i.optimole.com\/w:70\/h:70\/q:mauto\/f:best\/dpr:2\/https:\/\/website.ifit.li\/wp-content\/uploads\/2015\/02\/Kirche-in-Not-Logo-70x70.jpg\" alt=\"Bild: Kirche in Not\" width=\"70\" height=\"70\" \/><\/a><a title=\"KIRCHE IN NOT\" href=\"http:\/\/www.kirche-in-not.ch\/\" target=\"_blank\" rel=\"noopener noreferrer\"><strong>KIRCHE IN NOT<\/strong><\/a><strong>\u00a0Schweiz\/F\u00fcrstentum Liechtenstein <\/strong>Cysatstrasse 6, 6004 Luzern, Tel. 041 410 46 70; Fax 041 410 31 70 E-Mail: <a href=\"mailto:mail@kirche-in-not.ch\" target=\"_blank\" rel=\"noopener noreferrer\">mail@kirche-in-not.ch<\/a>; Internet: <a title=\"www.kirche-in-not.ch\" href=\"http:\/\/www.kirche-in-not.ch\" target=\"_blank\" rel=\"noopener noreferrer\">www.kirche-in-not.ch<\/a> Konto PC 60-17200-9; Credit Suisse Luzern, Konto 0463-997.427-10-1<\/p>\n","protected":false},"excerpt":{"rendered":"<p>Nothilfe f\u00fcr die Opfer des Taifuns Haiyan auf den Philippinen Das weltweite katholische Hilfswerk Kirche in Not hat Nothilfe im Umfang von CHF 125\u2018000 f\u00fcr die Opfer des Taifuns Haiyan bereitgestellt, der vergangenes Wochenende auf den Philippinen eine Spur der Verw\u00fcstung hinterlassen hat. Besonders betroffen waren die Provinz Leyte, die Insel Samar sowie die Stadt &hellip; <a href=\"https:\/\/website.ifit.li\/?p=3868\" class=\"more-link\"><span class=\"screen-reader-text\">Nur die philippinische Caritas erreicht Katastrophengebiete speziell durch Infos von Pfarreien betroffener Di\u00f6zesen<\/span> weiterlesen <span class=\"meta-nav\">&rarr;<\/span><\/a><\/p>\n","protected":false},"author":1,"featured_media":37171,"comment_status":"closed","ping_status":"open","sticky":false,"template":"","format":"standard","meta":{"footnotes":""},"categories":[450],"tags":[230,283,30,208,33,525,189,395],"class_list":["post-3868","post","type-post","status-publish","format-standard","has-post-thumbnail","hentry","category-katholische-kirche","tag-gebet","tag-kirche","tag-kirche-in-not","tag-leben","tag-menschenrecht","tag-taifun-haiyan","tag-tod","tag-wasser"],"_links":{"self":[{"href":"https:\/\/website.ifit.li\/index.php?rest_route=\/wp\/v2\/posts\/3868","targetHints":{"allow":["GET"]}}],"collection":[{"href":"https:\/\/website.ifit.li\/index.php?rest_route=\/wp\/v2\/posts"}],"about":[{"href":"https:\/\/website.ifit.li\/index.php?rest_route=\/wp\/v2\/types\/post"}],"author":[{"embeddable":true,"href":"https:\/\/website.ifit.li\/index.php?rest_route=\/wp\/v2\/users\/1"}],"replies":[{"embeddable":true,"href":"https:\/\/website.ifit.li\/index.php?rest_route=%2Fwp%2Fv2%2Fcomments&post=3868"}],"version-history":[{"count":1,"href":"https:\/\/website.ifit.li\/index.php?rest_route=\/wp\/v2\/posts\/3868\/revisions"}],"predecessor-version":[{"id":37174,"href":"https:\/\/website.ifit.li\/index.php?rest_route=\/wp\/v2\/posts\/3868\/revisions\/37174"}],"wp:featuredmedia":[{"embeddable":true,"href":"https:\/\/website.ifit.li\/index.php?rest_route=\/wp\/v2\/media\/37171"}],"wp:attachment":[{"href":"https:\/\/website.ifit.li\/index.php?rest_route=%2Fwp%2Fv2%2Fmedia&parent=3868"}],"wp:term":[{"taxonomy":"category","embeddable":true,"href":"https:\/\/website.ifit.li\/index.php?rest_route=%2Fwp%2Fv2%2Fcategories&post=3868"},{"taxonomy":"post_tag","embeddable":true,"href":"https:\/\/website.ifit.li\/index.php?rest_route=%2Fwp%2Fv2%2Ftags&post=3868"}],"curies":[{"name":"wp","href":"https:\/\/api.w.org\/{rel}","templated":true}]}}