{"id":36914,"date":"2013-04-01T14:22:04","date_gmt":"2013-04-01T13:22:04","guid":{"rendered":"http:\/\/ifit.ch\/?p=2121"},"modified":"2021-10-23T17:21:17","modified_gmt":"2021-10-23T15:21:17","slug":"ja-es-ist-die-taufe-die-uns-zu-kindern-gottes-macht-es-ist-die-eucharistie-die-uns-mit-christus-vereint-2","status":"publish","type":"post","link":"https:\/\/website.ifit.li\/?p=36914","title":{"rendered":"Ja, es ist die Taufe, die uns zu Kindern Gottes macht, es ist die Eucharistie, die uns mit Christus vereint"},"content":{"rendered":"<h1>Ansprache von Papst Franziskus beim Regina Coeli am Ostermontag<\/h1>\n<p>Papst Franziskus hat am Ostermontag auf dem Petersplatz das Regina Coeli gebetet. Radio Vatikan dokumentierte folgende Arbeits\u00fcbersetzung der Ansprache: Liebe Br\u00fcder und Schwestern,\u00a0frohe Ostern Euch allen! Ich danke Euch, dass Ihr auch heute wieder so zahlreich erschienen seid, um die Osterfreude zu teilen, das zentrale Geheimnis unseres Glaubens. M\u00f6ge die Kraft der Auferstehung Christus jede Person erreichen \u2013 vor allem, wer leidet und sich in Situationen befindet, die Hoffnung und Vertrauen erfordern. Christus hat das B\u00f6se voll und ganz besiegt, aber es kommt auf uns an, auf die Menschen aller Zeiten, diesen Sieg in unser Leben aufzunehmen, in die konkrete Realit\u00e4t der Geschichte und der Gesellschaft. Deshalb scheint es mir wichtig zu unterstreichen, dass wir heute in der Liturgie Gott bitten: \u201eGott, du Herr allen Lebens, durch die Taufe schenkst du deiner Kirche Jahr f\u00fcr Jahr neue S\u00f6hne und T\u00f6chter. Gib, dass alle Christen in ihrem Leben dem Sakrament treu bleiben, das sie im Glauben empfangen haben. <!--more-->Darum bitten wir durch Jesus Christus.\u201c (Tagesgebet, Montag der Osteroktav). Es stimmt, ja, es ist die Taufe, die uns zu Kindern Gottes macht, es ist die Eucharistie, die uns mit Christus vereint, sie m\u00fcssen Leben werden, sich also im Ausdruck, im Verhalten, in Gesten und in Entscheidungen \u00e4u\u00dfern. Die Gnade, die wir in den \u00f6sterlichen Sakramenten erhalten haben, besitzt eine enorme Kraft der Erneuerung f\u00fcr die pers\u00f6nliche Existenz, f\u00fcr das Leben der Familien, f\u00fcr die zwischenmenschlichen Beziehungen. Aber dies alles geschieht durch das menschliche Herz: Wenn ich offen bin f\u00fcr die Gnade des auferstandenen Christus, wenn ich ihr erlaube, mich zu \u00e4ndern in dem, was nicht gut ist an mir und was mich und andere verletzen kann, dann erlaube ich dem Sieg Christus, in mein Leben einzutreten und seine segensreiche Macht auszuweiten. Das ist die Macht der Gnade! Ohne Gnade k\u00f6nnen wir nichts. Ohne Gnade k\u00f6nnen wir nichts. Und mit der Gnade der Taufe und der eucharistischen Kommunion kann ich ein Werkzeug der Barmherzigkeit Gottes werden, dieser sch\u00f6nen Barmherzigkeit Gottes!<br \/>\nDas Sakrament, das wir empfangen haben, im Leben ausdr\u00fccken hei\u00dft genau das, liebe Br\u00fcder und Schwestern: Es ist unser t\u00e4glicher Einsatz, aber ich w\u00fcrde sagen, es ist auch unsere t\u00e4gliche Freude! Die Freude, sich als Werkzeug der Gnade Christi zu f\u00fchlen, so wie der Rebstock des Lebens, der er selbst ist, belebt durch seinen Heiligen Geist! Lasst uns gemeinsam beten, im Namen des gekreuzigten und auferstandenen Herrn, und durch die F\u00fcrsprache unserer heiligsten Maria, dass das \u00f6sterliche Geheimnis tief in uns wirken m\u00f6ge und in unserer Zeit, dass der Hass durch Liebe ersetzt wird, die L\u00fcge durch Wahrheit und die Rachsucht durch Verzeihung, Trauer durch Freude.<br \/>\nMit gro\u00dfer Zuneigung gr\u00fc\u00dfe ich Euch alle, liebe Pilger aus den verschiedensten L\u00e4ndern, die ihr hier an diesem Gebetstreffen teilnehmt. Jedem einzelnen von Euch w\u00fcnsche ich, dass er diesen Ostermontag frohen Herzens erlebt, diesen Ostermontag in dem mit Kraft die \u00f6sterliche Freude widerhallt: Christus ist auferstanden! Frohe Ostern Euch allen, frohe Ostern und guten Mittag!<\/p>\n<h3>Weitere Hinweise und Quellen<\/h3>\n<ul>\n<li>Audio (MP3): Ansprache von Papst Franziskus beim Regina Coeli am Ostermontag vom 1. April 2013<audio class=\"wp-audio-shortcode\" id=\"audio-36914-1\" preload=\"none\" style=\"width: 100%;\" controls=\"controls\"><source type=\"audio\/mpeg\" src=\"https:\/\/website.ifit.li\/wp-content\/uploads\/2013\/04\/2013-04-01-Ansprache-von-Papst-Franziskus-beim-Regina-Coeli-am-Ostermontag-2.mp3?_=1\" \/><a href=\"https:\/\/website.ifit.li\/wp-content\/uploads\/2013\/04\/2013-04-01-Ansprache-von-Papst-Franziskus-beim-Regina-Coeli-am-Ostermontag-2.mp3\">https:\/\/website.ifit.li\/wp-content\/uploads\/2013\/04\/2013-04-01-Ansprache-von-Papst-Franziskus-beim-Regina-Coeli-am-Ostermontag-2.mp3<\/a><\/audio><\/li>\n<li>Zusammenfassung Regina Coeli: <a title=\"STA, Radio Vatikan, Artikel 678698\" href=\"http:\/\/de.radiovaticana.va\/news\/2013\/04\/01\/regina_coeli:_%E2%80%9Eohne_gnade_k%C3%B6nnen_wir_nichts%E2%80%9C_\/ted-678698\" target=\"_blank\" rel=\"noopener noreferrer\">STA, Radio Vatikan, Artikel 678698<\/a><\/li>\n<li>Die Ansprache im Wortlaut: <a title=\"Radio Vatikan, Artikel 678668\" href=\"http:\/\/de.radiovaticana.va\/news\/2013\/04\/01\/regina_coeli:_%E2%80%9Eohne_gnade_k%C3%B6nnen_wir_nichts%E2%80%9D\/ted-678668\" target=\"_blank\" rel=\"noopener noreferrer\">Radio Vatikan, Artikel 678668<\/a><\/li>\n<\/ul>\n","protected":false},"excerpt":{"rendered":"<p>Ansprache von Papst Franziskus beim Regina Coeli am Ostermontag Papst Franziskus hat am Ostermontag auf dem Petersplatz das Regina Coeli gebetet. Radio Vatikan dokumentierte folgende Arbeits\u00fcbersetzung der Ansprache: Liebe Br\u00fcder und Schwestern,\u00a0frohe Ostern Euch allen! Ich danke Euch, dass Ihr auch heute wieder so zahlreich erschienen seid, um die Osterfreude zu teilen, das zentrale Geheimnis &hellip; <a href=\"https:\/\/website.ifit.li\/?p=36914\" class=\"more-link\"><span class=\"screen-reader-text\">Ja, es ist die Taufe, die uns zu Kindern Gottes macht, es ist die Eucharistie, die uns mit Christus vereint<\/span> weiterlesen <span class=\"meta-nav\">&rarr;<\/span><\/a><\/p>\n","protected":false},"author":1,"featured_media":0,"comment_status":"open","ping_status":"open","sticky":false,"template":"","format":"standard","meta":{"footnotes":""},"categories":[450,285,451],"tags":[129,217,207,232,187,229,280,281,371,279,201,283,208,31,387,58,233,128,61],"class_list":["post-36914","post","type-post","status-publish","format-standard","hentry","category-katholische-kirche","category-lehramt","category-liturgie","tag-barmherzigkeit","tag-christentum","tag-eucharistie","tag-freude","tag-glauben","tag-gnade","tag-gott-sohn-jesus-christus","tag-gott-vater","tag-gottesmutter-maria","tag-gott-heiliger-geist","tag-hoffnung","tag-kirche","tag-leben","tag-liebe","tag-ostern","tag-papst-franziskus","tag-person","tag-sakrament","tag-taufe"],"_links":{"self":[{"href":"https:\/\/website.ifit.li\/index.php?rest_route=\/wp\/v2\/posts\/36914","targetHints":{"allow":["GET"]}}],"collection":[{"href":"https:\/\/website.ifit.li\/index.php?rest_route=\/wp\/v2\/posts"}],"about":[{"href":"https:\/\/website.ifit.li\/index.php?rest_route=\/wp\/v2\/types\/post"}],"author":[{"embeddable":true,"href":"https:\/\/website.ifit.li\/index.php?rest_route=\/wp\/v2\/users\/1"}],"replies":[{"embeddable":true,"href":"https:\/\/website.ifit.li\/index.php?rest_route=%2Fwp%2Fv2%2Fcomments&post=36914"}],"version-history":[{"count":2,"href":"https:\/\/website.ifit.li\/index.php?rest_route=\/wp\/v2\/posts\/36914\/revisions"}],"predecessor-version":[{"id":38970,"href":"https:\/\/website.ifit.li\/index.php?rest_route=\/wp\/v2\/posts\/36914\/revisions\/38970"}],"wp:attachment":[{"href":"https:\/\/website.ifit.li\/index.php?rest_route=%2Fwp%2Fv2%2Fmedia&parent=36914"}],"wp:term":[{"taxonomy":"category","embeddable":true,"href":"https:\/\/website.ifit.li\/index.php?rest_route=%2Fwp%2Fv2%2Fcategories&post=36914"},{"taxonomy":"post_tag","embeddable":true,"href":"https:\/\/website.ifit.li\/index.php?rest_route=%2Fwp%2Fv2%2Ftags&post=36914"}],"curies":[{"name":"wp","href":"https:\/\/api.w.org\/{rel}","templated":true}]}}