{"id":3602,"date":"2013-10-03T19:54:01","date_gmt":"2013-10-03T17:54:01","guid":{"rendered":"http:\/\/www.ifitblog.ch\/wordpress\/?p=3602"},"modified":"2021-10-19T16:16:10","modified_gmt":"2021-10-19T14:16:10","slug":"kirche-in-not-internationales-katholisches-hilfswerk-paepstlichen-rechts-hilft-nigeria","status":"publish","type":"post","link":"https:\/\/website.ifit.li\/?p=3602","title":{"rendered":"Kirche in Not &#8211; internationales katholisches Hilfswerk p\u00e4pstlichen Rechts &#8211; hilft Nigeria"},"content":{"rendered":"<h1>7. Nationaler Gedenk- und Gebetstag f\u00fcr alle verfolgten und bedr\u00e4ngten Christen<\/h1>\n<p>Zwischen dem 25.-27. Oktober 2013 gedenkt das internationale katholische Hilfswerk <a title=\"Kirche in Not\" href=\"http:\/\/www.kirche-in-not.ch\/\" target=\"_blank\" rel=\"noopener noreferrer\">Kirche in Not<\/a> der diskriminierten und verfolgten Christen auf der Welt. Aus diesem Anlass werden Heilige Messen in Brig VS, im Rheintal und Fribourg gehalten. In Mendrisio gibt es einen Fackelzug. Alle Pfarreien sind eingeladen, an diesem Wochenende w\u00e4hrend der heiligen Messe ein F\u00fcrbittgebet f\u00fcr diese Menschen zu halten. Drei W\u00fcrdentr\u00e4ger der katholischen Kirche nehmen an dieser Solidarit\u00e4tsveranstaltung von <a title=\"Kirche in Not\" href=\"http:\/\/www.kirche-in-not.ch\/\" target=\"_blank\" rel=\"noopener noreferrer\">Kirche in Not<\/a> teil und bekunden damit, wie wichtig dieser Gedenk- und Gebetstag f\u00fcr die Schweiz ist. In <a title=\"Brig\" href=\"http:\/\/www.brig.ch\" target=\"_blank\" rel=\"noopener noreferrer\">Brig<\/a> VS feiert Bischof Onaga, Bischof in Enugu, Nigeria,\u00a0die heiligen Messen folgendermassen:<!--more--><\/p>\n<ul>\n<li>Samstag, 26. Oktober 2013 in Brig um 18.00 Uhr<\/li>\n<li>Sonntag, 27. Oktober 2013 in Brig um 10.00 Uhr und 18.00 Uhr<\/li>\n<\/ul>\n<p>Msgr. Obiora Ike aus Nigeria h\u00e4lt die Gottesdienste im St. Galler Rheintal wie folgt:<\/p>\n<ul>\n<li>Samstag, 26. Oktober 2013 in L\u00fcchingen SG um 17.00 Uhr<\/li>\n<li>Samstag, 26. Oktober 2013 in Altst\u00e4tten SG um 18.30 Uhr<\/li>\n<li>Sonntag, 27. Oktober 2013 in Altst\u00e4tten SG um 09.30 Uhr<\/li>\n<li>Sonntag, 27. Oktober 2013 in Rebstein SG um\u00a011.00 Uhr<\/li>\n<\/ul>\n<p>Bischof Martin Uzoukwu aus Minna, Nigeria, wird in Mendrisio am Fackelzug teilnehmen und in Fribourg in heiligen Messen der verfolgten Christen gedenken.<\/p>\n<h2>Auf der Erde gibt es rund 200 Millionen verfolgte Christen<\/h2>\n<p>Rund 200 Millionen Christen werden im Jahr 2013 wegen ihres Glaubens bedr\u00e4ngt und verfolgt. Sie werden in vielen L\u00e4ndern benachteiligt oder seelisch und k\u00f6rperlich gequ\u00e4lt \u2013 so beispielsweise in China, in Nordkorea, in einigen arabischen, afrikanischen und s\u00fcdamerikanischen L\u00e4ndern. <a title=\"Kirche in Not\" href=\"http:\/\/www.kirche-in-not.ch\/\" target=\"_blank\" rel=\"noopener noreferrer\">Kirche in Not<\/a> setzt sich f\u00fcr die Not leidenden Christen \u00fcberall auf der Welt ein und betreibt in der Schweiz eine gezielte \u00d6ffentlichkeitsarbeit, um die Schweizer Bev\u00f6lkerung \u00fcber die gegenw\u00e4rtigen Diskriminierungen von Christen in verschiedenen Gebieten der Welt zu sensibilisieren. Neben der Informationst\u00e4tigkeit unterst\u00fctzt das katholische Hilfswerk die Kirchen der jeweiligen L\u00e4nder, die mit den Problemen vor Ort am besten vertraut sind. So kann die Hilfe durch gezielte Projekte rasch und unb\u00fcrokratisch umgesetzt werden.<\/p>\n<p>Dieses Jahr steht die Kirche in Nigeria im Mittelpunkt. Seit vielen Jahren bedroht die radikalislamische Sekte \u201eBoko Haram\u201c Christen und gem\u00e4ssigte Muslime im bev\u00f6lkerungsreichsten Land Afrikas. Seit 2010 wurden bei Terrorattacken \u00fcber 1000 Christen get\u00f6tet und Zehntausende verletzt. Trotz der stetigen Bedrohung durch die Islamisten erf\u00e4hrt die Kirche auch Zeichen der Hoffnung. In Nigeria lassen sich jedes Jahr einige Hundert junge M\u00e4nner zu Priestern weihen. Einen Hintergrundfilm \u00fcber die Situation der Christen in Nigeria sieht man <a title=\"hier\" href=\"http:\/\/www.youtube.com\/watch?v=aPUedO82z6Q&amp;feature=c4-overview&amp;list=UUn14WtOe6tVOVeOJEOsv_qw\" target=\"_blank\" rel=\"noopener noreferrer\">hier<\/a>.<\/p>\n<h2>Spezielle Kerze f\u00fcr den 7. nationalen Gedenktag von Kirche in Not<\/h2>\n<p>Das Licht einer Kerze gibt Hoffnung und sagt mehr als Worte. Das lebendige Flackern der Kerzenflamme hat eine sammelnde Kraft und ist Ausdruck einer leuchtenden Spiritualit\u00e4t und steht zum Gedenken an Kranke, Verstorbene und gelebtes Leid. Eine angez\u00fcndete Kerze dr\u00fcckt Zuversicht und Hoffnung aus:<\/p>\n<blockquote><p>\u201eIch bin das Licht der Welt. Wer mir nachfolgt, wird nicht in der Finsternis untergehen, sondern wird das Licht des Lebens haben.\u201c (<a title=\"Joh 8,12\" href=\"http:\/\/www.bibleserver.com\/text\/EU\/Johannes8.12\" target=\"_blank\" rel=\"noopener noreferrer\">Joh 8,12<\/a>)<\/p><\/blockquote>\n<p><a title=\"Kirche in Not\" href=\"http:\/\/www.kirche-in-not.ch\/\" target=\"_blank\" rel=\"noopener noreferrer\">Kirche in Not<\/a>\u00a0hat eine Kerze zum Nationalen Gedenk- und Gebetstag f\u00fcr die verfolgten und bedr\u00e4ngten Christen entworfen. In diesem Jahr gibt es sie in einer 7. Auflage. Darauf sind 44 Namen der Christen vermerkt, stellvertretend f\u00fcr viele tausend, die zwischen Juni 2012 und Juni 2013 wegen ihres Festhaltens am Glauben starben. Die Kerze kann bei <a title=\"Kirche in Not\" href=\"http:\/\/www.kirche-in-not.ch\/\" target=\"_blank\" rel=\"noopener noreferrer\">Kirche in Not<\/a> in Luzern bezogen werden.<br \/>\nF\u00fcr <a title=\"Kirche in Not\" href=\"http:\/\/www.kirche-in-not.ch\/\" target=\"_blank\" rel=\"noopener noreferrer\">Kirche in Not<\/a> ist der 7. Nationale Gedenk- und Gebetstag ein grosses Anliegen. Das Hilfswerk dankt allen Menschen, welche die Not leidenden Christen finanziell und im Gebet unterst\u00fctzen. Dies erm\u00f6glicht es den Kirchen weltweit, ihren Dienst am Mitmenschen auch unter schwierigen Bedingungen weiterzuf\u00fchren.<\/p>\n<h2>Der Kontinent, wo die Priesterseminare aus den N\u00e4hten platzen<\/h2>\n<p><a title=\"Kirche in Not\" href=\"http:\/\/www.kirche-in-not.ch\/\" target=\"_blank\" rel=\"noopener noreferrer\">Kirche in Not<\/a>\u00a0unterst\u00fctzt jeden 12. Seminaristen der Welt. Besonders notwendig ist die Hilfe in Afrika &#8211; dem Kontinent, auf dem die Kirche am st\u00e4rksten w\u00e4chst. Noch vor hundert Jahren war es die absolute Ausnahme, dass ein Afrikaner zum Priester geweiht wurde. Heute sind fast 30.000 der 118.990 jungen M\u00e4nner, die sich weltweit auf das Priestertum vorbereiten, Afrikaner. Dies bedeutet, dass inzwischen mehr als jeder vierte angehende Priester der Welt aus Afrika stammt. Nirgends w\u00e4chst die Kirche so rasant wie auf dem Schwarzen Kontinent, und nirgend steigt die Zahl der Berufungen so schnell.\u00a0Besonders dynamisch ist die Kirche in Nigeria. Obwohl Christen in dem westafrikanischen Land immer wieder Opfer brutaler \u00dcbergriffe werden, ist es ein Land der Superlative, was die katholische Kirche betrifft: 48 Di\u00f6zesen, fast eine halbe Million Taufen im Jahr, fast 4.500 Ordensfrauen und fast 4.200 Di\u00f6zesan- und Ordenspriester kann die Kirche dort aufweisen. Besonders reich ist sie an Priesterberufungen: Fast sechstausend junge M\u00e4nner bereiten sich auf das Priestertum vor. W\u00e4hrend viele Seminare der westlichen Welt ihre Pforten schliessen m\u00fcssen, weil es keinen Nachwuchs gibt, und es jedes Jahr in vielen Di\u00f6zesen nur eine Handvoll Priesterweihen gibt, platzen in Afrika vielerorts die Seminare aus den N\u00e4hten. Viele f\u00fcr die Priesterausbildung verantwortliche Priester haben schlaflose N\u00e4chte, weil sie nicht wissen, wie sie die vielen Kandidaten unterbringen sollen. Denn jede Berufung, die aufgrund von Platzmangel abgewiesen werden muss, ist eine zu viel.\u00a0Eines dieser Seminare ist das Priesterseminar St. Augustin in <a title=\"Jos\" href=\"https:\/\/maps.google.ch\/maps?f=q&amp;source=s_q&amp;hl=de&amp;geocode=&amp;q=Jos,+Nigeria&amp;aq=&amp;sll=47.031045,8.1752&amp;sspn=0.814357,1.590271&amp;vpsrc=6&amp;ie=UTF8&amp;hq=&amp;hnear=Jos,+Plateau,+Nigeria&amp;ll=9.849804,8.878326&amp;spn=1.177132,1.590271&amp;t=h&amp;z=10\" target=\"_blank\" rel=\"noopener noreferrer\">Jos<\/a>. Hier studieren zur Zeit \u00fcber 300 junge M\u00e4nner, die Priester werden m\u00f6chten. Das Seminar wurde 2008 Opfer eines \u00dcbergriffs. Das benachbarte Kloster wurde dabei niedergebrannt, und nur dem beherzten Eingreifen der Studenten ist es zu verdanken, dass die Angreifer gestoppt wurden.<\/p>\n<p>Seitdem bewachen einige Seminaristen jede Nacht das Gel\u00e4nde. Aber das Seminar steht noch vor weiteren Herausforderungen: Der Platz reicht nicht aus f\u00fcr die vielen Studenten, und das Geb\u00e4ude, in dem die meisten der Seminaristen untergebracht sind, bedarf der Erweiterung. Zudem bedarf es auch der Renovierung, denn die W\u00e4nde haben Risse und das Dach ist besch\u00e4digt. In der Regenzeit dringt Wasser ein. Die Seminaristen, die im oberen Stockwerk untergebracht sind, m\u00fcssen dann ihre B\u00fccher in Sicherheit bringen. Mit der Zeit wird die Gefahr immer gr\u00f6sser, dass Teile des Geb\u00e4udes einst\u00fcrzen k\u00f6nnten. Aber das Seminar kann sich die Renovierung nicht leisten, da es die Ausbildung und Verpflegung der vielen Seminaristen gew\u00e4hrleisten muss und alle Kosten steigen. Aber auf die Dauer wird es zu sehr grossen Problemen kommen, die den Seminarbetrieb gef\u00e4hrden werden, wenn das Geb\u00e4ude nicht renoviert wird und dadurch unbewohnbar wird. Wohin sollen die vielen Seminaristen dann gehen? <a title=\"Kirche in Not\" href=\"http:\/\/www.kirche-in-not.ch\/\" target=\"_blank\" rel=\"noopener noreferrer\">Kirche in Not<\/a> hilft dem Seminar daher mit CHF 22.500.<\/p>\n<div>\n<h2>Hintergrundfilm \u00fcber die Situation der Christen in Nigeria:<\/h2>\n<p><a href=\"http:\/\/www.youtube.com\/watch?v=aPUedO82z6Q&amp;feature=c4-overview&amp;list=UUn14WtOe6tVOVeOJEOsv_qw\">http:\/\/www.youtube.com\/watch?v=aPUedO82z6Q&amp;feature=c4-overview&amp;list=UUn14WtOe6tVOVeOJEOsv_qw<\/a><\/p>\n<\/div>\n","protected":false},"excerpt":{"rendered":"<p>7. Nationaler Gedenk- und Gebetstag f\u00fcr alle verfolgten und bedr\u00e4ngten Christen Zwischen dem 25.-27. Oktober 2013 gedenkt das internationale katholische Hilfswerk Kirche in Not der diskriminierten und verfolgten Christen auf der Welt. Aus diesem Anlass werden Heilige Messen in Brig VS, im Rheintal und Fribourg gehalten. In Mendrisio gibt es einen Fackelzug. Alle Pfarreien sind &hellip; <a href=\"https:\/\/website.ifit.li\/?p=3602\" class=\"more-link\"><span class=\"screen-reader-text\">Kirche in Not &#8211; internationales katholisches Hilfswerk p\u00e4pstlichen Rechts &#8211; hilft Nigeria<\/span> weiterlesen <span class=\"meta-nav\">&rarr;<\/span><\/a><\/p>\n","protected":false},"author":1,"featured_media":0,"comment_status":"open","ping_status":"open","sticky":false,"template":"","format":"standard","meta":{"footnotes":""},"categories":[450],"tags":[184,148,170,373,207,230,212,200,187,201,283,30,31,502,240,33,185,32,189,527],"class_list":["post-3602","post","type-post","status-publish","format-standard","hentry","category-katholische-kirche","tag-bischofsweihe","tag-boese","tag-christ","tag-dialog","tag-eucharistie","tag-gebet","tag-gerechtigkeit-gottes","tag-gewalten-und-maechte","tag-glauben","tag-hoffnung","tag-kirche","tag-kirche-in-not","tag-liebe","tag-macht","tag-martyrium","tag-menschenrecht","tag-priestertum","tag-religionsfreiheit","tag-tod","tag-toleranz"],"_links":{"self":[{"href":"https:\/\/website.ifit.li\/index.php?rest_route=\/wp\/v2\/posts\/3602","targetHints":{"allow":["GET"]}}],"collection":[{"href":"https:\/\/website.ifit.li\/index.php?rest_route=\/wp\/v2\/posts"}],"about":[{"href":"https:\/\/website.ifit.li\/index.php?rest_route=\/wp\/v2\/types\/post"}],"author":[{"embeddable":true,"href":"https:\/\/website.ifit.li\/index.php?rest_route=\/wp\/v2\/users\/1"}],"replies":[{"embeddable":true,"href":"https:\/\/website.ifit.li\/index.php?rest_route=%2Fwp%2Fv2%2Fcomments&post=3602"}],"version-history":[{"count":2,"href":"https:\/\/website.ifit.li\/index.php?rest_route=\/wp\/v2\/posts\/3602\/revisions"}],"predecessor-version":[{"id":38446,"href":"https:\/\/website.ifit.li\/index.php?rest_route=\/wp\/v2\/posts\/3602\/revisions\/38446"}],"wp:attachment":[{"href":"https:\/\/website.ifit.li\/index.php?rest_route=%2Fwp%2Fv2%2Fmedia&parent=3602"}],"wp:term":[{"taxonomy":"category","embeddable":true,"href":"https:\/\/website.ifit.li\/index.php?rest_route=%2Fwp%2Fv2%2Fcategories&post=3602"},{"taxonomy":"post_tag","embeddable":true,"href":"https:\/\/website.ifit.li\/index.php?rest_route=%2Fwp%2Fv2%2Ftags&post=3602"}],"curies":[{"name":"wp","href":"https:\/\/api.w.org\/{rel}","templated":true}]}}