{"id":2984,"date":"2013-08-11T17:38:56","date_gmt":"2013-08-11T15:38:56","guid":{"rendered":"http:\/\/ifit.ch\/?p=2984"},"modified":"2022-08-30T10:44:47","modified_gmt":"2022-08-30T08:44:47","slug":"habt-ihr-ein-sehnsuchtsvolles-herz-ein-herz-das-sehnsucht-hat-denkt-daruber-in-stille-in-eurem-herzen-nach","status":"publish","type":"post","link":"https:\/\/website.ifit.li\/?p=2984","title":{"rendered":"Habt ihr ein sehnsuchtsvolles Herz, ein Herz das Sehnsucht hat? Denkt dar\u00fcber in Stille in eurem Herzen nach!"},"content":{"rendered":"<h1>Papst Franziskus beim Angelus \u00fcber die Sehnsucht Christus zu\u00a0begegnen<\/h1>\n<p>Gottes Liebe ist der wahre Schatz der Menschen, das hat Papst Franziskus beim Angelusgebet am Sonntag, 11. August betont. Der Mensch habe die Sehnsucht, Christus zu begegnen. Dazu m\u00fcsse man sich von irdischen Dingen befreien, sein Vertrauen auf die Vorsehung setzen und innerlich wachsam bleiben. All dies sei zusammengefasst in dem ber\u00fchmten Sprichwort Jesu: \u201eWo euer Schatz ist, da ist auch euer Herz\u201c (<a title=\"Lukas 12,34\" href=\"http:\/\/www.bibleserver.com\/text\/EU\/Lukas12.34\" target=\"_blank\" rel=\"noopener noreferrer\">Lukas 12,34<\/a>).\u00a0Au\u00dferdem gratulierte Papst Franziskus den Muslimen zum Abschluss des Fastenmonats Ramadan:\u00a0<!--more-->\u201eIch m\u00f6chte einen Gru\u00df an die Muslime auf der ganzen Welt richten, unsere Br\u00fcder, die k\u00fcrzlich den Abschluss des Ramadan gefeiert haben, der in besonderer Weise dem Fasten, dem Gebet und dem Almosengeben gewidmet ist. Wie ich in meiner Botschaft zu diesem Anlass geschrieben habe, hoffe ich, dass Christen und Muslime sich f\u00fcr die F\u00f6rderung gegenseitigen Verst\u00e4ndnisses einsetzen, besonders durch die Erziehung der neuen Generationen.\u201c<br \/>\nIn seiner leidenschaftlich vorgetragenen Katechese sagte Franziskus, alle Menschen h\u00e4tten eine Sehnsucht, die nicht narkotisiert werden d\u00fcrfe:<\/p>\n<blockquote><p>\u201eWir alle haben Sehnsucht! Arme Menschen, die keine Sehnsucht haben! Die Sehnsucht weiterzugehen zum Horizont. F\u00fcr uns Christen ist dieser Horizont die Begegnung mit Jesus, mit ihm, der unser Leben ist, unsere Freude, was uns gl\u00fccklich macht. Aber ich m\u00f6chte euch zwei Fragen stellen: Habt ihr ein sehnsuchtsvolles Herz, ein Herz das Sehnsucht hat? Denkt dar\u00fcber in Stille in eurem Herzen nach. Hast du ein sehnendes Herz oder ein verschlossenes Herz, ein eingeschlafenes Herz, ein Herz das narkotisiert ist von den Dingen des Lebens? Und die zweite Frage: Wo ist dein Schatz, das was Du ersehnst? Denn Jesus hat uns gesagt: Wo euer Schatz ist, da ist euer Herz. Und ich frage: Wo ist dein Schatz? Wo ist f\u00fcr dich die wichtigste, kostbarste Realit\u00e4t, das was mein Herz wie einen Magnet anzieht? Kann ich sagen, dass es die Liebe Gottes ist? [&#8230;] Jemand wird mir antworten: \u201aPadre, aber ich arbeite doch, ich habe Familie. F\u00fcr mich ist das wichtigste, mich um meine Familie und meine Arbeit zu k\u00fcmmern&#8230;\u2019 Sicher, das ist wahr und wichtig. Aber was ist die Kraft, die die Familie einig h\u00e4lt? Es ist die Liebe Gottes. Und wer s\u00e4t diese Liebe in unsere Herzen? Gott. Die Liebe Gottes. Es ist diese Liebe, die den allt\u00e4glichen Verrichtungen Sinn schenkt und auch die gro\u00dfen Pr\u00fcfungen bestehen l\u00e4sst. Das ist der wahre Schatz der Menschen.\u201c<\/p><\/blockquote>\n<p>Die christliche Liebe ist konkret und an eine Person gebunden, so der Papst:<\/p>\n<blockquote><p>\u201eWas ist diese Liebe Gottes? Sie nichts Vages und kein allgemeines Gef\u00fchl; die Liebe Gottes hat einen Namen und ein Angesicht: Jesus Christus. Die Liebe Gottes offenbart sich in Jesus, weil wir nicht Luft lieben k\u00f6nnen&#8230; Wir lieben doch nicht Luft? Wir lieben Personen, und die Person, die wir lieben ist Jesus, das Geschenk Gottes unter uns. Diese Liebe schenkt allem anderen Wert, Sch\u00f6nheit und Kraft: der Familie, der Arbeit, dem Studium, der Freundschaft, der Kunst, allen menschlichen T\u00e4tigkeiten. Und sie gibt auch den negativen Erfahrungen einen Sinn, denn sie erm\u00f6glicht uns, dar\u00fcber hinauszugehen und nicht Gefangene des B\u00f6sen zu bleiben. Sie l\u00e4sst uns weitergehen und \u00f6ffnet uns der Hoffnung, dem letzten Horizont unserer Pilgerfahrt. So werden auch die M\u00fchen und das Scheitern sinnvoll. Sogar unser S\u00fcnden gewinnen durch die Liebe Gottes einen Sinn, weil uns diese Liebe zu Gott in Jesus Christus immer Vergebung schenkt, er liebt uns so sehr, dass er uns immer wieder vergibt.\u201c<\/p><\/blockquote>\n<p>Papst Franziskus erinnerte auch an das bevorstehende Hochfest Maria Himmelfahrt, das am Donnerstag gefeiert wird und an die Heilige Clara von Assisi, der an diesem Sonntag gedacht wird. Sie war dem Heiligen Franz von Assisi nachgefolgt, um in radikaler Armut ein Leben des Gebets zu f\u00fchren.<\/p>\n<h3>Weitere Hinweise und Quellen<\/h3>\n<ul>\n<li>Audio (MP3): Papst beim Angelus &#8211; Gottes Liebe ist der wahre Schatz (11. August 2013)<audio class=\"wp-audio-shortcode\" id=\"audio-2984-1\" preload=\"none\" style=\"width: 100%;\" controls=\"controls\"><source type=\"audio\/mpeg\" src=\"https:\/\/website.ifit.li\/wp-content\/uploads\/2013\/08\/2013-08-11-Papst-beim-Angelus-Gottes-Liebe-ist-der-wahre-Schatz.mp3?_=1\" \/><a href=\"https:\/\/website.ifit.li\/wp-content\/uploads\/2013\/08\/2013-08-11-Papst-beim-Angelus-Gottes-Liebe-ist-der-wahre-Schatz.mp3\">https:\/\/website.ifit.li\/wp-content\/uploads\/2013\/08\/2013-08-11-Papst-beim-Angelus-Gottes-Liebe-ist-der-wahre-Schatz.mp3<\/a><\/audio><\/li>\n<li>Originaltext: <a title=\"Mario Galgano, Radio Vatikan, Artikel 718841\" href=\"http:\/\/de.radiovaticana.va\/news\/2013\/08\/11\/angelus:_gottes_liebe_ist_der_wahre_schatz_-_papst_gr\u00fc\u00dft_muslime_\/ted-718841\" target=\"_blank\" rel=\"noopener noreferrer\">Mario Galgano, Radio Vatikan, Artikel 718841<\/a><\/li>\n<\/ul>\n","protected":false},"excerpt":{"rendered":"<p>Papst Franziskus beim Angelus \u00fcber die Sehnsucht Christus zu\u00a0begegnen Gottes Liebe ist der wahre Schatz der Menschen, das hat Papst Franziskus beim Angelusgebet am Sonntag, 11. August betont. Der Mensch habe die Sehnsucht, Christus zu begegnen. Dazu m\u00fcsse man sich von irdischen Dingen befreien, sein Vertrauen auf die Vorsehung setzen und innerlich wachsam bleiben. All &hellip; <a href=\"https:\/\/website.ifit.li\/?p=2984\" class=\"more-link\"><span class=\"screen-reader-text\">Habt ihr ein sehnsuchtsvolles Herz, ein Herz das Sehnsucht hat? Denkt dar\u00fcber in Stille in eurem Herzen nach!<\/span> weiterlesen <span class=\"meta-nav\">&rarr;<\/span><\/a><\/p>\n","protected":false},"author":1,"featured_media":0,"comment_status":"closed","ping_status":"open","sticky":false,"template":"","format":"standard","meta":{"footnotes":""},"categories":[450,285,451,452],"tags":[372,145,236,148,398,217,176,213,232,230,187,280,371,223,173,201,104,208,548,31,58,233,394,167],"class_list":["post-2984","post","type-post","status-publish","format-standard","hentry","category-katholische-kirche","category-lehramt","category-liturgie","category-papst","tag-angelus","tag-arbeit","tag-armut","tag-boese","tag-busssakrament","tag-christentum","tag-familie","tag-fastenzeit","tag-freude","tag-gebet","tag-glauben","tag-gott-sohn-jesus-christus","tag-gottesmutter-maria","tag-heiligkeit","tag-herz","tag-hoffnung","tag-katechese","tag-leben","tag-lehramt","tag-liebe","tag-papst-franziskus","tag-person","tag-schoenheit","tag-suende"],"_links":{"self":[{"href":"https:\/\/website.ifit.li\/index.php?rest_route=\/wp\/v2\/posts\/2984","targetHints":{"allow":["GET"]}}],"collection":[{"href":"https:\/\/website.ifit.li\/index.php?rest_route=\/wp\/v2\/posts"}],"about":[{"href":"https:\/\/website.ifit.li\/index.php?rest_route=\/wp\/v2\/types\/post"}],"author":[{"embeddable":true,"href":"https:\/\/website.ifit.li\/index.php?rest_route=\/wp\/v2\/users\/1"}],"replies":[{"embeddable":true,"href":"https:\/\/website.ifit.li\/index.php?rest_route=%2Fwp%2Fv2%2Fcomments&post=2984"}],"version-history":[{"count":2,"href":"https:\/\/website.ifit.li\/index.php?rest_route=\/wp\/v2\/posts\/2984\/revisions"}],"predecessor-version":[{"id":39016,"href":"https:\/\/website.ifit.li\/index.php?rest_route=\/wp\/v2\/posts\/2984\/revisions\/39016"}],"wp:attachment":[{"href":"https:\/\/website.ifit.li\/index.php?rest_route=%2Fwp%2Fv2%2Fmedia&parent=2984"}],"wp:term":[{"taxonomy":"category","embeddable":true,"href":"https:\/\/website.ifit.li\/index.php?rest_route=%2Fwp%2Fv2%2Fcategories&post=2984"},{"taxonomy":"post_tag","embeddable":true,"href":"https:\/\/website.ifit.li\/index.php?rest_route=%2Fwp%2Fv2%2Ftags&post=2984"}],"curies":[{"name":"wp","href":"https:\/\/api.w.org\/{rel}","templated":true}]}}