{"id":2978,"date":"2013-08-04T16:16:07","date_gmt":"2013-08-04T14:16:07","guid":{"rendered":"http:\/\/ifit.ch\/?p=2978"},"modified":"2022-08-30T10:45:07","modified_gmt":"2022-08-30T08:45:07","slug":"die-jugendlichen-folgen-nicht-dem-papst-sie-folgen-christus-indem-sie-sein-kreuz-tragen","status":"publish","type":"post","link":"https:\/\/website.ifit.li\/?p=2978","title":{"rendered":"Die Jugendlichen folgen nicht dem Papst, sie folgen Christus, indem sie Sein Kreuz tragen"},"content":{"rendered":"<h1>Franziskus betont beim Angelus die Wirksamkeit des WJT hinein in den Alltag<\/h1>\n<p>Der Weltjugendtag in Rio solle auch im Alltag der Jugendlichen wirksam bleiben: dieser Hoffnung hat Papst Franziskus beim Angelusgebet am Sonntag, 4. August Ausdruck verliehen. Die Erfahrungen in Rio m\u00fcssten \u00fcbersetzt werden in \u201ewichtige Lebensentscheidungen\u201c: \u201eWir d\u00fcrfen nie vergessen, dass die Weltjugendtage nicht ein \u201eFeuerwerk\u201c sind, begeisternde Events und reiner Selbstzweck: Sie sind Etappen auf einem langen Weg, der 1985 auf Initiative [des seligen] Papst Johannes Pauls II. begann. Er vertraute den jungen Menschen das Kreuz an und sagte: Geht, und ich werde bei euch sein! Und so ist es gewesen. Und dieser Pilgerweg mit den Jugendlichen ist mit Papst Benedikt weitergegangen, und Dank sei Gott durfte auch ich diese wundervolle Etappe in Brasilien miterleben. Denken wir immer daran: Die Jugendlichen folgen nicht dem Papst, sie folgen Christus, indem sie Sein Kreuz tragen. Und der Papst f\u00fchrt und begleitet sie auf diesem Weg des Glaubens und der Hoffnung.\u201c\u00a0<!--more-->Franziskus dankte den Brasilianern f\u00fcr die Gastfreundschaft und lobte ihr \u201egro\u00dfes Herz\u201c. Mit Verweis auf die Sonntagsliturgie erinnerte der Papst an das, was angesichts der \u201eEitelkeiten der Welt\u201c wirklich bleibe: Die Liebe, die mit den Br\u00fcdern geteilt werde.<\/p>\n<blockquote><p>\u201eDie Jugendlichen sind besonders sensibel f\u00fcr die Sinnleere und das Fehlen von Werten, die sie oftmals umgeben. Und leider m\u00fcssen sie daf\u00fcr den Preis zahlen. Die Begegnung mit dem lebendigen Jesus, in seiner gro\u00dfen Familie, die die Kirche ist, erf\u00fcllt sie mit Freude, weil es ihr Herz mit wahrem Leben erf\u00fcllt, mit einem wahren Gut, das nicht vergeht: Wir haben es auf den Gesichtern der jungen Menschen in Rio gesehen! Diese Erfahrung muss sich der t\u00e4glichen Leere und Eitelkeit stellen, diesem Gift der Leere, das sich in unseren Gesellschaften ausbreitet, die allein auf Profit und auf Besitz aus sind und die Jugendlichen durch den Konsumismus t\u00e4uschen.\u201c<\/p><\/blockquote>\n<p>Es sei absurd, so Franziskus, das eigene Gl\u00fcck auf Reichtum zu gr\u00fcnden:<\/p>\n<blockquote><p>\u201eLiebe Br\u00fcder und Schwestern, der wahre Reichtum ist die Liebe Gottes, die mit Br\u00fcdern und Schwestern geteilt wird, diese Liebe, die von Gott kommt, damit wir sie untereinander teilen und einander helfen. Wer dies erlebt, f\u00fcrchtet nicht den Tod und gewinnt Frieden im Herzen. Vertrauen wir diese Bitte um die Liebe Gottes, um sie mit dem Bruder zu teilen, im Gebet der Jungfrau Maria an.\u201c<\/p><\/blockquote>\n<p>Nach dem Angelusgebet gratulierte er den Pfarrern weltweit zum Fest des Hl. Pfarrers von Ars, ihrem Patron. Ebenfalls erinnerte er an das Marienfest am Montag, das der \u201eMaria, Salus Populi Romani\u201c in Santa Maria Maggiore, der Patronin Roms, gewidmet ist und f\u00fcr die Franziskus eine besondere Verehrung pflegt, sowie an Papst Paul VI., der am Dienstag vor 35 Jahren, am 6. August 1978, am Fest der Verkl\u00e4rung des Herrn gestorben war.<\/p>\n<h3>Weitere Hinweise und Quellen<\/h3>\n<ul>\n<li>Audio (MP3): Papst Franziskus betont beim Angelus die Wirksamkeit des WJT bis hinein in den Alltag (4. August 2013)<audio class=\"wp-audio-shortcode\" id=\"audio-2978-1\" preload=\"none\" style=\"width: 100%;\" controls=\"controls\"><source type=\"audio\/mpeg\" src=\"https:\/\/website.ifit.li\/wp-content\/uploads\/2013\/08\/2013-08-04-Papst-Franziskus-betont-beim-Angelus-die-Wirksamkeit-des-WJT-bis-hinein-in-den-Alltag.mp3?_=1\" \/><a href=\"https:\/\/website.ifit.li\/wp-content\/uploads\/2013\/08\/2013-08-04-Papst-Franziskus-betont-beim-Angelus-die-Wirksamkeit-des-WJT-bis-hinein-in-den-Alltag.mp3\">https:\/\/website.ifit.li\/wp-content\/uploads\/2013\/08\/2013-08-04-Papst-Franziskus-betont-beim-Angelus-die-Wirksamkeit-des-WJT-bis-hinein-in-den-Alltag.mp3<\/a><\/audio><\/li>\n<li>Originaltext:\u00a0<a title=\"P. Max Cappabianca, Radio Vatikan, Artikel 716991\" href=\"http:\/\/de.radiovaticana.va\/news\/2013\/08\/04\/angelus:_folgt_christus,_nicht_dem_papst!\/ted-716991\" target=\"_blank\" rel=\"noopener noreferrer\">P. Max Cappabianca, Radio Vatikan, Artikel 716991<\/a><\/li>\n<\/ul>\n","protected":false},"excerpt":{"rendered":"<p>Franziskus betont beim Angelus die Wirksamkeit des WJT hinein in den Alltag Der Weltjugendtag in Rio solle auch im Alltag der Jugendlichen wirksam bleiben: dieser Hoffnung hat Papst Franziskus beim Angelusgebet am Sonntag, 4. August Ausdruck verliehen. Die Erfahrungen in Rio m\u00fcssten \u00fcbersetzt werden in \u201ewichtige Lebensentscheidungen\u201c: \u201eWir d\u00fcrfen nie vergessen, dass die Weltjugendtage nicht &hellip; <a href=\"https:\/\/website.ifit.li\/?p=2978\" class=\"more-link\"><span class=\"screen-reader-text\">Die Jugendlichen folgen nicht dem Papst, sie folgen Christus, indem sie Sein Kreuz tragen<\/span> weiterlesen <span class=\"meta-nav\">&rarr;<\/span><\/a><\/p>\n","protected":false},"author":1,"featured_media":0,"comment_status":"open","ping_status":"open","sticky":false,"template":"","format":"standard","meta":{"footnotes":""},"categories":[450,285,451,452],"tags":[372,264,176,232,215,230,280,371,223,173,283,396,208,548,31,88,58,189],"class_list":["post-2978","post","type-post","status-publish","format-standard","hentry","category-katholische-kirche","category-lehramt","category-liturgie","category-papst","tag-angelus","tag-evangelium","tag-familie","tag-freude","tag-friede","tag-gebet","tag-gott-sohn-jesus-christus","tag-gottesmutter-maria","tag-heiligkeit","tag-herz","tag-kirche","tag-kreuz","tag-leben","tag-lehramt","tag-liebe","tag-papst-benedikt-xvi","tag-papst-franziskus","tag-tod"],"_links":{"self":[{"href":"https:\/\/website.ifit.li\/index.php?rest_route=\/wp\/v2\/posts\/2978","targetHints":{"allow":["GET"]}}],"collection":[{"href":"https:\/\/website.ifit.li\/index.php?rest_route=\/wp\/v2\/posts"}],"about":[{"href":"https:\/\/website.ifit.li\/index.php?rest_route=\/wp\/v2\/types\/post"}],"author":[{"embeddable":true,"href":"https:\/\/website.ifit.li\/index.php?rest_route=\/wp\/v2\/users\/1"}],"replies":[{"embeddable":true,"href":"https:\/\/website.ifit.li\/index.php?rest_route=%2Fwp%2Fv2%2Fcomments&post=2978"}],"version-history":[{"count":2,"href":"https:\/\/website.ifit.li\/index.php?rest_route=\/wp\/v2\/posts\/2978\/revisions"}],"predecessor-version":[{"id":39013,"href":"https:\/\/website.ifit.li\/index.php?rest_route=\/wp\/v2\/posts\/2978\/revisions\/39013"}],"wp:attachment":[{"href":"https:\/\/website.ifit.li\/index.php?rest_route=%2Fwp%2Fv2%2Fmedia&parent=2978"}],"wp:term":[{"taxonomy":"category","embeddable":true,"href":"https:\/\/website.ifit.li\/index.php?rest_route=%2Fwp%2Fv2%2Fcategories&post=2978"},{"taxonomy":"post_tag","embeddable":true,"href":"https:\/\/website.ifit.li\/index.php?rest_route=%2Fwp%2Fv2%2Ftags&post=2978"}],"curies":[{"name":"wp","href":"https:\/\/api.w.org\/{rel}","templated":true}]}}