{"id":2971,"date":"2013-07-31T18:39:52","date_gmt":"2013-07-31T16:39:52","guid":{"rendered":"http:\/\/ifit.ch\/?p=2971"},"modified":"2022-08-30T10:45:21","modified_gmt":"2022-08-30T08:45:21","slug":"der-heilige-ignatius-von-loyola-alles-zur-groseren-ehre-gottes-ad-maiorem-dei-gloriam","status":"publish","type":"post","link":"https:\/\/website.ifit.li\/?p=2971","title":{"rendered":"Der heilige Ignatius von Loyola: Alles zur gr\u00f6\u00dferen Ehre Gottes &#8211; Ad maiorem Dei gloriam!"},"content":{"rendered":"<h1>Papst Franziskus feiert mit der Kirche den\u00a0Ordensgr\u00fcnder Ignatius von Loyola<\/h1>\n<figure id=\"attachment_6047\" aria-describedby=\"caption-attachment-6047\" style=\"width: 300px\" class=\"wp-caption alignleft\"><a href=\"https:\/\/website.ifit.li\/?attachment_id=6047\" rel=\"attachment wp-att-6047\"><img data-opt-id=602495080  fetchpriority=\"high\" decoding=\"async\" class=\"wp-image-6047 size-full\" src=\"https:\/\/ml2mintiuscj.i.optimole.com\/w:auto\/h:auto\/q:mauto\/f:best\/https:\/\/website.ifit.li\/wp-content\/uploads\/2015\/10\/Papst-Franziskus-mit-Evangelium.jpg\" alt=\"Bild: Aus dem Internet\" width=\"300\" height=\"168\" \/><\/a><figcaption id=\"caption-attachment-6047\" class=\"wp-caption-text\">Papst Franziskus<\/figcaption><\/figure>\n<p>Er sei immer noch Jesuit, denke wie ein Jesuit und f\u00fchle wie einer. Auch wenn er den Namen Franziskus gew\u00e4hlt habe, so bedeute das nicht, dass er seine Spiritualit\u00e4t gewechselt habe. Papst Franziskus war eindeutig, als er bei der mittlerweile ber\u00fchmten Pressekonferenz im Flugzeug auf sein Jesuitsein angesprochen wurde. Am Mittwoch, 31. Juli feiert die Kirche den Ordensgr\u00fcnder der Jesuiten, den heiligen Ignatius von Loyola. Und Papst Franziskus feierte mit: Er stand der Messe in der Jesuitenkirche il Ges\u00f9 im Zentrum von Rom vor, an der \u00fcber 250 Ordensmitglieder, au\u00dferdem Freunde und Mitarbeiterinnen und Mitarbeiter des Ordens teilnahmen. In seiner Predigt betonte der Papst zentrale Punkte des Charismas des Ordens: Zuerst die Zentralit\u00e4t Christi f\u00fcr alles, was ein Jesuit tut.<\/p>\n<audio class=\"wp-audio-shortcode\" id=\"audio-2971-1\" preload=\"none\" style=\"width: 100%;\" controls=\"controls\"><source type=\"audio\/mpeg\" src=\"https:\/\/website.ifit.li\/wp-content\/uploads\/2013\/07\/2013-07-31-Papstmesse-zum-Ignatiusfest-Alles-zur-groesseren-Ehre-Gottes.mp3?_=1\" \/><a href=\"https:\/\/website.ifit.li\/wp-content\/uploads\/2013\/07\/2013-07-31-Papstmesse-zum-Ignatiusfest-Alles-zur-groesseren-Ehre-Gottes.mp3\">https:\/\/website.ifit.li\/wp-content\/uploads\/2013\/07\/2013-07-31-Papstmesse-zum-Ignatiusfest-Alles-zur-groesseren-Ehre-Gottes.mp3<\/a><\/audio>\n<p><!--more-->\u201eDie Antwort auf die Frage an uns, an uns alle, ob Christus in unserem Leben im Zentrum steht, steht nicht von vorneherein fest. Stelle ich wirklich Christus ins Zentrum meines Lebens? Wir leben immer in der Versuchung, uns selbst ins Zentrum zu stellen. Und wenn ein Jesuit sich selbst ins Zentrum setzt und nicht Christus, dann irrt er.\u201c\u00a0Diesen Gedanken erweiterte er zum Bild einer \u201edoppelten Zentralit\u00e4t\u201c: \u201eZur Zentralit\u00e4t Christi geh\u00f6rt auch die Zentralit\u00e4t der Kirche: Es sind zwei Fokusse, die nicht voneinander trennbar sind: ich kann Christus nicht nachfolgen, wenn ich es nicht in der Kirche und mit der Kirche tue. Und auch hier sind wir Jesuiten und die gesamte Gesellschaft [Jesu] nicht im Zentrum, wir sind sozusagen \u201eversetzt\u201c, wir sind im Dienst Christi und der Kirche, der Braut Christi unseres Herrn, die unsere Heilige Mutter, die hierarchische Kirche ist [EB 353]. In der Kirche verwurzelte und gegr\u00fcndete M\u00e4nner zu sein: Das will Jesus von uns. Daf\u00fcr braucht es Kreativit\u00e4t, aber immer in Gemeinschaft, in der Kirche, von deren Zugeh\u00f6rigkeit die Kraft kommt, weiter zu gehen.\u201c<br \/>\nImmer wieder zitierte der Papst das Exerzitienbuch [EB] des Ignatius von Loyola, in dem die Methode f\u00fcr den geistlichen Weg eines Beters angegeben wird. Diese Exerzitien bilden das R\u00fcckgrat jesuitischer Spiritualit\u00e4t. \u201eIch suche Jesus, ich diene Jesus, weil er mich zuerst gesucht hat, weil ich von ihm ergriffen worden bin: Das ist das Herz unserer Erfahrung. Ich m\u00f6chte hier an die Meditation \u00fcber die K\u00f6nigreiche der Zweiten Woche [der 30t\u00e4gigen Exerzitien] erinnern [eine Meditation aus dem EB]. Christus unser Herr, der ewige K\u00f6nig, ruft jeden von uns und sagt: Wer mit mir kommen will muss mit mir arbeiten, denn wer mir im Leiden folgt, wird mir auch in die Herrlichkeit folgen [EB 95]. Von Christus ergriffen sein und diesem K\u00f6nig unser gesamtes Sein anbieten und unser ganzes M\u00fchen [EB 96]; dem Herrn versprechen, alles zu tun f\u00fcr seinen gr\u00f6\u00dferen Dienst und sein gr\u00f6\u00dferes Lob; ihm gleich werden auch im Ertragen von Schm\u00e4hungen, von Hohn und Armut [EB 98].\u201c<\/p>\n<figure id=\"attachment_5844\" aria-describedby=\"caption-attachment-5844\" style=\"width: 195px\" class=\"wp-caption alignleft\"><a href=\"https:\/\/website.ifit.li\/?attachment_id=5844\" rel=\"attachment wp-att-5844\"><img data-opt-id=757531366  fetchpriority=\"high\" decoding=\"async\" class=\"size-full wp-image-5844\" src=\"https:\/\/ml2mintiuscj.i.optimole.com\/w:auto\/h:auto\/q:mauto\/f:best\/https:\/\/website.ifit.li\/wp-content\/uploads\/2012\/12\/Ignatius-von-Loyola.jpg\" alt=\"Ignatius von Loyola\" width=\"195\" height=\"258\" \/><\/a><figcaption id=\"caption-attachment-5844\" class=\"wp-caption-text\">Der hl. Ignatius von Loyola, Ordensgr\u00fcnder des Jesuitenordens<\/figcaption><\/figure>\n<p>Das wollte der Papst durchaus auch konkret verstanden wissen, an dieser Stelle gedachte er eines italienischen Jesuiten, Paolo Dall\u2019Oglios, der wahrscheinlich in Syrien entf\u00fchrt [und get\u00f6tet] wurde. Konkret werde das aber auch im allt\u00e4glichen Leben eines Jesuiten, denn es gelte, die eigene Schw\u00e4che immer vor Augen zu haben. \u201eChristus anschauend schauen wir, wie der heilige Ignatius uns in der ersten Woche [einer Phase der Exerzitien] lehrt, auf den gekreuzigten Christus und haben das menschliche und noble Gef\u00fchl, dass es eine Schande ist, hier nicht auf Augenh\u00f6he zu sein; wir schauen auf die Weisheit Christi und unser Unwissen, auf seine Allmacht und unsere Schw\u00e4che, seine Gerechtigkeit und unsere Bosheit, auf seine G\u00fcte und unsere Schlechtigkeit [EB 59].\u201c<br \/>\nDaraus resultiere aber keineswegs nur ein schlechtes Gef\u00fchl, sondern lehre Demut, die notwendige Einstellung f\u00fcr den Dienst an Christus und der Kirche: \u201eDemut l\u00e4sst uns jeden Tag sehen, dass nicht wir das Reich Gottes aufbauen, sondern dass es immer die Gnade des Herrn ist, die in mir handelt; Demut, die uns dazu bringt, uns selbst nicht in unseren eigenen Dienst oder den unserer eigenen Ideen zu stellen, sondern in den Dienst Christi und der Kirche, wie t\u00f6nerne Gef\u00e4\u00dfe, zerbrechlich, unzureichend, ungen\u00fcgend, aber in diesen tragen wir und teilen wir einen immensen Schatz [<a title=\"2 Korinther 4,7\" href=\"http:\/\/www.bibleserver.com\/text\/EU\/2.Korinther4.7\" target=\"_blank\" rel=\"noopener noreferrer\">2 Korinther 4,7<\/a>]. \u2026 Es begleiten unseren Weg die v\u00e4terliche F\u00fcrsprache des heiligen Ignatius und aller heiligen Jesuiten, die uns lehren alles in Demut zu tun: <span style=\"color: #ff0000;\"><strong>Ad maiorem Dei gloriam.<\/strong><\/span>\u201c<br \/>\nNach der Messfeier verweilte der Papst zu einem Gemeinschaftsgebet am Grab des Ordensgr\u00fcnders, bevor er auch noch den Altar des heiligen Franziskus Xaver und das Grab von Ordensgeneral Pedro Arrupe besuchte.<\/p>\n<h3>Weitere Hinweise und Quellen<\/h3>\n<ul>\n<li>Radio Vatikan Audio (MP3): Papstmesse am 31. Juli 2013 zum Ignatiusfest &#8211; Alles zur gr\u00f6\u00dferen Ehre Gottes<audio class=\"wp-audio-shortcode\" id=\"audio-2971-2\" preload=\"none\" style=\"width: 100%;\" controls=\"controls\"><source type=\"audio\/mpeg\" src=\"https:\/\/website.ifit.li\/wp-content\/uploads\/2013\/07\/2013-07-31-Papstmesse-zum-Ignatiusfest-Alles-zur-groesseren-Ehre-Gottes.mp3?_=2\" \/><a href=\"https:\/\/website.ifit.li\/wp-content\/uploads\/2013\/07\/2013-07-31-Papstmesse-zum-Ignatiusfest-Alles-zur-groesseren-Ehre-Gottes.mp3\">https:\/\/website.ifit.li\/wp-content\/uploads\/2013\/07\/2013-07-31-Papstmesse-zum-Ignatiusfest-Alles-zur-groesseren-Ehre-Gottes.mp3<\/a><\/audio><\/li>\n<li>Originaltext: <a title=\"P. Bernd Hagenkord SJ, Radio Vatikan, Artikel 715818\" href=\"http:\/\/de.radiovaticana.va\/news\/2013\/07\/31\/papstmesse_zum_ignatiusfest:_alles_zur_gr\u00f6\u00dferen_ehre_gottes\/ted-715818\" target=\"_blank\" rel=\"noopener noreferrer\">P. Bernd Hagenkord SJ, Radio Vatikan, Artikel 715818<\/a><\/li>\n<li><a title=\"Exerzitien im Alltag gem\u00e4ss Ignatius von Loyola\" href=\"https:\/\/website.ifit.li\/?p=5839\" target=\"_blank\" rel=\"noopener noreferrer\">Exerzitien im Alltag gem\u00e4ss Ignatius von Loyola<\/a><\/li>\n<li><a title=\"Wikipedia: Der heilige Ignatius von Loyola\" href=\"http:\/\/de.wikipedia.org\/wiki\/Ignatius_von_Loyola\" target=\"_blank\" rel=\"noopener noreferrer\">Wikipedia: Der heilige Ignatius von Loyola<\/a><\/li>\n<\/ul>\n","protected":false},"excerpt":{"rendered":"<p>Papst Franziskus feiert mit der Kirche den\u00a0Ordensgr\u00fcnder Ignatius von Loyola Er sei immer noch Jesuit, denke wie ein Jesuit und f\u00fchle wie einer. Auch wenn er den Namen Franziskus gew\u00e4hlt habe, so bedeute das nicht, dass er seine Spiritualit\u00e4t gewechselt habe. Papst Franziskus war eindeutig, als er bei der mittlerweile ber\u00fchmten Pressekonferenz im Flugzeug auf &hellip; <a href=\"https:\/\/website.ifit.li\/?p=2971\" class=\"more-link\"><span class=\"screen-reader-text\">Der heilige Ignatius von Loyola: Alles zur gr\u00f6\u00dferen Ehre Gottes &#8211; Ad maiorem Dei gloriam!<\/span> weiterlesen <span class=\"meta-nav\">&rarr;<\/span><\/a><\/p>\n","protected":false},"author":1,"featured_media":37424,"comment_status":"closed","ping_status":"open","sticky":false,"template":"","format":"standard","meta":{"footnotes":""},"categories":[450,285,451,452],"tags":[236,246,148,461,241,207,62,230,412,212,280,374,283,396,208,548,58,263,189,261],"class_list":["post-2971","post","type-post","status-publish","format-standard","has-post-thumbnail","hentry","category-katholische-kirche","category-lehramt","category-liturgie","category-papst","tag-armut","tag-auferstehung-jesu","tag-boese","tag-christkonigssonntag","tag-demut","tag-eucharistie","tag-exerzitien","tag-gebet","tag-gebote-der-kirche","tag-gerechtigkeit-gottes","tag-gott-sohn-jesus-christus","tag-ignatius-von-loyola","tag-kirche","tag-kreuz","tag-leben","tag-lehramt","tag-papst-franziskus","tag-reich-gottes","tag-tod","tag-versuchung"],"_links":{"self":[{"href":"https:\/\/website.ifit.li\/index.php?rest_route=\/wp\/v2\/posts\/2971","targetHints":{"allow":["GET"]}}],"collection":[{"href":"https:\/\/website.ifit.li\/index.php?rest_route=\/wp\/v2\/posts"}],"about":[{"href":"https:\/\/website.ifit.li\/index.php?rest_route=\/wp\/v2\/types\/post"}],"author":[{"embeddable":true,"href":"https:\/\/website.ifit.li\/index.php?rest_route=\/wp\/v2\/users\/1"}],"replies":[{"embeddable":true,"href":"https:\/\/website.ifit.li\/index.php?rest_route=%2Fwp%2Fv2%2Fcomments&post=2971"}],"version-history":[{"count":4,"href":"https:\/\/website.ifit.li\/index.php?rest_route=\/wp\/v2\/posts\/2971\/revisions"}],"predecessor-version":[{"id":38279,"href":"https:\/\/website.ifit.li\/index.php?rest_route=\/wp\/v2\/posts\/2971\/revisions\/38279"}],"wp:featuredmedia":[{"embeddable":true,"href":"https:\/\/website.ifit.li\/index.php?rest_route=\/wp\/v2\/media\/37424"}],"wp:attachment":[{"href":"https:\/\/website.ifit.li\/index.php?rest_route=%2Fwp%2Fv2%2Fmedia&parent=2971"}],"wp:term":[{"taxonomy":"category","embeddable":true,"href":"https:\/\/website.ifit.li\/index.php?rest_route=%2Fwp%2Fv2%2Fcategories&post=2971"},{"taxonomy":"post_tag","embeddable":true,"href":"https:\/\/website.ifit.li\/index.php?rest_route=%2Fwp%2Fv2%2Ftags&post=2971"}],"curies":[{"name":"wp","href":"https:\/\/api.w.org\/{rel}","templated":true}]}}