{"id":2951,"date":"2013-07-14T10:59:55","date_gmt":"2013-07-14T09:59:55","guid":{"rendered":"http:\/\/ifit.ch\/?p=2951"},"modified":"2021-10-18T16:55:36","modified_gmt":"2021-10-18T14:55:36","slug":"gott-ist-barmherzig-und-versteht-uns-auch-unsere-sunden-herr-gib-uns-allen-dieses-barmherzige-herz","status":"publish","type":"post","link":"https:\/\/website.ifit.li\/?p=2951","title":{"rendered":"Gott ist barmherzig und versteht uns, auch unsere S\u00fcnden: Herr, gib uns allen dieses barmherzige Herz!"},"content":{"rendered":"<h1>Barmherziger Samariter von Papst Franziskus beim Angelus in Castel\u00a0 Gandolfo<\/h1>\n<p>Als leuchtendes Beispiel der N\u00e4chstenliebe hat Papst Franziskus bei seinem\u00a0 ersten Angelus-Gebet in Castel Gandolfo den \u201eGuten Samariter\u201c hervorgehoben.\u00a0 Rund 20.000 Menschen h\u00f6rten dem Papst am Sonntag, 14. Juli\u00a0zu. Franziskus\u00a0 ging in seiner Katechese vom Lukasevangelium aus\u00a0[<a title=\"Lukas 10, 25-37\" href=\"http:\/\/www.bibleserver.com\/text\/EU\/Lukas10.25-37\" target=\"_blank\" rel=\"noopener noreferrer\">Lukas\u00a0 10, 25-37<\/a>]. Anders als die beiden Kultdiener sei der Samariter nicht achtlos\u00a0 an dem Schwerverletzten vor\u00fcbergegangen, sondern habe mit seinem Handeln den\u00a0 Willen Gottes in die Tat umgesetzt. Franziskus zitierte:\u00a0\u201eEr n\u00e4herte sich,\u00a0 verband ihm die Wunden und goss ein wenig \u00d6l und Wein dar\u00fcber; er lud ihn auf\u00a0 sein Reittier, trug ihn in eine Herberge und zahlte f\u00fcr ihn die Unterkunft\u2026 Er\u00a0 k\u00fcmmerte sich also um ihn; er ist Beispiel der Liebe f\u00fcr den N\u00e4chsten. Doch\u00a0 warum w\u00e4hlte Jesus einen Samariter als Hauptfigur seiner Parabel? <!--more-->Weil die\u00a0 Samariter von den Juden wegen verschiedener religi\u00f6ser Traditionen verachtet\u00a0 wurden. Und trotzdem zeigt Jesus, dass das Herz dieses Samariters gut und\u00a0 gro\u00dfz\u00fcgig ist (\u2026).\u201c Gott verlange vom Menschen vor\u00a0 allem Barmherzigkeit und nicht Brandopfer, zitierte der Papst das\u00a0 Tagesevangelium. Dabei komme es insbesondere auf die innere Gesinnung des\u00a0 Menschen an. \u201eGott will immer die Barmherzigkeit und nicht die Verurteilung\u00a0 aller. Er will die Barmherzigkeit des Herzens, denn Er ist barmherzig und\u00a0 versteht unser Elend, unsere Schwierigkeiten und auch unsere S\u00fcnden. Gib uns\u00a0 allen dieses barmherzige Herz!\u201c<br \/>\nAls herausragendes Beispiel einer solcher Barmherzigkeit bezeichnete der\u00a0 Papst das Engagement des vor genau 400 Jahren gestorbenen <a title=\"heiligen Camillo de Lellis\" href=\"http:\/\/de.wikipedia.org\/wiki\/Kamillus_von_Lellis\" target=\"_blank\" rel=\"noopener noreferrer\">heiligen\u00a0 Camillo de Lellis<\/a>, des Gr\u00fcnders des nach ihm benannten Krankenpflegeordens.\u00a0 Aus diesem Anlass richtete Franziskus einen besonderen Gru\u00df an alle Kamillianer,\u00a0 die wie ihr Gr\u00fcnder \u201edas Charisma der Liebe im t\u00e4glichen Kontakt mit den Kranken\u00a0 leben\u201c. Er appellierte an alle Ordensmitglieder und die in ihren Krankenh\u00e4user\u00a0 t\u00e4tigen \u00c4rzte und Pfleger: \u201eSeid wie die guten Samariter\u201c. Franziskus sprach das\u00a0 Angelus-Gebet vor dem p\u00e4pstlichen Sommerpalais im Zentrum von Castel Gandolfo.\u00a0 Im Anschluss ging er auf die Menschen zu, sch\u00fcttelte viele H\u00e4nde und sprach\u00a0 insbesondere mit Kranken und Behinderten.<\/p>\n<h3>Weitere Hinweise und Quellen<\/h3>\n<ul>\n<li>Audio (MP3): Papst\u00a0\u00a0 Franziskus erkl\u00e4rt beim Angelus in Castel Gandolfo die Parabel vom\u00a0\u00a0 Barmherzigen Samariter<audio class=\"wp-audio-shortcode\" id=\"audio-2951-1\" preload=\"none\" style=\"width: 100%;\" controls=\"controls\"><source type=\"audio\/mpeg\" src=\"https:\/\/website.ifit.li\/wp-content\/uploads\/2013\/07\/2013-07-14-Papst-Franziskus-erklaert-beim-Angelus-in-Castel-Gandolfo-die-Parabel-vom-Barmherzigen-Samariter.mp3?_=1\" \/><a href=\"https:\/\/website.ifit.li\/wp-content\/uploads\/2013\/07\/2013-07-14-Papst-Franziskus-erklaert-beim-Angelus-in-Castel-Gandolfo-die-Parabel-vom-Barmherzigen-Samariter.mp3\">https:\/\/website.ifit.li\/wp-content\/uploads\/2013\/07\/2013-07-14-Papst-Franziskus-erklaert-beim-Angelus-in-Castel-Gandolfo-die-Parabel-vom-Barmherzigen-Samariter.mp3<\/a><\/audio><\/li>\n<li>Originaltext: <a title=\"Anne Preckel, Radio Vatikan, Artikel 710389\" href=\"http:\/\/de.radiovaticana.va\/news\/2013\/07\/14\/papst_in_castel_gandolfo:_\u201eseid_barmherzig_wie_der_samariter!\u201c\/ted-710389\" target=\"_blank\" rel=\"noopener noreferrer\">Anne Preckel, Radio Vatikan, Artikel 710389<\/a><\/li>\n<\/ul>\n","protected":false},"excerpt":{"rendered":"<p>Barmherziger Samariter von Papst Franziskus beim Angelus in Castel\u00a0 Gandolfo Als leuchtendes Beispiel der N\u00e4chstenliebe hat Papst Franziskus bei seinem\u00a0 ersten Angelus-Gebet in Castel Gandolfo den \u201eGuten Samariter\u201c hervorgehoben.\u00a0 Rund 20.000 Menschen h\u00f6rten dem Papst am Sonntag, 14. Juli\u00a0zu. Franziskus\u00a0 ging in seiner Katechese vom Lukasevangelium aus\u00a0[Lukas\u00a0 10, 25-37]. Anders als die beiden Kultdiener sei &hellip; <a href=\"https:\/\/website.ifit.li\/?p=2951\" class=\"more-link\"><span class=\"screen-reader-text\">Gott ist barmherzig und versteht uns, auch unsere S\u00fcnden: Herr, gib uns allen dieses barmherzige Herz!<\/span> weiterlesen <span class=\"meta-nav\">&rarr;<\/span><\/a><\/p>\n","protected":false},"author":1,"featured_media":0,"comment_status":"open","ping_status":"open","sticky":false,"template":"","format":"standard","meta":{"footnotes":""},"categories":[450,285,451,452],"tags":[372,129,148,173,104,31,58,167],"class_list":["post-2951","post","type-post","status-publish","format-standard","hentry","category-katholische-kirche","category-lehramt","category-liturgie","category-papst","tag-angelus","tag-barmherzigkeit","tag-boese","tag-herz","tag-katechese","tag-liebe","tag-papst-franziskus","tag-suende"],"_links":{"self":[{"href":"https:\/\/website.ifit.li\/index.php?rest_route=\/wp\/v2\/posts\/2951","targetHints":{"allow":["GET"]}}],"collection":[{"href":"https:\/\/website.ifit.li\/index.php?rest_route=\/wp\/v2\/posts"}],"about":[{"href":"https:\/\/website.ifit.li\/index.php?rest_route=\/wp\/v2\/types\/post"}],"author":[{"embeddable":true,"href":"https:\/\/website.ifit.li\/index.php?rest_route=\/wp\/v2\/users\/1"}],"replies":[{"embeddable":true,"href":"https:\/\/website.ifit.li\/index.php?rest_route=%2Fwp%2Fv2%2Fcomments&post=2951"}],"version-history":[{"count":2,"href":"https:\/\/website.ifit.li\/index.php?rest_route=\/wp\/v2\/posts\/2951\/revisions"}],"predecessor-version":[{"id":38440,"href":"https:\/\/website.ifit.li\/index.php?rest_route=\/wp\/v2\/posts\/2951\/revisions\/38440"}],"wp:attachment":[{"href":"https:\/\/website.ifit.li\/index.php?rest_route=%2Fwp%2Fv2%2Fmedia&parent=2951"}],"wp:term":[{"taxonomy":"category","embeddable":true,"href":"https:\/\/website.ifit.li\/index.php?rest_route=%2Fwp%2Fv2%2Fcategories&post=2951"},{"taxonomy":"post_tag","embeddable":true,"href":"https:\/\/website.ifit.li\/index.php?rest_route=%2Fwp%2Fv2%2Ftags&post=2951"}],"curies":[{"name":"wp","href":"https:\/\/api.w.org\/{rel}","templated":true}]}}