{"id":2885,"date":"2013-07-04T21:32:01","date_gmt":"2013-07-04T19:32:01","guid":{"rendered":"http:\/\/ifit.ch\/?p=2885"},"modified":"2021-10-18T16:34:02","modified_gmt":"2021-10-18T14:34:02","slug":"was-fur-ein-schoner-personalausweis-mein-name-ist-kind-gottes-und-familienstand-frei","status":"publish","type":"post","link":"https:\/\/website.ifit.li\/?p=2885","title":{"rendered":"Was f\u00fcr ein sch\u00f6ner Personalausweis: Mein Name ist Kind Gottes und Familienstand frei!"},"content":{"rendered":"<h1>Franziskus predigt in Santa Marta \u00fcber den Personalausweis der Kinder Gottes<\/h1>\n<p>Alle Menschen sind Kinder Gottes und dies pr\u00e4gt einen jeden von uns. Diesen \u201ePersonalausweis\u201c k\u00f6nne uns auch niemand rauben. Das betonte Papst Franziskus in seiner Predigt am Donnerstag, 4. Juli\u00a0in der Kapelle von Santa Marta. Konzelebrant war der indische Erzbischof von Ranchi, Kardinal Telesphoro Placidus Toppo.\u00a0In seiner Predigt ging der Papst vom Tagesevangelium aus (<a title=\"Matth\u00e4us 9,1-8\" href=\"http:\/\/www.bibleserver.com\/text\/EU\/Matth%C3%A4us9.1-8\" target=\"_blank\" rel=\"noopener noreferrer\">Matth\u00e4us 9,1-8<\/a>). Es geht dort um die Heilung eines Gel\u00e4hmten. Jesus sage am Anfang zu diesem: \u201eHab Vertrauen, mein Sohn, deine S\u00fcnden sind dir vergeben!\u201c. Doch vielleicht, so Franziskus, sei dieser Mann zun\u00e4chst ein wenig schockiert gewesen, da es ja in seiner Absicht gelegen habe, am Leib geheilt zu werden. Doch nach Ansicht der Schriftgelehrten k\u00f6nne allein Gott die S\u00fcnden vergeben. Angesichts der harschen Kritiken, mit denen sie Christus der Gottesl\u00e4sterung bezichtigten, heile Jesus ihn dann auch am Leib. <!--more-->In Wirklichkeit waren jedoch \u201edie Heilungen, die Lehre, die starken Worte gegen die Heuchelei nur ein Zeichen, ein Zeichen von etwas, das \u00fcber das, was Jesus tat, hinausgeht\u201c. Dabei handle es sich eben um die Vergebung der S\u00fcnden: in Jesus \u201ewird die Welt mit Gott vers\u00f6hnt\u201c, was das tiefste Wunder sei:<\/p>\n<blockquote><p>\u201eDiese Vers\u00f6hnung ist die neue Sch\u00f6pfung der Welt. Das ist die tiefste Sendung Jesu. Die Erl\u00f6sung von uns allen, die wir S\u00fcnder sind, und Jesus tut dies nicht mit Worten, nicht mit Gesten, nicht indem er auf der Stra\u00dfe daher geht. Nein! Er tut dies mit seinem Fleisch! Und gerade er ist es, Gott, der einer von uns wird, Mensch, um uns von innen her zu heilen, uns S\u00fcnder.\u201c<\/p><\/blockquote>\n<p>Jesus befreie uns von den S\u00fcnden, indem er selbst zur S\u00fcnde werde und alle S\u00fcnde auf sich nehme: \u201edas ist die neue Sch\u00f6pfung\u201c, so der Papst weiter. Jesus \u201esteigt von der Herrlichkeit herab und erniedrigt sich bis zum Tod, zum Tod am Kreuz, bis zum Schrei: \u201aVater, warum hast du mich verlassen?\u2019\u201c. Das \u201eist seine Herrlichkeit, und das ist unser Heil\u201c:<\/p>\n<blockquote><p>\u201eDas ist das gr\u00f6\u00dfte Wunder, und was macht Jesus damit? Er macht uns zu Kindern mit der Freiheit der Kinder. Durch das, was Jesus getan hat, k\u00f6nnen wir sagen: \u201aVater\u2019. Andernfalls h\u00e4tten wir das nie sagen k\u00f6nnen: \u201aVater!\u2019. Und \u201aVater\u2019 sagen mit einer so sch\u00f6nen und guten Haltung, in Freiheit! Das ist das gro\u00dfe Wunder Jesu. Uns alle, Sklaven der S\u00fcnde, hat er frei gemacht, er hat uns im Grunde unserer Existenz geheilt. Es wird uns gut tun, daran zu denken und zu denken, dass es so sch\u00f6n ist, Kinder zu sein, dass diese Freiheit der Kinder so sch\u00f6n ist, weil das Kind zuhause ist und Jesus uns die T\u00fcren des Hauses ge\u00f6ffnet hat&#8230; Wir sind jetzt zuhause!\u201c<\/p><\/blockquote>\n<p>So k\u00f6nne nun der Sinn der Worte Jesu verstanden werden: \u201eHab Vertrauen, mein Sohn, deine S\u00fcnden sind dir vergeben\u201c, beschloss der Papst seine Betrachtungen:<\/p>\n<blockquote><p>\u201eDas ist die Wurzel unseres Mutes. Ich bin frei, ich bin Kind&#8230; Der Vater liebt mich und ich liebe den Vater! Bitten wir den Herrn um die Gnade, dieses sein Werk gut zu verstehen, das, was Gott in ihm getan hat: Gott hat in Christus die Welt mit sich vers\u00f6hnt und uns das Wort der Vers\u00f6hnung und die Gnade anvertraut, dieses Wort der Vers\u00f6hnung kraftvoll, mit der Freiheit der Kinder voranzubringen. Wir sind in Jesus Christus gerettet! Und keiner kann uns diesen Personalausweis stehlen. Mein Name ist: Kind Gottes! Was f\u00fcr ein sch\u00f6ner Personalausweis! Familienstand: frei! So sei es.\u201c<\/p><\/blockquote>\n<p>In seinem Tweet des Tages schreibt Franziskus:<\/p>\n<blockquote><p>\u201eDie Liebe Christi zu uns und seine Freundschaft sind real und keine Illusion. Das wird gerade am Kreuz sichtbar.\u201c<\/p><\/blockquote>\n<p>Wie der Vatikan bekannt gab, wird Papst Franziskus nur noch in dieser Woche seine gewohnten morgendlichen Messen abhalten \u2013 in der Sommerpause bis September sind diese ausgesetzt. Anschlie\u00dfend will der Papst die Morgenmessen wieder aufnehmen.<\/p>\n<h3>Weitere Hinweise und Quellen<\/h3>\n<ul>\n<li>Audio (MP3): Papst Franziskus predigt in Santa Marta \u00fcber den Personalausweis der Kinder Gottes<audio class=\"wp-audio-shortcode\" id=\"audio-2885-1\" preload=\"none\" style=\"width: 100%;\" controls=\"controls\"><source type=\"audio\/mpeg\" src=\"https:\/\/website.ifit.li\/wp-content\/uploads\/2013\/07\/2013-07-04-Papst-Franziskus-predigt-in-Santa-Marta-ueber-den-Personalausweis-der-Kinder-Gottes.mp3?_=1\" \/><a href=\"https:\/\/website.ifit.li\/wp-content\/uploads\/2013\/07\/2013-07-04-Papst-Franziskus-predigt-in-Santa-Marta-ueber-den-Personalausweis-der-Kinder-Gottes.mp3\">https:\/\/website.ifit.li\/wp-content\/uploads\/2013\/07\/2013-07-04-Papst-Franziskus-predigt-in-Santa-Marta-ueber-den-Personalausweis-der-Kinder-Gottes.mp3<\/a><\/audio><\/li>\n<li>Originaltext: <a title=\"Mario Galgano, Radio Vatikan, Artikel 707446 \" href=\"http:\/\/de.radiovaticana.va\/news\/2013\/07\/04\/papstpredigt:_\u201ewir_sind_alle_kindergottes_\u2013_das_nimmt_uns_keiner_weg\u201c\/ted-707446\" target=\"_blank\" rel=\"noopener noreferrer\">Mario Galgano, Radio Vatikan, Artikel 707446\u00a0<\/a><\/li>\n<\/ul>\n","protected":false},"excerpt":{"rendered":"<p>Franziskus predigt in Santa Marta \u00fcber den Personalausweis der Kinder Gottes Alle Menschen sind Kinder Gottes und dies pr\u00e4gt einen jeden von uns. Diesen \u201ePersonalausweis\u201c k\u00f6nne uns auch niemand rauben. Das betonte Papst Franziskus in seiner Predigt am Donnerstag, 4. Juli\u00a0in der Kapelle von Santa Marta. Konzelebrant war der indische Erzbischof von Ranchi, Kardinal Telesphoro &hellip; <a href=\"https:\/\/website.ifit.li\/?p=2885\" class=\"more-link\"><span class=\"screen-reader-text\">Was f\u00fcr ein sch\u00f6ner Personalausweis: Mein Name ist Kind Gottes und Familienstand frei!<\/span> weiterlesen <span class=\"meta-nav\">&rarr;<\/span><\/a><\/p>\n","protected":false},"author":1,"featured_media":0,"comment_status":"open","ping_status":"open","sticky":false,"template":"","format":"standard","meta":{"footnotes":""},"categories":[450,285,451,452],"tags":[398,207,176,278,229,280,281,231,279,223,396,8,400,388,58,286,167,189,376,198],"class_list":["post-2885","post","type-post","status-publish","format-standard","hentry","category-katholische-kirche","category-lehramt","category-liturgie","category-papst","tag-busssakrament","tag-eucharistie","tag-familie","tag-freiheit","tag-gnade","tag-gott-sohn-jesus-christus","tag-gott-vater","tag-gotteskindschaft","tag-gott-heiliger-geist","tag-heiligkeit","tag-kreuz","tag-kritik","tag-leib","tag-mut","tag-papst-franziskus","tag-predigt","tag-suende","tag-tod","tag-wort-gottes","tag-wunder"],"_links":{"self":[{"href":"https:\/\/website.ifit.li\/index.php?rest_route=\/wp\/v2\/posts\/2885","targetHints":{"allow":["GET"]}}],"collection":[{"href":"https:\/\/website.ifit.li\/index.php?rest_route=\/wp\/v2\/posts"}],"about":[{"href":"https:\/\/website.ifit.li\/index.php?rest_route=\/wp\/v2\/types\/post"}],"author":[{"embeddable":true,"href":"https:\/\/website.ifit.li\/index.php?rest_route=\/wp\/v2\/users\/1"}],"replies":[{"embeddable":true,"href":"https:\/\/website.ifit.li\/index.php?rest_route=%2Fwp%2Fv2%2Fcomments&post=2885"}],"version-history":[{"count":2,"href":"https:\/\/website.ifit.li\/index.php?rest_route=\/wp\/v2\/posts\/2885\/revisions"}],"predecessor-version":[{"id":38421,"href":"https:\/\/website.ifit.li\/index.php?rest_route=\/wp\/v2\/posts\/2885\/revisions\/38421"}],"wp:attachment":[{"href":"https:\/\/website.ifit.li\/index.php?rest_route=%2Fwp%2Fv2%2Fmedia&parent=2885"}],"wp:term":[{"taxonomy":"category","embeddable":true,"href":"https:\/\/website.ifit.li\/index.php?rest_route=%2Fwp%2Fv2%2Fcategories&post=2885"},{"taxonomy":"post_tag","embeddable":true,"href":"https:\/\/website.ifit.li\/index.php?rest_route=%2Fwp%2Fv2%2Ftags&post=2885"}],"curies":[{"name":"wp","href":"https:\/\/api.w.org\/{rel}","templated":true}]}}