{"id":2844,"date":"2013-06-27T22:30:57","date_gmt":"2013-06-27T21:30:57","guid":{"rendered":"http:\/\/ifit.ch\/?p=2844"},"modified":"2021-10-18T16:25:45","modified_gmt":"2021-10-18T14:25:45","slug":"immer-mehr-differenzen-auf-ethischer-ebene-zwischen-lutheranern-und-katholiken","status":"publish","type":"post","link":"https:\/\/website.ifit.li\/?p=2844","title":{"rendered":"Der weitgehend vorhandene oder vorhanden gewesene Konsens in bioethischen Fragen ist eigentlich nicht mehr da"},"content":{"rendered":"<h1>Kardinal Koch \u00fcber ethische Differenzen zwischen Katholiken und Lutheranern<\/h1>\n<p>Die sogenannte \u201eOrientierungshilfe\u201c zur Familie der Evangelischen Kirche in Deutschland (EKD) st\u00f6\u00dft immer mehr auf Kritik, auch innerhalb der evangelischen Kirche selbst. So spricht der ehemalige evangelische Bischof Hartmut L\u00f6we von einer \u201efatalen Desorientierung\u201c und fordert die Leitung der EKD, den Rat, auf, den Text zu korrigieren. \u201eAndernfalls werden immer mehr evangelische Christen in ihrer Kirche heimatlos\u201c, schreibt L\u00f6we in einer Stellungnahme. Er war von 1980 bis 1992 Pr\u00e4sident im EKD-Kirchenamt. Das EKD-Papier vertritt ein erweitertes Familienbild, das unter anderem auch gleichgeschlechtliche Lebensgemeinschaften mit Kindern einschlie\u00dft. Auf katholischer Seite wird das Familienpapier als \u201e\u00f6kumenischer Stolperstein\u201c betrachtet. <!--more-->So sieht der Regensburger Bischof Rudolf Voderholzer in der EKD-Schrift einen Kurswechsel und eine Abkehr von der biblischen Sicht von Mann und Frau. Voderholzer hatte die \u201eevangelischen Mitchristen\u201c am vergangenen Sonntag, 23. Juni\u00a0in einer Predigt gebeten:<\/p>\n<blockquote><p>\u201eKehrt bitte auf den Boden der Heiligen Schrift zur\u00fcck! Welchen Sinn soll \u00d6kumene haben, wenn das gemeinsame Fundament der Heiligen Schrift nicht mehr ernst genommen wird?\u201c<\/p><\/blockquote>\n<p>F\u00fcr den vatikanischen \u00d6kumene-Verantwortlichen, Kurienkardinal Kurt Koch, handelt es sich um ein Zeichen daf\u00fcr, dass innerhalb des Luthertums heute verst\u00e4rkt Meinungsverschiedenheiten feststellbar seien. Im Gespr\u00e4ch mit Radio Vatikan betont er, dass der unmittelbare Ansprechpartner in Deutschland nicht der P\u00e4pstliche Einheitsrat sondern die Deutsche Bischofskonferenz sei.<\/p>\n<blockquote><p>\u201eWas nat\u00fcrlich eine besondere Herausforderung ist, ist die Feststellung, dass in der \u00f6kumenischen Situation zwischen Lutheranern und Katholiken in Deutschland immer mehr Differenzen auftreten auf ethischem Gebiet. Der weitgehend vorhandene oder vorhanden gewesene Konsens in bioethischen Fragen ist eigentlich nicht mehr da und jetzt dieses neue Dokument \u00fcber das Familienpapier, also die Orientierungshilfe \u00fcber diese Fragen, da ist nat\u00fcrlich fast kein Konsens mit der katholischen Kirche da.\u201c<\/p><\/blockquote>\n<p>Aus Kochs Sicht ist es jedoch f\u00fcr die Katholiken schwierig, sich in der Diskussion rund um das EKD-Papier zu \u00e4ussern.<\/p>\n<blockquote><p>&#171;Also wie gesagt ist es zun\u00e4chst einmal ein innerevangelisches Problem, weil ich ja viele Reaktion auch von evangelischer Seite erhalte, die ganz und gar nicht damit einverstanden sind und die kann ich eigentlich nur ermutigen, das \u00f6ffentlich zu sagen, damit es nicht nur einfach ein Problem zwischen Katholiken und Lutheranern ist, sondern ich denke , da muss auch mehr Konsens in der evangelischen Kirche entstehen. Und zweitens ist es dann vor allem eine Diskussion zwischen dem Katholiken und Lutheranern in Deutschland, ich denke die Deutsche Bischofskonferenz und die EKD m\u00fcssen hier eine vertiefte Diskussion f\u00fchren.&#187;<\/p><\/blockquote>\n<h3>Weitere Hinweise und Quellen<\/h3>\n<ul>\n<li>Audio (MP3): Kardinal Koch \u00fcber bioethischen Differenzen zwischen Katholiken und Lutheranern<audio class=\"wp-audio-shortcode\" id=\"audio-2844-1\" preload=\"none\" style=\"width: 100%;\" controls=\"controls\"><source type=\"audio\/mpeg\" src=\"https:\/\/website.ifit.li\/wp-content\/uploads\/2013\/06\/2013-06-27-Kardinal-Koch-ueber-bioethischen-Differenzen-zwischen-Katholiken-und-Lutheranern.mp3?_=1\" \/><a href=\"https:\/\/website.ifit.li\/wp-content\/uploads\/2013\/06\/2013-06-27-Kardinal-Koch-ueber-bioethischen-Differenzen-zwischen-Katholiken-und-Lutheranern.mp3\">https:\/\/website.ifit.li\/wp-content\/uploads\/2013\/06\/2013-06-27-Kardinal-Koch-ueber-bioethischen-Differenzen-zwischen-Katholiken-und-Lutheranern.mp3<\/a><\/audio><\/li>\n<li>Originaltext: <a title=\"Mario Galgano, Radio Vatikan, Artikel 705340\" href=\"http:\/\/de.radiovaticana.va\/news\/2013\/06\/27\/vatikan_d:_kardinal_koch_sieht_differenzen_zwischen_katholiken_un\/ted-705340\" target=\"_blank\" rel=\"noopener noreferrer\">Mario Galgano, Radio Vatikan, Artikel 705340<\/a><\/li>\n<li>Blog-Artikel: <a href=\"https:\/\/website.ifit.li\/?p=6212\" target=\"_blank\" rel=\"noopener\">Der Glaube ist eine der Bedingungen f\u00fcr die G\u00fcltigkeit der Ehe<\/a><\/li>\n<li>Blog-Artikel: <a href=\"https:\/\/website.ifit.li\/?p=1056\" target=\"_blank\" rel=\"noopener\">Erzieht eure Kinder im Geist der Heiligen Familie<\/a><\/li>\n<li>Blog-Artikel: <a href=\"https:\/\/website.ifit.li\/?p=6205\" target=\"_blank\" rel=\"noopener\">Abtreibung l\u00f6st kein Problem, t\u00f6tet ein Kind, zerst\u00f6rt die Frau, blendet das Gewissen des Vaters<\/a><\/li>\n<li>Blog-Artikel: <a href=\"https:\/\/website.ifit.li\/?p=6684\" target=\"_blank\" rel=\"noopener\">Auch der Mensch hat eine Natur, die er achten mu\u00df und die er nicht beliebig manipulieren kann<\/a><\/li>\n<\/ul>\n","protected":false},"excerpt":{"rendered":"<p>Kardinal Koch \u00fcber ethische Differenzen zwischen Katholiken und Lutheranern Die sogenannte \u201eOrientierungshilfe\u201c zur Familie der Evangelischen Kirche in Deutschland (EKD) st\u00f6\u00dft immer mehr auf Kritik, auch innerhalb der evangelischen Kirche selbst. So spricht der ehemalige evangelische Bischof Hartmut L\u00f6we von einer \u201efatalen Desorientierung\u201c und fordert die Leitung der EKD, den Rat, auf, den Text zu &hellip; <a href=\"https:\/\/website.ifit.li\/?p=2844\" class=\"more-link\"><span class=\"screen-reader-text\">Der weitgehend vorhandene oder vorhanden gewesene Konsens in bioethischen Fragen ist eigentlich nicht mehr da<\/span> weiterlesen <span class=\"meta-nav\">&rarr;<\/span><\/a><\/p>\n","protected":false},"author":1,"featured_media":0,"comment_status":"open","ping_status":"open","sticky":false,"template":"","format":"standard","meta":{"footnotes":""},"categories":[2],"tags":[107,377],"class_list":["post-2844","post","type-post","status-publish","format-standard","hentry","category-kirche","tag-kurt-kardinal-koch","tag-oekumenische-bewegung"],"_links":{"self":[{"href":"https:\/\/website.ifit.li\/index.php?rest_route=\/wp\/v2\/posts\/2844","targetHints":{"allow":["GET"]}}],"collection":[{"href":"https:\/\/website.ifit.li\/index.php?rest_route=\/wp\/v2\/posts"}],"about":[{"href":"https:\/\/website.ifit.li\/index.php?rest_route=\/wp\/v2\/types\/post"}],"author":[{"embeddable":true,"href":"https:\/\/website.ifit.li\/index.php?rest_route=\/wp\/v2\/users\/1"}],"replies":[{"embeddable":true,"href":"https:\/\/website.ifit.li\/index.php?rest_route=%2Fwp%2Fv2%2Fcomments&post=2844"}],"version-history":[{"count":2,"href":"https:\/\/website.ifit.li\/index.php?rest_route=\/wp\/v2\/posts\/2844\/revisions"}],"predecessor-version":[{"id":38412,"href":"https:\/\/website.ifit.li\/index.php?rest_route=\/wp\/v2\/posts\/2844\/revisions\/38412"}],"wp:attachment":[{"href":"https:\/\/website.ifit.li\/index.php?rest_route=%2Fwp%2Fv2%2Fmedia&parent=2844"}],"wp:term":[{"taxonomy":"category","embeddable":true,"href":"https:\/\/website.ifit.li\/index.php?rest_route=%2Fwp%2Fv2%2Fcategories&post=2844"},{"taxonomy":"post_tag","embeddable":true,"href":"https:\/\/website.ifit.li\/index.php?rest_route=%2Fwp%2Fv2%2Ftags&post=2844"}],"curies":[{"name":"wp","href":"https:\/\/api.w.org\/{rel}","templated":true}]}}