{"id":2834,"date":"2013-06-30T19:30:03","date_gmt":"2013-06-30T18:30:03","guid":{"rendered":"http:\/\/ifit.ch\/?p=2834"},"modified":"2021-10-18T16:19:17","modified_gmt":"2021-10-18T14:19:17","slug":"das-gewissen-ist-der-innere-raum-des-horens-auf-die-wahrheit-das-gute-des-horens-auf-gott","status":"publish","type":"post","link":"https:\/\/website.ifit.li\/?p=2834","title":{"rendered":"Das Gewissen ist der innere Raum des H\u00f6rens auf die Wahrheit, das Gute, des H\u00f6rens auf Gott"},"content":{"rendered":"<h1>Papst Franziskus erkl\u00e4rt beim Angelus was es heisst, den Willen Gottes zu tun<\/h1>\n<p>Vor \u00fcber 90.000 Pilgern und Besuchern auf dem Petersplatz hat Papst Franziskus unter Beifall daran erinnert, dass sein Vorg\u00e4nger Benedikt XVI. die Gl\u00e4ubigen \u201eein gro\u00dfes, wunderbares Beispiel\u201c gegeben habe, \u201eals der Herr ihn im Gebet verstehen lassen hat\u201c, welchen Schritt er machen m\u00fcsse. Benedikt sei mit gro\u00dfem Sinn f\u00fcr Unterscheidung und Mut seinem Gewissen gefolgt, so Papst Franziskus beim Mittagsgebet am Sonntag, 30. Juni. Der emeritierte Papst habe dem Willen Gottes gehorcht, der zu seinem Herzen sprach. \u201eUnd dieses Beispiel unseres Vaters tut uns allen so gut\u201c, so Franziskus w\u00f6rtlich. Vor dem Angelusgebet ging Papst Franziskus auf das Tagesevangelium ein. Es handelte sich um jene Stelle im Lukas-Evangelium, in der der Beschluss Jesu beschrieben wird, nach Jerusalem zu gehen [vgl. <a title=\"Lukas 9, 51-62\" href=\"http:\/\/www.bibleserver.com\/text\/EU\/Lukas9.51-62\" target=\"_blank\" rel=\"noopener noreferrer\">Lukas 9, 51-62<\/a>]. Jene Stadt wird sein letztes irdisches Ziel sein, wo er sterben und dann auferstehen wird, damit sich die Heilsgeschichte erf\u00fcllen wird. <!--more-->Der Papst erl\u00e4uterte dazu:<\/p>\n<blockquote><p>\u201eJesus sagt seinen J\u00fcngern, dass sie ihm auf den Weg nach Jerusalem vorangehen sollten, damit sie seine Ankunft verk\u00fcnden k\u00f6nnen. Gleichzeitig hei\u00dft Jesus seine J\u00fcnger, niemandem etwas aufzuerlegen: wenn es keine Bereitschaft gebe, ihn aufzunehmen, so sollten sie weitergehen. Jesus erlegt nie etwas auf, er ist dem\u00fctig und spricht eine Einladung aus.\u201c<\/p><\/blockquote>\n<p>Diese Stelle im Evangelium rufe dazu auf, auf das Gewissen zu h\u00f6ren, so der Papst weiter. Denn Jesus sei in seinem Dasein auf der Erde nicht \u201emanipuliert\u201c worden und habe seinen Entschluss in seinem Gewissen getroffen.<br \/>\n\u201eAllerdings tat er das nicht allein, vielmehr ist das zusammen mit dem Vater, in voller Einheit mit ihm geschehen. Und im Vater fand Jesus die Kraft, und das Licht f\u00fcr seinen Weg. Jesus war frei in dieser Entscheidung. Jesus will, dass die Christen frei sind. Er will kreative Christen, keine ferngesteuerten Christen. Diese Freiheit entsteht aus dem Dialog mit dem Vater im Gewissen.\u201c<br \/>\nDies gelte auch f\u00fcr die heutigen Gl\u00e4ubigen, fuhr Franziskus fort.<\/p>\n<blockquote><p>\u201eWir m\u00fcssen es lernen, auf unser Gewissen zu h\u00f6ren. Doch Vorsicht! Dies bedeutet nicht, dem eigenen Ich zu folgen, das zu tun, was mich interessiert, was mir nutzt, was mir gef\u00e4llt. Das Gewissen ist der innere Raum des H\u00f6rens auf die Wahrheit, das Gute, des H\u00f6rens auf Gott. Es ist der innere Ort meiner Beziehung zu ihm, der zu meinem Herzen spricht und mir hilft, zu unterscheiden, die Stra\u00dfe zu verstehen, die ich begehen muss, und wenn man einmal einen Entschluss gefasst hat, vorw\u00e4rtszugehen und treu zu bleiben.\u201c<\/p><\/blockquote>\n<p>In seinem Tweet des Tages hat Papst Franziskus folgendes geschrieben:<\/p>\n<blockquote><p>\u201eEin Christ kann nie gelangweilt oder traurig sein. Wer Christus liebt, ist voller Freude und verbreitet Freude.\u201c<\/p><\/blockquote>\n<h3>Weitere Hinweise und Quellen<\/h3>\n<ul>\n<li>Audio (MP3): Papst Franziskus erkl\u00e4rt beim Angelus den Willen Gottes zu tun<\/li>\n<\/ul>\n<audio class=\"wp-audio-shortcode\" id=\"audio-2834-1\" preload=\"none\" style=\"width: 100%;\" controls=\"controls\"><source type=\"audio\/mpeg\" src=\"https:\/\/website.ifit.li\/wp-content\/uploads\/2013\/06\/2013-06-30-Papst-Franziskus-erklaert-beim-Angelus-den-Willen-Gottes-zu-tun.mp3?_=1\" \/><a href=\"https:\/\/website.ifit.li\/wp-content\/uploads\/2013\/06\/2013-06-30-Papst-Franziskus-erklaert-beim-Angelus-den-Willen-Gottes-zu-tun.mp3\">https:\/\/website.ifit.li\/wp-content\/uploads\/2013\/06\/2013-06-30-Papst-Franziskus-erklaert-beim-Angelus-den-Willen-Gottes-zu-tun.mp3<\/a><\/audio>\n<ul>\n<li>Originaltext: <a title=\"Mario Galgano, Radio Vatikan, Artikel 706188\" href=\"http:\/\/de.radiovaticana.va\/news\/2013\/06\/30\/angelus:_nach_gewissen_handeln_hei\u00dft,_willen_gottes_tun\/ted-706188\" target=\"_blank\" rel=\"noopener noreferrer\">Mario Galgano, Radio Vatikan, Artikel 706188<\/a><\/li>\n<\/ul>\n","protected":false},"excerpt":{"rendered":"<p>Papst Franziskus erkl\u00e4rt beim Angelus was es heisst, den Willen Gottes zu tun Vor \u00fcber 90.000 Pilgern und Besuchern auf dem Petersplatz hat Papst Franziskus unter Beifall daran erinnert, dass sein Vorg\u00e4nger Benedikt XVI. die Gl\u00e4ubigen \u201eein gro\u00dfes, wunderbares Beispiel\u201c gegeben habe, \u201eals der Herr ihn im Gebet verstehen lassen hat\u201c, welchen Schritt er machen &hellip; <a href=\"https:\/\/website.ifit.li\/?p=2834\" class=\"more-link\"><span class=\"screen-reader-text\">Das Gewissen ist der innere Raum des H\u00f6rens auf die Wahrheit, das Gute, des H\u00f6rens auf Gott<\/span> weiterlesen <span class=\"meta-nav\">&rarr;<\/span><\/a><\/p>\n","protected":false},"author":1,"featured_media":0,"comment_status":"open","ping_status":"open","sticky":false,"template":"","format":"standard","meta":{"footnotes":""},"categories":[450,451,452],"tags":[372,217,241,278,232,230,172,187,280,281,279,399,173,103,388,88,58,147],"class_list":["post-2834","post","type-post","status-publish","format-standard","hentry","category-katholische-kirche","category-liturgie","category-papst","tag-angelus","tag-christentum","tag-demut","tag-freiheit","tag-freude","tag-gebet","tag-gewissen","tag-glauben","tag-gott-sohn-jesus-christus","tag-gott-vater","tag-gott-heiliger-geist","tag-heilsgeschichte","tag-herz","tag-jahr-des-glaubens","tag-mut","tag-papst-benedikt-xvi","tag-papst-franziskus","tag-unterscheidung-der-geister"],"_links":{"self":[{"href":"https:\/\/website.ifit.li\/index.php?rest_route=\/wp\/v2\/posts\/2834","targetHints":{"allow":["GET"]}}],"collection":[{"href":"https:\/\/website.ifit.li\/index.php?rest_route=\/wp\/v2\/posts"}],"about":[{"href":"https:\/\/website.ifit.li\/index.php?rest_route=\/wp\/v2\/types\/post"}],"author":[{"embeddable":true,"href":"https:\/\/website.ifit.li\/index.php?rest_route=\/wp\/v2\/users\/1"}],"replies":[{"embeddable":true,"href":"https:\/\/website.ifit.li\/index.php?rest_route=%2Fwp%2Fv2%2Fcomments&post=2834"}],"version-history":[{"count":2,"href":"https:\/\/website.ifit.li\/index.php?rest_route=\/wp\/v2\/posts\/2834\/revisions"}],"predecessor-version":[{"id":38409,"href":"https:\/\/website.ifit.li\/index.php?rest_route=\/wp\/v2\/posts\/2834\/revisions\/38409"}],"wp:attachment":[{"href":"https:\/\/website.ifit.li\/index.php?rest_route=%2Fwp%2Fv2%2Fmedia&parent=2834"}],"wp:term":[{"taxonomy":"category","embeddable":true,"href":"https:\/\/website.ifit.li\/index.php?rest_route=%2Fwp%2Fv2%2Fcategories&post=2834"},{"taxonomy":"post_tag","embeddable":true,"href":"https:\/\/website.ifit.li\/index.php?rest_route=%2Fwp%2Fv2%2Ftags&post=2834"}],"curies":[{"name":"wp","href":"https:\/\/api.w.org\/{rel}","templated":true}]}}