{"id":2690,"date":"2013-06-09T23:13:47","date_gmt":"2013-06-09T22:13:47","guid":{"rendered":"http:\/\/ifit.ch\/?p=2690"},"modified":"2023-12-02T16:05:04","modified_gmt":"2023-12-02T15:05:04","slug":"wenn-wir-gott-unsere-inneren-wunden-unsere-sunden-zeigen-dann-vergibt-er-uns-immer-er-ist-reine-barmherzigkeit","status":"publish","type":"post","link":"https:\/\/website.ifit.li\/?p=2690","title":{"rendered":"Wenn wir Gott unsere inneren Wunden, unsere S\u00fcnden zeigen, dann vergibt er uns immer. Er ist reine Barmherzigkeit!"},"content":{"rendered":"<h1>Papst Franziskus betont beim Angelus nochmals die Barmherzigkeit Gottes<\/h1>\n<p>Von Anfang an lautete eines der\u00a0Leitmotive im Pontifikat von Papst Franziskus: &#171;Gott ist reine Barmherzigkeit\u201c.\u00a0Auch am Sonntag, 9. Juni,\u00a0kam er, beim Angelusgebet, darauf zur\u00fcck. Dabei ging er vom Herz-Jesu-Fest aus, das die Kirche am Freitag, 7. Juni\u00a0gefeiert hat.\u00a0\u201eDie Volksfr\u00f6mmigkeit sch\u00e4tzt die Symbole sehr hoch, und das Herz Jesu ist das Symbol schlechthin f\u00fcr die Barmherzigkeit Gottes; aber es ist kein imagin\u00e4res, sondern ein wirkliches Symbol. Es repr\u00e4sentiert das Zentrum, die Quelle, aus der das Heil f\u00fcr die ganze Menschheit hervorgesprudelt ist.\u201c\u00a0Papst Franziskus bezog sich auch auf das Evangelium von diesem Sonntag [<a title=\"Lukas 7,11-17\" href=\"http:\/\/www.bibleserver.com\/text\/EU\/Lukas7.11-17\" target=\"_blank\" rel=\"noopener noreferrer\">Lukas 7,11-17<\/a>]. Darin schildert Lukas, wie Jesus aus Mitleid den einzigen Sohn einer Witwe in Nain wieder zum Leben erweckt.\u00a0\u201eDie Barmherzigkeit Gottes ist nicht nur Gef\u00fchl, nein \u2013 sie ist eine Kraft, die Leben gibt, die den Menschen wiederaufrichtet! <!--more-->Das sagt uns auch das Evangelium von diesem Sonntag. Das Mitgef\u00fchl, das Jesus f\u00fcr die Witwe von Nain empfindet, ist die Liebe Gottes zum Menschen, die Barmherzigkeit: die Haltung also, die Gott gegen\u00fcber dem Elend, dem Leiden und der Angst des Menschen gegen\u00fcber einnimmt. Der biblische Ausdruck \u201eMitgef\u00fchl\u201c erinnert an das, was eine Mutter f\u00fchlt, wenn ihre Kinder Schmerzen haben. So liebt uns Gott, wie die Schrift bezeugt.\u201c\u00a0Und der Papst fuhrt fort:<\/p>\n<blockquote><p>\u201eDas Erbarmen Gottes gibt dem Menschen Leben, es erweckt ihn vom Tod. Der Herr sieht immer voller Barmherzigkeit auf uns und erwartet uns. Haben wir keine Angst, uns ihm zu n\u00e4hern! Er hat ein barmherziges Herz! Wenn wir ihm unsere inneren Wunden, unsere S\u00fcnden zeigen, dann vergibt er uns immer. Er ist reine Barmherzigkeit!\u201c<\/p><\/blockquote>\n<h3>Weitere Hinweise und Quellen<\/h3>\n<ul>\n<li>Audio (MP3): Papst Franziskus betont beim Angelus die Barmherzigkeit Gottes<audio class=\"wp-audio-shortcode\" id=\"audio-2690-1\" preload=\"none\" style=\"width: 100%;\" controls=\"controls\"><source type=\"audio\/mpeg\" src=\"https:\/\/website.ifit.li\/wp-content\/uploads\/2013\/06\/2013-06-09-Papst-Franziskus-betont-beim-Angelus-die-Barmherzigkeit-Gottes.mp3?_=1\" \/><a href=\"https:\/\/website.ifit.li\/wp-content\/uploads\/2013\/06\/2013-06-09-Papst-Franziskus-betont-beim-Angelus-die-Barmherzigkeit-Gottes.mp3\">https:\/\/website.ifit.li\/wp-content\/uploads\/2013\/06\/2013-06-09-Papst-Franziskus-betont-beim-Angelus-die-Barmherzigkeit-Gottes.mp3<\/a><\/audio><\/li>\n<li>Originaltext: <a title=\"Stefan von Kempis, Radio Vatikan, Artikel 699842\" href=\"http:\/\/de.radiovaticana.va\/news\/2013\/06\/09\/\u201egott_ist_reine_barmherzigkeit\u201c\/ted-699842\" target=\"_blank\" rel=\"noopener noreferrer\">Stefan von Kempis, Radio Vatikan, Artikel\u00a0699842<\/a><\/li>\n<li><a href=\"https:\/\/www.heiligefaustina.de\/das-tagebuch\/\" target=\"_blank\" rel=\"noreferrer noopener\">Tagebuch der hl. Schwester Faustina<\/a><\/li>\n<\/ul>\n","protected":false},"excerpt":{"rendered":"<p>Papst Franziskus betont beim Angelus nochmals die Barmherzigkeit Gottes Von Anfang an lautete eines der\u00a0Leitmotive im Pontifikat von Papst Franziskus: &#171;Gott ist reine Barmherzigkeit\u201c.\u00a0Auch am Sonntag, 9. Juni,\u00a0kam er, beim Angelusgebet, darauf zur\u00fcck. Dabei ging er vom Herz-Jesu-Fest aus, das die Kirche am Freitag, 7. Juni\u00a0gefeiert hat.\u00a0\u201eDie Volksfr\u00f6mmigkeit sch\u00e4tzt die Symbole sehr hoch, und das &hellip; <a href=\"https:\/\/website.ifit.li\/?p=2690\" class=\"more-link\"><span class=\"screen-reader-text\">Wenn wir Gott unsere inneren Wunden, unsere S\u00fcnden zeigen, dann vergibt er uns immer. Er ist reine Barmherzigkeit!<\/span> weiterlesen <span class=\"meta-nav\">&rarr;<\/span><\/a><\/p>\n","protected":false},"author":1,"featured_media":0,"comment_status":"open","ping_status":"open","sticky":false,"template":"","format":"standard","meta":{"footnotes":""},"categories":[450,285,451,452],"tags":[372,246,129,406,398,264,173,103,104,208,31,58,167,189,386],"class_list":["post-2690","post","type-post","status-publish","format-standard","hentry","category-katholische-kirche","category-lehramt","category-liturgie","category-papst","tag-angelus","tag-auferstehung-jesu","tag-barmherzigkeit","tag-busse","tag-busssakrament","tag-evangelium","tag-herz","tag-jahr-des-glaubens","tag-katechese","tag-leben","tag-liebe","tag-papst-franziskus","tag-suende","tag-tod","tag-volk-gottes"],"_links":{"self":[{"href":"https:\/\/website.ifit.li\/index.php?rest_route=\/wp\/v2\/posts\/2690","targetHints":{"allow":["GET"]}}],"collection":[{"href":"https:\/\/website.ifit.li\/index.php?rest_route=\/wp\/v2\/posts"}],"about":[{"href":"https:\/\/website.ifit.li\/index.php?rest_route=\/wp\/v2\/types\/post"}],"author":[{"embeddable":true,"href":"https:\/\/website.ifit.li\/index.php?rest_route=\/wp\/v2\/users\/1"}],"replies":[{"embeddable":true,"href":"https:\/\/website.ifit.li\/index.php?rest_route=%2Fwp%2Fv2%2Fcomments&post=2690"}],"version-history":[{"count":5,"href":"https:\/\/website.ifit.li\/index.php?rest_route=\/wp\/v2\/posts\/2690\/revisions"}],"predecessor-version":[{"id":39293,"href":"https:\/\/website.ifit.li\/index.php?rest_route=\/wp\/v2\/posts\/2690\/revisions\/39293"}],"wp:attachment":[{"href":"https:\/\/website.ifit.li\/index.php?rest_route=%2Fwp%2Fv2%2Fmedia&parent=2690"}],"wp:term":[{"taxonomy":"category","embeddable":true,"href":"https:\/\/website.ifit.li\/index.php?rest_route=%2Fwp%2Fv2%2Fcategories&post=2690"},{"taxonomy":"post_tag","embeddable":true,"href":"https:\/\/website.ifit.li\/index.php?rest_route=%2Fwp%2Fv2%2Ftags&post=2690"}],"curies":[{"name":"wp","href":"https:\/\/api.w.org\/{rel}","templated":true}]}}