{"id":2655,"date":"2013-06-03T22:40:31","date_gmt":"2013-06-03T21:40:31","guid":{"rendered":"http:\/\/ifit.ch\/?p=2655"},"modified":"2021-10-11T16:13:23","modified_gmt":"2021-10-11T14:13:23","slug":"weltweit-eucharistische-anbetung-gegen-sklaverei-kriege-drogen-und-gewalt","status":"publish","type":"post","link":"https:\/\/website.ifit.li\/?p=2655","title":{"rendered":"Weltweit Eucharistische Anbetung &#8211; gegen Sklaverei, Kriege, Drogen und Gewalt"},"content":{"rendered":"<h1>Papst Franziskus leitete die weltweit gehaltene eucharistische Anbetung<\/h1>\n<p>Am Sonntag, 3. Juni\u00a0war die Weltkirche bei der ersten, zeitgleichen eucharistischen Anbetung f\u00fcr eine Stunde lang im Gebet vereint: Rund um den Erdball schlossen sich Katholiken um 17 Uhr mitteleurop\u00e4ischer Sommerzeit in Kathedralen, Kirchen und Kl\u00f6stern zum Gebet zusammen. F\u00fcr die Gl\u00e4ubigen der s\u00fcdkoreanischen Hauptstadt Seoul bedeutete das &#8211; aufgrund der Zeitverschiebung \u2013 mitten in der Nacht aufzustehen. Papst Franziskus leitete die eucharistische Anbetung im Petersdom, an der katholische Kirchen aus mehr als 70 L\u00e4ndern teilnahmen. Auch in Deutschland, \u00d6sterreich und in der Schweiz waren zahlreiche Bist\u00fcmer dabei. Wie viele Menschen sich insgesamt an dem Gebet beteiligten, dar\u00fcber liegen dem Vatikan bisher keine Angaben vor.\u00a0Die Aktion unter dem Motto \u201eEin einziger Herr, ein einziger Glaube\u201c war einer der H\u00f6hepunkte im von Benedikt XVI. ausgerufenen \u201eJahres des Glaubens\u201c, das in diesem Jahr begangen wird und an das Zweite Vatikanische Konzil vor genau 50 Jahren erinnert. <!--more-->Die Eucharistische Anbetung hatte der P\u00e4pstliche Rat f\u00fcr die Neuevangelisierung unter Leitung von Erzbischof Rino Fisichella organisiert. Fisichella bezeichnete die Gebetsstunde als ein \u201ehistorisches Zeugnis f\u00fcr die weltweite katholische Einheit\u201c.\u00a0Franziskus rief besonders zum Gebet f\u00fcr diejenigen Menschen auf, die \u201eunter den neuen Formen von Sklaverei leiden, f\u00fcr die Opfer von Kriegen, von Menschen- und Drogenhandel, f\u00fcr die Kinder und Frauen, die unterschiedlichen Formen von Gewalt ausgesetzt sind\u201c. Zu Beginn des Gottesdienstes im Petersdom wurde eine Monstranz mit der geweihten Hostie aus der Sakramentskapelle zum Papstaltar getragen. Es folgten Schriftlesungen und von Harfenmusik begleitete Gebete sowie F\u00fcrbitten und stille Momente.<\/p>\n<h3>Weitere Hinweise und Quellen<\/h3>\n<ul>\n<li><a href=\"http:\/\/www.archivioradiovaticana.va\/storico\/2013\/06\/03\/eucharistische_anbetung_mit_franziskus_aufruf_gegen_neue_formen_de\/ted-698015\" target=\"_blank\" rel=\"noopener\"><span id=\"content\">Eucharistische Anbetung mit Franziskus: Aufruf gegen neue Formen der Sklaverei<\/span><\/a> (3. Juni 2013)<\/li>\n<li>Originaltext: <a title=\"Radio Vatikan, Artikel 698015\" href=\"http:\/\/de.radiovaticana.va\/news\/2013\/06\/03\/eucharistische_anbetung_mit_franziskus:_aufruf_gegen_neue_formen_de\/ted-698015\" target=\"_blank\" rel=\"noopener noreferrer\">Radio Vatikan, Artikel 698015<\/a><\/li>\n<\/ul>\n","protected":false},"excerpt":{"rendered":"<p>Papst Franziskus leitete die weltweit gehaltene eucharistische Anbetung Am Sonntag, 3. Juni\u00a0war die Weltkirche bei der ersten, zeitgleichen eucharistischen Anbetung f\u00fcr eine Stunde lang im Gebet vereint: Rund um den Erdball schlossen sich Katholiken um 17 Uhr mitteleurop\u00e4ischer Sommerzeit in Kathedralen, Kirchen und Kl\u00f6stern zum Gebet zusammen. F\u00fcr die Gl\u00e4ubigen der s\u00fcdkoreanischen Hauptstadt Seoul bedeutete &hellip; <a href=\"https:\/\/website.ifit.li\/?p=2655\" class=\"more-link\"><span class=\"screen-reader-text\">Weltweit Eucharistische Anbetung &#8211; gegen Sklaverei, Kriege, Drogen und Gewalt<\/span> weiterlesen <span class=\"meta-nav\">&rarr;<\/span><\/a><\/p>\n","protected":false},"author":1,"featured_media":0,"comment_status":"open","ping_status":"open","sticky":false,"template":"","format":"standard","meta":{"footnotes":""},"categories":[450,451,452],"tags":[184,148,207,230,187,280,201,103,283,31,262,88,58,128,245,363],"class_list":["post-2655","post","type-post","status-publish","format-standard","hentry","category-katholische-kirche","category-liturgie","category-papst","tag-bischofsweihe","tag-boese","tag-eucharistie","tag-gebet","tag-glauben","tag-gott-sohn-jesus-christus","tag-hoffnung","tag-jahr-des-glaubens","tag-kirche","tag-liebe","tag-neuevangelisierung","tag-papst-benedikt-xvi","tag-papst-franziskus","tag-sakrament","tag-zeit","tag-zweites-vatikanisches-konzil"],"_links":{"self":[{"href":"https:\/\/website.ifit.li\/index.php?rest_route=\/wp\/v2\/posts\/2655","targetHints":{"allow":["GET"]}}],"collection":[{"href":"https:\/\/website.ifit.li\/index.php?rest_route=\/wp\/v2\/posts"}],"about":[{"href":"https:\/\/website.ifit.li\/index.php?rest_route=\/wp\/v2\/types\/post"}],"author":[{"embeddable":true,"href":"https:\/\/website.ifit.li\/index.php?rest_route=\/wp\/v2\/users\/1"}],"replies":[{"embeddable":true,"href":"https:\/\/website.ifit.li\/index.php?rest_route=%2Fwp%2Fv2%2Fcomments&post=2655"}],"version-history":[{"count":3,"href":"https:\/\/website.ifit.li\/index.php?rest_route=\/wp\/v2\/posts\/2655\/revisions"}],"predecessor-version":[{"id":38371,"href":"https:\/\/website.ifit.li\/index.php?rest_route=\/wp\/v2\/posts\/2655\/revisions\/38371"}],"wp:attachment":[{"href":"https:\/\/website.ifit.li\/index.php?rest_route=%2Fwp%2Fv2%2Fmedia&parent=2655"}],"wp:term":[{"taxonomy":"category","embeddable":true,"href":"https:\/\/website.ifit.li\/index.php?rest_route=%2Fwp%2Fv2%2Fcategories&post=2655"},{"taxonomy":"post_tag","embeddable":true,"href":"https:\/\/website.ifit.li\/index.php?rest_route=%2Fwp%2Fv2%2Ftags&post=2655"}],"curies":[{"name":"wp","href":"https:\/\/api.w.org\/{rel}","templated":true}]}}