{"id":2564,"date":"2013-05-16T13:39:24","date_gmt":"2013-05-16T12:39:24","guid":{"rendered":"http:\/\/ifit.ch\/?p=2564"},"modified":"2021-07-10T16:53:51","modified_gmt":"2021-07-10T14:53:51","slug":"selbstlose-solidaritat-und-ruckkehr-zur-ethik-in-der-finanz-und-wirtschaftswelt-zum-wohl-des-menschen","status":"publish","type":"post","link":"https:\/\/website.ifit.li\/?p=2564","title":{"rendered":"Selbstlose Solidarit\u00e4t und R\u00fcckkehr zur Ethik in der Finanz- und Wirtschaftswelt \u2013 zum Wohl des Menschen"},"content":{"rendered":"<h1>Franziskus ruft in Santa Marta zur Reform des globalen Finanzmarktes auf<\/h1>\n<figure id=\"attachment_38320\" aria-describedby=\"caption-attachment-38320\" style=\"width: 250px\" class=\"wp-caption alignleft\"><a href=\"https:\/\/ml2mintiuscj.i.optimole.com\/w:auto\/h:auto\/q:mauto\/f:best\/https:\/\/website.ifit.li\/wp-content\/uploads\/2013\/05\/Papst-Franziskus-ruft-in-Santa-Marta-zur-Reform-des-globalen-Finanzmarktes-auf-16.-Mai-2013.jpg\"><img data-opt-id=6713878  fetchpriority=\"high\" decoding=\"async\" class=\"size-full wp-image-38320\" src=\"https:\/\/ml2mintiuscj.i.optimole.com\/w:auto\/h:auto\/q:mauto\/f:best\/https:\/\/website.ifit.li\/wp-content\/uploads\/2013\/05\/Papst-Franziskus-ruft-in-Santa-Marta-zur-Reform-des-globalen-Finanzmarktes-auf-16.-Mai-2013.jpg\" alt=\"\" width=\"250\" height=\"167\" \/><\/a><figcaption id=\"caption-attachment-38320\" class=\"wp-caption-text\">Papst Franziskus ruft in Santa Marta zur Reform des globalen Finanzmarktes auf<\/figcaption><\/figure>\n<p>Papst Franziskus hat am Donnerstag, 16. Mai\u00a0zu einer Reform des globalen Finanzmarktes im Sinne des Gemeinwohls aufgerufen. Erstrebenswert sei eine \u201eethische\u201c Reform des Systems, sagte der Papst beim Antrittsbesuch der nicht beim Heiligen Stuhl residierenden Botschafter von Luxemburg, Botswana, Kirgisistan und des Inselstaates Antigua und Barbuda im Vatikan. Diese Reform k\u00f6nnte dann zu einer \u201ewirtschaftlichen Reform\u201c f\u00fchren, die dem Gemeinwohl zugutekomme, so Franziskus. Die Verantwortlichen in Politik und Finanzwirtschaft rief er zu \u201emutigen&#187; Schritten auf:\u00a0\u201eIch fordere sie dazu auf, diese Herausforderung anzugehen, mit Entschiedenheit und Weitblick, und dabei nat\u00fcrlich die Besonderheit der Umst\u00e4nde zu beachten. Geld soll dienen und darf nicht regieren! <!--more-->Der Papst liebt alle, ob reich oder arm; aber der Papst hat im Namen Christi die Pflicht, den Reichen daran zu erinnern, dass er dem Armen helfen muss, dass er ihn respektieren und f\u00f6rdern muss. Der Papst ruft zu selbstloser Solidarit\u00e4t auf und zur R\u00fcckkehr der Ethik in der Finanz- und Wirtschaftswelt \u2013 zum Wohl des Menschen.\u201c Finanzspekulationen und eine \u201eabsolute Autonomie der M\u00e4rkte\u201c entz\u00f6gen den Staaten ihr Recht auf Kontrolle des Geldverkehrs im Sinne des Gemeinwohls, f\u00fchrte Franziskus weiter aus. Im ungez\u00fcgelten globalen Finanzmarkt scheine eine Ideologie auf, in der der Mensch selbst zum Konsumgut degradiert werde. Die Finanz- und Wirtschaftskrise sieht Franziskus als Symptom einer tiefer greifenden \u201eanthropologischen Krise\u201c. Die Menschheit befinde sich an einem \u201eWendepunkt\u201c in ihrer Geschichte \u2013 trotz zahlreicher Fortschritte, etwa im Bereich der Gesundheitsvorsorge und der Kommunikation, gebe es in vielen Lebensbereichen R\u00fcckschritte. Der Papst nannte hier die Zunahme psychologischer und seelischer Probleme, steigende Gewaltraten, Armut und prek\u00e4re Lebensverh\u00e4ltnisse auch in eigentlich reichen L\u00e4ndern der Welt.<\/p>\n<blockquote><p>\u201e<span style=\"color: #ff0000;\"><strong>Eine der Ursachen dieser Situation liegt meines Erachtens im Verh\u00e4ltnis, das wir zum Geld haben, in der Akzeptanz seiner Herrschaft \u00fcber uns und \u00fcber unsere Gesellschaften.<\/strong><\/span>\u201c<\/p><\/blockquote>\n<p>Franziskus, der j\u00fcngst das Ideal einer \u201earmen Kirche f\u00fcr die Armen\u201c betonte, warnte hier eindringlich vor einer schleichenden Entsolidarisierung in der Gesellschaft:\u00a0\u201eIn einem solchen Kontext wird die Solidarit\u00e4t, die der Schatz der Armen ist, oft als kontraproduktiv gesehen, als Gegenteil der finanziellen und wirtschaftlichen Rationalit\u00e4t. Und w\u00e4hrend der Verdienst einer Minderheit exponentiell w\u00e4chst, wird der der Minderheit schw\u00e4cher.\u201c<br \/>\nEbenso werde ethisch orientiertes Handeln abgelehnt, klagte Franziskus:<\/p>\n<blockquote><p>\u201eEthik st\u00f6rt! Sie wird als kontraproduktiv angesehen, als zu menschlich, weil sie Geld und Macht relativiert; wie eine Drohung, weil sie die Manipulation und die Unterwerfung der Person ablehnt. Denn die Ethik f\u00fchrt zu Gott, der sich au\u00dferhalb von Marktkategorien zeigt. Gott wird von diesen Finanz- und Wirtschaftsleuten und Politikern als nicht lenkbar, ja sogar gef\u00e4hrlich wahrgenommen, weil er den Menschen zu seiner vollen Verwirklichung ruft und zur Unabh\u00e4ngigkeit von jeder Form der Sklaverei.\u201c<\/p><\/blockquote>\n<p>Der Kirche gehe es immer um ganzheitlichen Fortschritt jeder Person, betonte der Papst weiter. Franziskus zeigte sich hoffnungsvoll, dass sich irgendwann die \u201eabsolute Dichotomie zwischen der wirtschaftlichen und sozialen Sph\u00e4re in einem gesunden Zusammenleben\u201c beider aufl\u00f6sen lasse.<\/p>\n<h3>Weitere Hinweise und Quellen<\/h3>\n<ul>\n<li>Audio (MP3): Papst Franziskus ruft in Santa Marta zur Reform des globalen Finanzmarktes auf (16. Mai 2013)<audio class=\"wp-audio-shortcode\" id=\"audio-2564-1\" preload=\"none\" style=\"width: 100%;\" controls=\"controls\"><source type=\"audio\/mpeg\" src=\"https:\/\/website.ifit.li\/wp-content\/uploads\/2013\/05\/2013-05-16-Papst-Franziskus-ruft-in-Santa-Marta-zur-Reform-des-globalen-Finanzmarktes-auf.mp3?_=1\" \/><a href=\"https:\/\/website.ifit.li\/wp-content\/uploads\/2013\/05\/2013-05-16-Papst-Franziskus-ruft-in-Santa-Marta-zur-Reform-des-globalen-Finanzmarktes-auf.mp3\">https:\/\/website.ifit.li\/wp-content\/uploads\/2013\/05\/2013-05-16-Papst-Franziskus-ruft-in-Santa-Marta-zur-Reform-des-globalen-Finanzmarktes-auf.mp3<\/a><\/audio><\/li>\n<li>Originaltext: <a title=\"Anne Preckel, Mario Galgano, Radio Vatikan, Artikel 692663\" href=\"http:\/\/de.radiovaticana.va\/news\/2013\/05\/16\/papst:_\u201egeld_darf_nicht_die_welt_regieren!\u201c\/ted-692663\" target=\"_blank\" rel=\"noopener noreferrer\">Anne Preckel, Mario Galgano, Radio Vatikan, Artikel 692663<\/a><\/li>\n<\/ul>\n","protected":false},"excerpt":{"rendered":"<p>Franziskus ruft in Santa Marta zur Reform des globalen Finanzmarktes auf Papst Franziskus hat am Donnerstag, 16. Mai\u00a0zu einer Reform des globalen Finanzmarktes im Sinne des Gemeinwohls aufgerufen. Erstrebenswert sei eine \u201eethische\u201c Reform des Systems, sagte der Papst beim Antrittsbesuch der nicht beim Heiligen Stuhl residierenden Botschafter von Luxemburg, Botswana, Kirgisistan und des Inselstaates Antigua &hellip; <a href=\"https:\/\/website.ifit.li\/?p=2564\" class=\"more-link\"><span class=\"screen-reader-text\">Selbstlose Solidarit\u00e4t und R\u00fcckkehr zur Ethik in der Finanz- und Wirtschaftswelt \u2013 zum Wohl des Menschen<\/span> weiterlesen <span class=\"meta-nav\">&rarr;<\/span><\/a><\/p>\n","protected":false},"author":1,"featured_media":0,"comment_status":"open","ping_status":"open","sticky":false,"template":"","format":"standard","meta":{"footnotes":""},"categories":[450,285,452],"tags":[455,465,471,226,283,58,233,256],"class_list":["post-2564","post","type-post","status-publish","format-standard","hentry","category-katholische-kirche","category-lehramt","category-papst","tag-anthropologie","tag-diplomat","tag-ethik","tag-ideologie","tag-kirche","tag-papst-franziskus","tag-person","tag-solidaritaetsprinzip"],"_links":{"self":[{"href":"https:\/\/website.ifit.li\/index.php?rest_route=\/wp\/v2\/posts\/2564","targetHints":{"allow":["GET"]}}],"collection":[{"href":"https:\/\/website.ifit.li\/index.php?rest_route=\/wp\/v2\/posts"}],"about":[{"href":"https:\/\/website.ifit.li\/index.php?rest_route=\/wp\/v2\/types\/post"}],"author":[{"embeddable":true,"href":"https:\/\/website.ifit.li\/index.php?rest_route=\/wp\/v2\/users\/1"}],"replies":[{"embeddable":true,"href":"https:\/\/website.ifit.li\/index.php?rest_route=%2Fwp%2Fv2%2Fcomments&post=2564"}],"version-history":[{"count":2,"href":"https:\/\/website.ifit.li\/index.php?rest_route=\/wp\/v2\/posts\/2564\/revisions"}],"predecessor-version":[{"id":38321,"href":"https:\/\/website.ifit.li\/index.php?rest_route=\/wp\/v2\/posts\/2564\/revisions\/38321"}],"wp:attachment":[{"href":"https:\/\/website.ifit.li\/index.php?rest_route=%2Fwp%2Fv2%2Fmedia&parent=2564"}],"wp:term":[{"taxonomy":"category","embeddable":true,"href":"https:\/\/website.ifit.li\/index.php?rest_route=%2Fwp%2Fv2%2Fcategories&post=2564"},{"taxonomy":"post_tag","embeddable":true,"href":"https:\/\/website.ifit.li\/index.php?rest_route=%2Fwp%2Fv2%2Ftags&post=2564"}],"curies":[{"name":"wp","href":"https:\/\/api.w.org\/{rel}","templated":true}]}}