{"id":2520,"date":"2013-05-14T12:27:33","date_gmt":"2013-05-14T10:27:33","guid":{"rendered":"http:\/\/ifit.ch\/?p=2520"},"modified":"2021-07-10T16:41:32","modified_gmt":"2021-07-10T14:41:32","slug":"egoismus-fuhrt-zum-verschliesen-in-sich-selbst-wir-sollten-ihn-abstreifen-und-unsere-herzen-fur-die-liebe-weiten","status":"publish","type":"post","link":"https:\/\/website.ifit.li\/?p=2520","title":{"rendered":"Egoismus f\u00fchrt zum Verschlie\u00dfen in sich selbst: Wir sollten ihn abstreifen und unsere Herzen f\u00fcr die Liebe weiten"},"content":{"rendered":"<h1>Papst Franziskus sagt in Santa Marta Nein zur\u00a0Armut als Ideologie<\/h1>\n<p><a href=\"https:\/\/ml2mintiuscj.i.optimole.com\/w:auto\/h:auto\/q:mauto\/f:best\/https:\/\/website.ifit.li\/wp-content\/uploads\/2016\/10\/Generalaudienz-von-Papst-Franziskus-am-19.-Oktober-2016.jpeg\"><img data-opt-id=967467186  fetchpriority=\"high\" decoding=\"async\" class=\"alignleft  wp-image-7622\" src=\"https:\/\/ml2mintiuscj.i.optimole.com\/w:auto\/h:auto\/q:mauto\/f:best\/https:\/\/website.ifit.li\/wp-content\/uploads\/2016\/10\/Generalaudienz-von-Papst-Franziskus-am-19.-Oktober-2016.jpeg\" alt=\"Bild: L'Osservatore Romano\" width=\"315\" height=\"210\" srcset=\"https:\/\/ml2mintiuscj.i.optimole.com\/w:800\/h:533\/q:mauto\/f:best\/https:\/\/website.ifit.li\/wp-content\/uploads\/2016\/10\/Generalaudienz-von-Papst-Franziskus-am-19.-Oktober-2016.jpeg 800w, https:\/\/ml2mintiuscj.i.optimole.com\/w:300\/h:200\/q:mauto\/f:best\/https:\/\/website.ifit.li\/wp-content\/uploads\/2016\/10\/Generalaudienz-von-Papst-Franziskus-am-19.-Oktober-2016.jpeg 300w, https:\/\/ml2mintiuscj.i.optimole.com\/w:768\/h:512\/q:mauto\/f:best\/https:\/\/website.ifit.li\/wp-content\/uploads\/2016\/10\/Generalaudienz-von-Papst-Franziskus-am-19.-Oktober-2016.jpeg 768w\" sizes=\"(max-width: 315px) 100vw, 315px\" \/><\/a>Egoismus f\u00fchrt zum Verschlie\u00dfen in sich selbst: Wir sollten ihn abstreifen und \u201eunsere Herzen weiten\u201c, damit in ihnen Platz ist f\u00fcr die Liebe. Das sagte Papst Franziskus am Dienstag, 14. Mai\u00a0bei der hl. Fr\u00fchmesse im Vatikan. Wer Jesus folge, der sehe im Leben ein Geschenk, das er anderen weitergeben k\u00f6nne, \u201enicht einen Schatz zum Selberbehalten\u201c. Bei Judas sei der Egoismus bis zum Verrat an Jesus gegangen, so Franziskus. \u201eDenken wir an diesen Moment, als Maria Magdalena Jesus die F\u00fc\u00dfe mit einer teuren Salbe w\u00e4scht: Das ist ein religi\u00f6ser Moment, ein Moment der Dankbarkeit und Liebe. Aber Judas l\u00f6st sich davon und \u00fcbt bittere Kritik: Aber das k\u00f6nnte man doch den Armen geben!, sagt er. <!--more-->Das ist das erste Mal, dass ich im Evangelium die Armut als Ideologie gefunden habe. Der Ideologe weiss nicht, was Liebe ist! Denn er weiss nicht, wie man sich gibt.\u201c\u00a0Wer das Leben aus Liebe hingebe, der sei \u201enie allein\u201c. Judas hingegen habe sich durch seinen Egoismus isoliert, er sei ein \u201eIdeologe\u201c gewesen. \u201eDiese Ideologie hat ihn von der Gemeinschaft der anderen abgeschlossen \u2013 das ist das Drama des isolierten Gewissens. Wenn ein Christ anf\u00e4ngt, sich zu isolieren, dann schlie\u00dft er auch sein Gewissen vom Gemeinschaftssinn aus, vom Sinn der Kirche, von dieser Liebe, die Jesus uns gibt. Wer wie Judas sein Leben f\u00fcr sich selbst behalten will, der verliert es schlie\u00dflich. Johannes schreibt, dass in diesem Moment der Satan ins Herz des Judas eingetreten sei. Dazu m\u00fcssen wir sagen: Satan ist ein s\u00e4umiger Zahler. Er betr\u00fcgt uns \u2013 immer!\u201c<\/p>\n<h3>Weitere Hinweise und Quellen<\/h3>\n<ul>\n<li>Audio (MP3): Papst Franziskus sagt in Santa Marta Nein zur Armut als Ideologie (14. Mai 2013)<audio class=\"wp-audio-shortcode\" id=\"audio-2520-1\" preload=\"none\" style=\"width: 100%;\" controls=\"controls\"><source type=\"audio\/mpeg\" src=\"https:\/\/website.ifit.li\/wp-content\/uploads\/2013\/05\/2013-05-14-Papst-Franziskus-sagt-in-Santa-Marta-Nein-zur-Armut-als-Ideologie.mp3?_=1\" \/><a href=\"https:\/\/website.ifit.li\/wp-content\/uploads\/2013\/05\/2013-05-14-Papst-Franziskus-sagt-in-Santa-Marta-Nein-zur-Armut-als-Ideologie.mp3\">https:\/\/website.ifit.li\/wp-content\/uploads\/2013\/05\/2013-05-14-Papst-Franziskus-sagt-in-Santa-Marta-Nein-zur-Armut-als-Ideologie.mp3<\/a><\/audio><\/li>\n<li>Originaltext (Link vergriffen): Stefan von Kempis, Radio Vatikan, Artikel 691847<\/li>\n<li>Radio Vatikan Archiv: <a href=\"https:\/\/www.archivioradiovaticana.va\/storico\/2013\/05\/14\/papst_sagt_nein_zur_%E2%80%9Earmut_als_ideologie%E2%80%9C\/ted-691847\" target=\"_blank\" rel=\"noopener\">Papst sagt Nein zur \u201eArmut als Ideologie\u201c<\/a><\/li>\n<\/ul>\n","protected":false},"excerpt":{"rendered":"<p>Papst Franziskus sagt in Santa Marta Nein zur\u00a0Armut als Ideologie Egoismus f\u00fchrt zum Verschlie\u00dfen in sich selbst: Wir sollten ihn abstreifen und \u201eunsere Herzen weiten\u201c, damit in ihnen Platz ist f\u00fcr die Liebe. Das sagte Papst Franziskus am Dienstag, 14. Mai\u00a0bei der hl. Fr\u00fchmesse im Vatikan. Wer Jesus folge, der sehe im Leben ein Geschenk, &hellip; <a href=\"https:\/\/website.ifit.li\/?p=2520\" class=\"more-link\"><span class=\"screen-reader-text\">Egoismus f\u00fchrt zum Verschlie\u00dfen in sich selbst: Wir sollten ihn abstreifen und unsere Herzen f\u00fcr die Liebe weiten<\/span> weiterlesen <span class=\"meta-nav\">&rarr;<\/span><\/a><\/p>\n","protected":false},"author":1,"featured_media":0,"comment_status":"open","ping_status":"open","sticky":false,"template":"","format":"standard","meta":{"footnotes":""},"categories":[450,451,452],"tags":[236,217,204,476,200,280,226,8,208,31,58],"class_list":["post-2520","post","type-post","status-publish","format-standard","hentry","category-katholische-kirche","category-liturgie","category-papst","tag-armut","tag-christentum","tag-daemonen","tag-gehorsam","tag-gewalten-und-maechte","tag-gott-sohn-jesus-christus","tag-ideologie","tag-kritik","tag-leben","tag-liebe","tag-papst-franziskus"],"_links":{"self":[{"href":"https:\/\/website.ifit.li\/index.php?rest_route=\/wp\/v2\/posts\/2520","targetHints":{"allow":["GET"]}}],"collection":[{"href":"https:\/\/website.ifit.li\/index.php?rest_route=\/wp\/v2\/posts"}],"about":[{"href":"https:\/\/website.ifit.li\/index.php?rest_route=\/wp\/v2\/types\/post"}],"author":[{"embeddable":true,"href":"https:\/\/website.ifit.li\/index.php?rest_route=\/wp\/v2\/users\/1"}],"replies":[{"embeddable":true,"href":"https:\/\/website.ifit.li\/index.php?rest_route=%2Fwp%2Fv2%2Fcomments&post=2520"}],"version-history":[{"count":4,"href":"https:\/\/website.ifit.li\/index.php?rest_route=\/wp\/v2\/posts\/2520\/revisions"}],"predecessor-version":[{"id":38313,"href":"https:\/\/website.ifit.li\/index.php?rest_route=\/wp\/v2\/posts\/2520\/revisions\/38313"}],"wp:attachment":[{"href":"https:\/\/website.ifit.li\/index.php?rest_route=%2Fwp%2Fv2%2Fmedia&parent=2520"}],"wp:term":[{"taxonomy":"category","embeddable":true,"href":"https:\/\/website.ifit.li\/index.php?rest_route=%2Fwp%2Fv2%2Fcategories&post=2520"},{"taxonomy":"post_tag","embeddable":true,"href":"https:\/\/website.ifit.li\/index.php?rest_route=%2Fwp%2Fv2%2Ftags&post=2520"}],"curies":[{"name":"wp","href":"https:\/\/api.w.org\/{rel}","templated":true}]}}