{"id":2505,"date":"2013-05-13T17:55:48","date_gmt":"2013-05-13T15:55:48","guid":{"rendered":"http:\/\/ifit.ch\/?p=2505"},"modified":"2023-07-12T17:00:52","modified_gmt":"2023-07-12T15:00:52","slug":"der-hl-geist-ermoeglicht-den-christen-die-erinnerung-an-ihre-geschichte-und-die-gnade","status":"publish","type":"post","link":"https:\/\/website.ifit.li\/?p=2505","title":{"rendered":"Der Hl. Geist erm\u00f6glicht den Christen die Erinnerung an ihre Geschichte und die Gnade"},"content":{"rendered":"<h1>Papst erinnert in\u00a0Santa Marta\u00a0daran, wer und wie der Heilige Geist ist<\/h1>\n<p>Es ist der Heilige Geist, der den Christen die Erinnerung an ihre Geschichte und die Gnade Gottes erm\u00f6glicht. Ohne diese Erinnerung, so Papst Franziskus bei der hl. Morgenmesse am Montag, 13. Mai\u00a0im vatikanischen G\u00e4stehaus Santa Marta, riskiere der Christ, zu einem G\u00f6tzendiener zu werden. Bei der hl. Messfeier waren dieses Mal Angestellte von Radio Vatikan sowie Vertreter des P\u00e4pstlichen Rates f\u00fcr Migrantenseelsorge mit ihrem Pr\u00e4sidenten, Kardinal Antonio Maria Vegli\u00f2, dabei. Wie in der Apostelgeschichte in der heutigen Tageslesung [vgl. <a title=\"Montag der 7. Osterwoche\" href=\"http:\/\/www.erzabtei-beuron.de\/schott\/schott_anz\/index.html?datum=2013-5-13\" target=\"_blank\" rel=\"noopener noreferrer\">Montag der 7. Osterwoche<\/a> im Schott Messbuch] berichtet wird, h\u00e4tten die ersten Christen teilweise noch gar nichts vom Heiligen Geist geh\u00f6rt [vgl. <a title=\"Apostelgeschichte 19,1-8\" href=\"http:\/\/www.bibleserver.com\/text\/EU\/Apostelgeschichte19.1-8\" target=\"_blank\" rel=\"noopener noreferrer\">Apostelgeschichte 19,1-8<\/a>]. <!--more-->Doch, so Papst Franziskus, dies sei kein Problem der Fr\u00fchzeit, sondern vielmehr sei der Heilige Geist auch in heutiger Zeit so etwas wie ein \u201eStiefkind des Glaubens\u201c:\u00a0\u201eViele Christen wissen nicht, wer der Heilige Geist ist, wie der Heilige Geist ist. Und manches Mal h\u00f6rt man: ,Aber ich arrangiere mich gut mit dem Vater und dem Sohn, denn ich bete das Vaterunser zum Vater, kommuniziere mit dem Sohn, aber mit dem Heiligen Geist wei\u00df ich nicht, was ich anstellen soll&#8230;\u00b4 Oder sie sagen dir: ,Der Heilige Geist ist die Taube, der, der uns sieben Geschenke gibt. Aber so kommt der arme Heilige Geist immer am Ende und findet keinen guten Platz in unserem Leben.\u201c<br \/>\nDoch vielmehr sei der Heilige Geist ein Gott, der in uns aktiv sei, ein Gott, der uns erinnern l\u00e4sst, so Papst Franziskus weiter. Dies erkl\u00e4re Jesus selbst vor Pfingsten seinen Aposteln: \u201eder Heilige Geist, den der Vater euch in meinem Namen senden wird\u201c, so versichert er, \u201ewird euch an alles erinnern, was ich euch gesagt habe.\u201d Umgekehrt ergebe sich hingegen f\u00fcr die Christen ein gef\u00e4hrliches Ungleichgewicht:<br \/>\n\u201e<span style=\"color: #ff0000;\"><strong>Ein Christ ohne Erinnerung ist kein wahrer Christ: er ist ein Mann oder eine Frau, die Gefangene der Umst\u00e4nde, des Augenblicks sind; er hat keine Geschichte. Er hat sie, aber er wei\u00df nicht, wie er sie nehmen soll. Und es ist gerade der Heilige Geist, der uns beibringt, wie wir die Geschichte verstehen m\u00fcssen\u2026<\/strong><\/span> Wenn im Brief an die Hebr\u00e4er der Autor sagt: ,Erinnert euch an eure V\u00e4ter im Glauben\u00b4 \u2013 Erinnerung. , Erinnert euch an die fr\u00fcheren Tage\u00b4 eures Glaubens, wie mutig ihr wart \u2013 Erinnerung. Erinnerung unseres Lebens, unserer Geschichte, Erinnerung an den Moment, in dem wir die Gnade erhalten haben, Jesus zu treffen \u2013 Erinnerung an alles, was Jesus uns gesagt hat.\u201c<br \/>\nDiese Erinnerung, die vom Herzen komme, sei eine \u201eGnade des Heiligen Geistes\u201d, betonte Papst Franziskus. Sich zu erinnern bedeute auch, sich an die eigenen N\u00f6te zu erinnern, die zu Sklaven machen; gleichzeitig bedeute es aber auch, sich an die Gnade Gottes zu erinnern, die aus diesem Elend befreit: \u201e<strong><span style=\"color: #ff0000;\">Wenn dann die Eitelkeit ins Spiel kommt, und einer meint, er sei so ein bisschen der Nobelpreistr\u00e4ger der Heiligkeit, tut uns auch die Erinnerung gut: ,Aber\u2026 erinnere dich, woher ich dich genommen habe: vom Ende der Herde. Du warst hinten, in der Herde<\/span><\/strong>\u00b4.<strong><span style=\"color: #ff0000;\"> Die Erinnerung ist ein gro\u00dfes Geschenk, und wenn ein Christ keine Erinnerung hat \u2013 das ist hart, aber wahr \u2013 dann ist er kein Christ. Er ist ein G\u00f6tzendiener.<\/span><\/strong> Denn er befindet sich vor einem Gott, der keine Stra\u00dfe hat, der nicht f\u00e4hig ist, den Weg zu ebnen, doch unser Gott ebnet den Weg mit uns, er mischt sich unter uns, er geht mit uns. Er rettet uns. Er macht Geschichte mit uns. Die Erinnerung an all das macht das Leben fruchtbarer, mit dieser Gnade der Erinnerung.\u201c<\/p>\n<h3>Weitere Hinweise und Quellen<\/h3>\n<ul>\n<li>Audio (MP3): Papst Franziskus erinnert in Santa Marta daran, wer, wo und wie der Heilige Geist ist (13. Mai 2013)<audio class=\"wp-audio-shortcode\" id=\"audio-2505-1\" preload=\"none\" style=\"width: 100%;\" controls=\"controls\"><source type=\"audio\/mpeg\" src=\"https:\/\/website.ifit.li\/wp-content\/uploads\/2013\/05\/2013-05-13-Papst-Franziskus-erinnert-in-Santa-Marta-daran-wer-wo-und-wie-der-Heilige-Geist-ist.mp3?_=1\" \/><a href=\"https:\/\/website.ifit.li\/wp-content\/uploads\/2013\/05\/2013-05-13-Papst-Franziskus-erinnert-in-Santa-Marta-daran-wer-wo-und-wie-der-Heilige-Geist-ist.mp3\">https:\/\/website.ifit.li\/wp-content\/uploads\/2013\/05\/2013-05-13-Papst-Franziskus-erinnert-in-Santa-Marta-daran-wer-wo-und-wie-der-Heilige-Geist-ist.mp3<\/a><\/audio><\/li>\n<li>Originaltext: <a title=\"CS, Radio Vatikan, Artikel 691552\" href=\"http:\/\/de.radiovaticana.va\/news\/2013\/05\/13\/franziskus:_ohne_erinnerung_werden_wir_g%C3%B6tzendiener\/ted-691552\" target=\"_blank\" rel=\"noopener noreferrer\">CS, Radio Vatikan, Artikel\u00a0691552<\/a><\/li>\n<li><a title=\"Die katholische Lehre \u00fcber Gott den Heiligen Geist\" href=\"https:\/\/website.ifit.li\/?p=1082\" target=\"_blank\" rel=\"noopener noreferrer\">Die katholische Lehre \u00fcber Gott den Heiligen Geist<\/a><\/li>\n<\/ul>\n","protected":false},"excerpt":{"rendered":"<p>Papst erinnert in\u00a0Santa Marta\u00a0daran, wer und wie der Heilige Geist ist Es ist der Heilige Geist, der den Christen die Erinnerung an ihre Geschichte und die Gnade Gottes erm\u00f6glicht. Ohne diese Erinnerung, so Papst Franziskus bei der hl. Morgenmesse am Montag, 13. Mai\u00a0im vatikanischen G\u00e4stehaus Santa Marta, riskiere der Christ, zu einem G\u00f6tzendiener zu werden. &hellip; <a href=\"https:\/\/website.ifit.li\/?p=2505\" class=\"more-link\"><span class=\"screen-reader-text\">Der Hl. Geist erm\u00f6glicht den Christen die Erinnerung an ihre Geschichte und die Gnade<\/span> weiterlesen <span class=\"meta-nav\">&rarr;<\/span><\/a><\/p>\n","protected":false},"author":1,"featured_media":9927,"comment_status":"open","ping_status":"open","sticky":false,"template":"","format":"standard","meta":{"footnotes":""},"categories":[450,285,451],"tags":[217,470,207,392,229,279,223,399,173,58,286],"class_list":["post-2505","post","type-post","status-publish","format-standard","has-post-thumbnail","hentry","category-katholische-kirche","category-lehramt","category-liturgie","tag-christentum","tag-erinnerung","tag-eucharistie","tag-geschichtlichkeit","tag-gnade","tag-gott-heiliger-geist","tag-heiligkeit","tag-heilsgeschichte","tag-herz","tag-papst-franziskus","tag-predigt"],"_links":{"self":[{"href":"https:\/\/website.ifit.li\/index.php?rest_route=\/wp\/v2\/posts\/2505","targetHints":{"allow":["GET"]}}],"collection":[{"href":"https:\/\/website.ifit.li\/index.php?rest_route=\/wp\/v2\/posts"}],"about":[{"href":"https:\/\/website.ifit.li\/index.php?rest_route=\/wp\/v2\/types\/post"}],"author":[{"embeddable":true,"href":"https:\/\/website.ifit.li\/index.php?rest_route=\/wp\/v2\/users\/1"}],"replies":[{"embeddable":true,"href":"https:\/\/website.ifit.li\/index.php?rest_route=%2Fwp%2Fv2%2Fcomments&post=2505"}],"version-history":[{"count":5,"href":"https:\/\/website.ifit.li\/index.php?rest_route=\/wp\/v2\/posts\/2505\/revisions"}],"predecessor-version":[{"id":39230,"href":"https:\/\/website.ifit.li\/index.php?rest_route=\/wp\/v2\/posts\/2505\/revisions\/39230"}],"wp:featuredmedia":[{"embeddable":true,"href":"https:\/\/website.ifit.li\/index.php?rest_route=\/wp\/v2\/media\/9927"}],"wp:attachment":[{"href":"https:\/\/website.ifit.li\/index.php?rest_route=%2Fwp%2Fv2%2Fmedia&parent=2505"}],"wp:term":[{"taxonomy":"category","embeddable":true,"href":"https:\/\/website.ifit.li\/index.php?rest_route=%2Fwp%2Fv2%2Fcategories&post=2505"},{"taxonomy":"post_tag","embeddable":true,"href":"https:\/\/website.ifit.li\/index.php?rest_route=%2Fwp%2Fv2%2Ftags&post=2505"}],"curies":[{"name":"wp","href":"https:\/\/api.w.org\/{rel}","templated":true}]}}