{"id":2493,"date":"2013-05-11T16:33:52","date_gmt":"2013-05-11T15:33:52","guid":{"rendered":"http:\/\/ifit.ch\/?p=2493"},"modified":"2021-07-09T15:18:39","modified_gmt":"2021-07-09T13:18:39","slug":"papst-franziskus-hat-radio-vatikan-als-mittel-entdeckt-an-menschen-in-der-peripherie-heranzukommen","status":"publish","type":"post","link":"https:\/\/website.ifit.li\/?p=2493","title":{"rendered":"Papst Franziskus hat Radio Vatikan als Mittel entdeckt, an Menschen in der Peripherie heranzukommen"},"content":{"rendered":"<h1>Papst Franziskus gr\u00fcsst H\u00f6rer seines weltweit sendenden Radio Vatikan<\/h1>\n<p>Die Kirche muss wieder \u201eneu hinausgehen zu den Menschen in die Peripherie\u201c: Das sagte der damalige Kardinal Jorge Mario Bergoglio im Vorkonklave, rund zwei Monaten\u00a0bevor er Papst wurde. Und als solcher hat er jetzt auch sein Radio Vatikan als Mittel entdeckt, um an \u201eMenschen in der Peripherie\u201c heranzukommen. Am Samstag, 11. Mai\u00a0nahm Papst Franziskus f\u00fcr seine H\u00f6rer folgenden Gru\u00df in seiner spanischen Muttersprache auf (siehe Audio MP3-Link in der Quellenangabe):\u00a0\u201e<strong><span style=\"color: #ff0000;\">Liebe Br\u00fcder, liebe S\u00f6hne, vor allem liebe Kranke, liebe H\u00e4ftlinge, liebe \u00e4ltere, verlassene, arme, misshandelte oder ausgebeutete Menschen! <!--more-->In so vielen Peripherien der menschlichen Existenz kann man die Stimme des Bischofs von Rom \u00fcber Radio Vatikan h\u00f6ren, das Radio des Papstes. Ihnen allen will ich von ganzem Herzen nahe sein und Sie umarmen, mit der Liebe und Hoffnung des auferstandenen Jesus. Ich segne auch speziell alle Sender, die das Radio des Papstes wiederausstrahlen, und segne alle geliebten H\u00f6rer, besonders die Bed\u00fcrftigsten unter ihnen.<\/span><\/strong>\u201c<\/p>\n<h3>Weitere Hinweise und Quellen<\/h3>\n<ul>\n<li>Audio (MP3): Papst Franziskus gr\u00fcsst H\u00f6rer von Radio Vatikan in seiner Muttersprache (11. Mai 2013)<audio class=\"wp-audio-shortcode\" id=\"audio-2493-1\" preload=\"none\" style=\"width: 100%;\" controls=\"controls\"><source type=\"audio\/mpeg\" src=\"https:\/\/website.ifit.li\/wp-content\/uploads\/2013\/05\/2013-05-11-Papst-Franziskus-gruesst-Hoerer-von-Radio-Vatikan-in-seiner-Muttersprache.mp3?_=1\" \/><a href=\"https:\/\/website.ifit.li\/wp-content\/uploads\/2013\/05\/2013-05-11-Papst-Franziskus-gruesst-Hoerer-von-Radio-Vatikan-in-seiner-Muttersprache.mp3\">https:\/\/website.ifit.li\/wp-content\/uploads\/2013\/05\/2013-05-11-Papst-Franziskus-gruesst-Hoerer-von-Radio-Vatikan-in-seiner-Muttersprache.mp3<\/a><\/audio><\/li>\n<li>Originaltext: Stefan von Kempis, Radio Vatikan, Artikel 691375<\/li>\n<\/ul>\n","protected":false},"excerpt":{"rendered":"<p>Papst Franziskus gr\u00fcsst H\u00f6rer seines weltweit sendenden Radio Vatikan Die Kirche muss wieder \u201eneu hinausgehen zu den Menschen in die Peripherie\u201c: Das sagte der damalige Kardinal Jorge Mario Bergoglio im Vorkonklave, rund zwei Monaten\u00a0bevor er Papst wurde. Und als solcher hat er jetzt auch sein Radio Vatikan als Mittel entdeckt, um an \u201eMenschen in der &hellip; <a href=\"https:\/\/website.ifit.li\/?p=2493\" class=\"more-link\"><span class=\"screen-reader-text\">Papst Franziskus hat Radio Vatikan als Mittel entdeckt, an Menschen in der Peripherie heranzukommen<\/span> weiterlesen <span class=\"meta-nav\">&rarr;<\/span><\/a><\/p>\n","protected":false},"author":1,"featured_media":0,"comment_status":"open","ping_status":"open","sticky":false,"template":"","format":"standard","meta":{"footnotes":""},"categories":[450,452],"tags":[246,201,31,58,218],"class_list":["post-2493","post","type-post","status-publish","format-standard","hentry","category-katholische-kirche","category-papst","tag-auferstehung-jesu","tag-hoffnung","tag-liebe","tag-papst-franziskus","tag-radio-vatikan"],"_links":{"self":[{"href":"https:\/\/website.ifit.li\/index.php?rest_route=\/wp\/v2\/posts\/2493","targetHints":{"allow":["GET"]}}],"collection":[{"href":"https:\/\/website.ifit.li\/index.php?rest_route=\/wp\/v2\/posts"}],"about":[{"href":"https:\/\/website.ifit.li\/index.php?rest_route=\/wp\/v2\/types\/post"}],"author":[{"embeddable":true,"href":"https:\/\/website.ifit.li\/index.php?rest_route=\/wp\/v2\/users\/1"}],"replies":[{"embeddable":true,"href":"https:\/\/website.ifit.li\/index.php?rest_route=%2Fwp%2Fv2%2Fcomments&post=2493"}],"version-history":[{"count":2,"href":"https:\/\/website.ifit.li\/index.php?rest_route=\/wp\/v2\/posts\/2493\/revisions"}],"predecessor-version":[{"id":38307,"href":"https:\/\/website.ifit.li\/index.php?rest_route=\/wp\/v2\/posts\/2493\/revisions\/38307"}],"wp:attachment":[{"href":"https:\/\/website.ifit.li\/index.php?rest_route=%2Fwp%2Fv2%2Fmedia&parent=2493"}],"wp:term":[{"taxonomy":"category","embeddable":true,"href":"https:\/\/website.ifit.li\/index.php?rest_route=%2Fwp%2Fv2%2Fcategories&post=2493"},{"taxonomy":"post_tag","embeddable":true,"href":"https:\/\/website.ifit.li\/index.php?rest_route=%2Fwp%2Fv2%2Ftags&post=2493"}],"curies":[{"name":"wp","href":"https:\/\/api.w.org\/{rel}","templated":true}]}}