{"id":2484,"date":"2013-05-12T17:58:48","date_gmt":"2013-05-12T16:58:48","guid":{"rendered":"http:\/\/ifit.ch\/?p=2484"},"modified":"2021-07-09T14:56:59","modified_gmt":"2021-07-09T12:56:59","slug":"wie-treu-bin-ich-christus-lasse-ich-andere-meinen-glauben-spuren-mit-respekt-aber-auch-mut","status":"publish","type":"post","link":"https:\/\/website.ifit.li\/?p=2484","title":{"rendered":"Wie treu bin ich Christus? Lasse ich andere meinen Glauben sp\u00fcren, mit Respekt, aber auch Mut?"},"content":{"rendered":"<h1>Heiligsprechung von Papst Franziskus &#8211; 800 M\u00e4rtyrer und 2 Ordensfrauen<\/h1>\n<p><a href=\"https:\/\/ml2mintiuscj.i.optimole.com\/w:auto\/h:auto\/q:mauto\/f:best\/https:\/\/website.ifit.li\/wp-content\/uploads\/2016\/10\/Generalaudienz-von-Papst-Franziskus-am-26.-Oktober-2016.jpeg\"><img data-opt-id=1233891360  fetchpriority=\"high\" decoding=\"async\" class=\"alignleft  wp-image-7631\" src=\"https:\/\/ml2mintiuscj.i.optimole.com\/w:auto\/h:auto\/q:mauto\/f:best\/https:\/\/website.ifit.li\/wp-content\/uploads\/2016\/10\/Generalaudienz-von-Papst-Franziskus-am-26.-Oktober-2016.jpeg\" alt=\"L'Osservatore Romano\" width=\"267\" height=\"178\" srcset=\"https:\/\/ml2mintiuscj.i.optimole.com\/w:800\/h:532\/q:mauto\/f:best\/https:\/\/website.ifit.li\/wp-content\/uploads\/2016\/10\/Generalaudienz-von-Papst-Franziskus-am-26.-Oktober-2016.jpeg 800w, https:\/\/ml2mintiuscj.i.optimole.com\/w:300\/h:200\/q:mauto\/f:best\/https:\/\/website.ifit.li\/wp-content\/uploads\/2016\/10\/Generalaudienz-von-Papst-Franziskus-am-26.-Oktober-2016.jpeg 300w, https:\/\/ml2mintiuscj.i.optimole.com\/w:768\/h:511\/q:mauto\/f:best\/https:\/\/website.ifit.li\/wp-content\/uploads\/2016\/10\/Generalaudienz-von-Papst-Franziskus-am-26.-Oktober-2016.jpeg 768w\" sizes=\"(max-width: 267px) 100vw, 267px\" \/><\/a>Papst Franziskus hat bei seiner ersten Heiligsprechung 800 italienische M\u00e4rtyrer und zwei lateinamerikanische Ordensfrauen zur Ehre der Alt\u00e4re erhoben. Vor mehreren Zehntausend Menschen auf dem Petersplatz erinnerte er an Christen in aller Welt, die auch heute Gewalt oder Anfeindungen ausgesetzt seien. \u201cGott gebe ihnen Mut zur Glaubenstreue\u201c, betete der Papst. Franziskus ermunterte den bei der Messfeier anwesenden Pr\u00e4sidenten Manuel Santos von Kolumbien, den Friedensprozess mit Rebellen fortzusetzen.\u00a0Schon seit Samstag, 11. Mai\u00a0hingen gro\u00dfe Darstellungen der neuen Heiligen von der Fassade des Petersdomes herab. <!--more-->Die kolumbianische Ordensgr\u00fcnderin Laura di Santa Caterina da Siena Montoya y Upegui (1874-1949) hat sich vor allem f\u00fcr die Urbev\u00f6lkerung eingesetzt; sie ist die erste Heilige Kolumbiens \u00fcberhaupt. Zweite neue Heilige aus Lateinamerika ist die mexikanische Ordensfrau Maria Guadalupe Garcia Zavala (1878-1963), die sich vor allem um Arme und Kranke k\u00fcmmerte. Und schlie\u00dflich galt es an diesem Sonntag, auch die so genannten \u201eM\u00e4rtyrer von Otranto\u201c in das Buch der Heiligen einzuschreiben: Die etwa 800 Gef\u00e4hrten des Schneiders Antonio Primaldo sind im Jahr 1480 von den Osmanen nach der Einnahme des s\u00fcditalienischen St\u00e4dtchens Otranto hingerichtet worden, weil sie sich geweigert hatten, ihrem Glauben abzuschw\u00f6ren.<\/p>\n<h2>Heiligsprechungen noch von Benedikt XVI. angek\u00fcndigt<\/h2>\n<p>Alle Heiligsprechungen vom Sonntag, 12. Mai\u00a0waren noch von Benedikt XVI. angek\u00fcndigt worden \u2013 in dem Konsistorium des 11. Februar, bei dem der deutsche Papst dann auch \u00fcberraschend seinen R\u00fccktritt ank\u00fcndigte. Damit fiel es dem Nachfolger Franziskus zu, die Heiligsprechungen vorzunehmen.\u00a0Auf dem Petersplatz herrschte herrliches Fr\u00fchlingswetter. Dreimal bat Kardinal Angelo Amato, der Leiter der Heiligsprechungskongregation, den Papst rituell um das Vornehmen der Heiligsprechung; dann verlas Franziskus auf Latein die Kanonisierungsformel. Reliquien der neuen Heiligen wurden zum Papstaltar gebracht und dort ausgestellt. Mit Franziskus zelebrierten Kardin\u00e4le aus den L\u00e4ndern der neuen Heiligen, die Regierungen hatten Delegationen geschickt. Feierlich wurde das Evangelium zun\u00e4chst auf Latein und dann auf Griechisch gesungen; dann predigte der Papst, der seit knapp zwei Monaten im Amt ist, auf Italienisch und auch in seiner spanischen Muttersprache. Ein \u201eFest der Heiligkeit\u201c sei diese Feier, so Papst Bergoglio.\u00a0\u201eSchauen wir auf die neuen Heiligen im Licht des Wortes Gottes \u2013 eines Wortes, das uns zur Treue bis hin zum Martyrium aufruft; das uns die Sch\u00f6nheit schildert, Christus und sein Evangelium zu allen Menschen zu bringen; und das uns von der N\u00e4chstenliebe spricht, ohne die das Martyrium und die Mission ihren christlichen Geschmack verlieren.\u201c<\/p>\n<h2>Letztlich haben sie Europa gerettet&#8230;<\/h2>\n<p>Am Sonntag, den 12. Mai, hat Papst Franziskus die ersten Heiligsprechungen seines Pontifikates vorgenommen. Unter den neuen Heiligen, die noch von Papst Benedikt XVI. in seinem letzten Konsistorium am vergangenen 11. Februar &#8211; unmittelbar vor Bekanntgabe seines historischen R\u00fccktritts &#8211; ausgerufen wurden, sind auch der selige Antonio Primaldo und seine Gef\u00e4hrten. Es handelt sich um eine Gruppe von Laienchristen, die der unbeschreiblichen Gewalt ottomanischer Eroberer ihren Glauben und Mut entgegengesetzt und sich einer zwangsweisen Konversion zum Islam verweigert hatten. Alle 800 Gef\u00e4hrten haben diese Weigerung mit dem Leben bezahlt; sie sind als die \u201eM\u00e4rtyrer von Otranto&#187; in die Geschichte eingegangen. Donald Prudlo ist Professor f\u00fcr mittelalterliche Geschichte an der Jacksonville State University im US-Bundesstaat Alabama. Er erz\u00e4hlte uns die dramatische Geschichte der M\u00e4rtyrer: \u201eMehmed II. war einer der m\u00e4chtigsten und erfolgreichsten Herrscher in der ottomanisch t\u00fcrkischen Geschichte. Er hat im Jahr 1453 die als unbezwingbar geltende Stadt Konstantinopel eingenommen, und er hat die Balkanregion befriedet. In den 1470er Jahren bereitete Mehmed \u201eder Eroberer\u201c einen t\u00f6dlichen Schlag gegen Europa vor. Seine Flotte kam \u00fcber das Mittelmeer, ohne auf Widerstand zu treffen. Nachdem er das \u201eNeue Rom&#187; eingenommen hatte, richtete er nun seine Aufmerksamkeit auf das \u201eAlte Rom&#187;. Um die Widerstandsf\u00e4higkeit des christlichen Europas zu testen, sandte er 1480 eine Vorhut, deren Ziel die kleine, am Meer gelegene Stadt Otranto in S\u00fcditalien war. W\u00e4hrend dieser Expedition wurden tausende von Menschen mit der Absicht abgeschlachtet, den Einwohnern der Halbinsel Terror einzufl\u00f6\u00dfen. Nachdem die Stadt gefallen war, wurden ihre zivilen und religi\u00f6sen F\u00fchrer entweder enthauptet oder in St\u00fccke gerissen.\u201c<br \/>\nAchthundert M\u00e4nnern der Stadt wurde die Wahl gelassen, entweder zum Islam zu konvertieren oder get\u00f6tet zu werden. Sie widersetzten sich einer zwangsweisen Konversion. Unter F\u00fchrung des Schneiders Antonio Primaldi, der als Sprecher der Gruppe auftrat, wurden sie einer nach dem anderen auf einem H\u00fcgel nahe der Stadt gek\u00f6pft, w\u00e4hrend ihre Familien zusehen mussten.\u00a0\u201eDie Bedeutung ihres Opfers war klar. Antonio und seine Mitb\u00fcrger haben letztlich Europa gerettet &#8211; ihr mutiges Handeln gab der Christenheit einerseits die Zeit, sich wieder zusammenzuschlie\u00dfen, und andererseits, die Dimension der Bedrohung zu realisieren. Mehmed II. starb im folgenden Jahr im Alter von nur 49 Jahren, was die Expansionspl\u00e4ne der Ottomanen zunichte machte. [&#8230;] Die M\u00e4rtyrer von Otranto sind ein au\u00dfergew\u00f6hnliches Zeugnis von Treue zu Christus, selbst inmitten schrecklicher Leiden. Einfache Laienchristen, bezwungen, f\u00fchrerlos, doch durch ihr Glaubenszeugnis gebunden auch in einer ihnen feindlichen Welt.\u201c<br \/>\nDie M\u00e4rtyrer von Otranto lehrten, dass \u201euns der Glaube \u00fcber alle Begrenzungen des menschlichen Blickes und des irdischen Lebens hinwegschauen l\u00e4\u00dft\u201c, so der Papst: \u201eEr l\u00e4\u00dft uns den Himmel offen sehen\u201c. \u201eBitten wir Gott, die vielen Christen zu unterst\u00fctzen, die gerade zu unserer Zeit \u2013 heute! \u2013 in so vielen Teilen der Welt Gewalt, Anfeindungen und Diskriminierung ausgesetzt sind! M\u00f6ge er ihnen den Mut zur Treue geben und dazu, auf das B\u00f6se mit dem Guten zu antworten!\u201c<\/p>\n<h2>Die Armen sind der Leib Christi<\/h2>\n<p>Die zwei neuen Heiligen aus Lateinamerika schilderte Papst Franziskus als Vorbilder f\u00fcr die N\u00e4he zu den Indios sowie zu den Armen, Kranken und Ausgesto\u00dfenen. Kolumbiens erste Heilige, Mutter Laura, stehe daf\u00fcr, dass man den Glauben \u201enicht allein und isoliert\u201c leben k\u00f6nne. \u201eAls ob das \u00fcberhaupt m\u00f6glich w\u00e4re, den Glauben isoliert zu leben! Nein, es gilt, ihn weiterzugeben und die Freude des Evangeliums in Wort und Lebenszeugnis auszustrahlen, wo auch immer wir gerade sein m\u00f6gen! Es gilt, Jesus im Mitmenschen zu erkennen, alle Gleichg\u00fcltigkeit zu \u00fcberwinden und allen Individualismus, der die christlichen Gemeinschaften und unser eigenes Herz zerfrisst, und alle ohne Vorurteile oder Bedenken aufzunehmen, mit echter Liebe!\u201c<br \/>\nChristen sollten \u201edas Wertvollste weitergeben, das sie haben\u201c, so Papst Franziskus. Das seien \u201enicht unsere Werke oder unsere Organisationen\u201c, meinte er vom Redetext abweichend, sondern es seien \u201eChristus und sein Evangelium\u201c. Die neue mexikanische Heilige, Mutter Lupita, habe sich nicht gescheut, vor den Armen auf dem Krankenhausboden zu knien und ihnen beizustehen. \u201eDas nennt sich: den Leib Christi ber\u00fchren. Die Armen, Verlassenen und Kranken sind der Leib Christi! Mutter Lupita hat uns vorgemacht, wie wir in ihnen Christus selbst begegnen \u2013 ohne Scham, ohne Angst, ohne Ekel r\u00fchren wir Christus an.\u201c Diese Begegnung mit dem Herrn sei entscheidend, damit die Christen \u201eaus ihrer kleinen Welt, die uns so schadet\u201c, herauskommen. Der Papst empfahl den Gl\u00e4ubigen, ein bisschen nachzudenken \u00fcber die Fragen: \u201e<span style=\"color: #ff0000;\"><strong>Wie treu bin ich Christus? Lasse ich andere meinen Glauben sp\u00fcren, mit Respekt, aber auch Mut? Bin ich aufmerksam f\u00fcr andere, merke ich es, wenn jemand mich braucht, sehe ich in allen Br\u00fcder und Schwestern, die ich lieben soll?<\/strong><\/span>\u201c<\/p>\n<h2>M\u00f6ge Kolumbien weiter f\u00fcr den Frieden arbeiten<\/h2>\n<p>Am Ende der Messfeier betete Franziskus mit den Gl\u00e4ubigen auf der \u201ePiazza San Pietro\u201c das \u00f6sterliche Mittagsgebet \u201eRegina Coeli\u201c. Dabei fand er auch einige Worte zu Italien, Kolumbien und Mexiko, den Heimatl\u00e4ndern der neuen Heiligen. Italien solle \u201eHoffnung f\u00fcr die Zukunft sch\u00f6pfen\u201c, \u201eauch in schwierigen Momenten\u201c; Kolumbien k\u00f6nne sich an seiner ersten Heiligen \u201eein Beispiel der Eintracht und der Vers\u00f6hnung\u201c nehmen. Der Papst w\u00f6rtlich: \u201eM\u00f6gen die Kolumbianer weiter f\u00fcr den Frieden und die gerechte Entwicklung ihrer Heimat arbeiten!\u201c Pr\u00e4sident Santos hat einen Dialogprozess mit den FARC-Rebellen begonnen, der trotz einiger Hindernisse zum ersten Mal seit langem Hoffnungen auf eine Befriedung in Kolumbien weckt. Mexiko schlie\u00dflich rief der Papst dazu auf, \u201ejeder Gewalt und Unsicherheit ein Ende zu machen und immer mehr auf dem Weg der Solidarit\u00e4t und des br\u00fcderlichen Zusammenlebens zu gehen\u201c.<br \/>\nDer Papst aus Argentinien gr\u00fc\u00dfte auch Teilnehmer eines \u201eMarsches f\u00fcr das Leben\u201c, der an diesem Sonntagmorgen etwa 300.000 Menschen vom r\u00f6mischen Kolosseum bis in die N\u00e4he des Vatikans gef\u00fchrt hat. Er lud dazu ein, \u201eweiter aufmerksam das wichtige Thema der Achtung vor dem menschlichen Leben von seiner Empf\u00e4ngnis an zu verfolgen\u201c. Franziskus ermunterte auch die Organisatoren einer Unterschriftenkampagne, die sich f\u00fcr einen juridischen Status von Embryonen in der Europ\u00e4ischen Union einsetzen. Er wies darauf hin, dass es Mitte Juni im Rahmen des Glaubensjahres einen Tag f\u00fcr das Leben im Vatikan geben wird. Die letzten Worte des Papstes nach seinen ersten Heiligsprechungen lauteten, nicht untypisch: \u201eSch\u00f6nen Sonntag, und guten Appetit!\u201c<\/p>\n<h3>Weitere Hinweise und Quellen<\/h3>\n<ul>\n<li>Audio (MP3): Erste Heiligsprechung von Papst Franziskus &#8211; 800 M\u00e4rtyrer und zwei Ordensfrauen (12. Mai 2013)<audio class=\"wp-audio-shortcode\" id=\"audio-2484-1\" preload=\"none\" style=\"width: 100%;\" controls=\"controls\"><source type=\"audio\/mpeg\" src=\"https:\/\/website.ifit.li\/wp-content\/uploads\/2013\/05\/2013-05-12-Erste-Heiligsprechung-von-Papst-Franziskus-800-Maertyrer-und-zwei-Ordensfrauen.mp3?_=1\" \/><a href=\"https:\/\/website.ifit.li\/wp-content\/uploads\/2013\/05\/2013-05-12-Erste-Heiligsprechung-von-Papst-Franziskus-800-Maertyrer-und-zwei-Ordensfrauen.mp3\">https:\/\/website.ifit.li\/wp-content\/uploads\/2013\/05\/2013-05-12-Erste-Heiligsprechung-von-Papst-Franziskus-800-Maertyrer-und-zwei-Ordensfrauen.mp3<\/a><\/audio><\/li>\n<li>Originaltext: <a title=\"Stefan von Kempis, Radio Vatikan, Artikel 691371\" href=\"http:\/\/de.radiovaticana.va\/news\/2013\/05\/12\/papst_franziskus_nimmt_erste_heiligsprechungen_vor\/ted-691371\" target=\"_blank\" rel=\"noopener noreferrer\">Stefan von Kempis, Radio Vatikan, Artikel 691371<\/a><\/li>\n<li>Audio (MP3):<\/li>\n<li>Die Bedeutung der Heiligsprechung der 800 M\u00e4rtyrer von Otranto (12. Mai 2013)<audio class=\"wp-audio-shortcode\" id=\"audio-2484-2\" preload=\"none\" style=\"width: 100%;\" controls=\"controls\"><source type=\"audio\/mpeg\" src=\"https:\/\/website.ifit.li\/wp-content\/uploads\/2013\/05\/2013-05-12-Die-Bedeutung-der-Heiligsprechung-der-800-Maertyrer-von-Otranto.mp3?_=2\" \/><a href=\"https:\/\/website.ifit.li\/wp-content\/uploads\/2013\/05\/2013-05-12-Die-Bedeutung-der-Heiligsprechung-der-800-Maertyrer-von-Otranto.mp3\">https:\/\/website.ifit.li\/wp-content\/uploads\/2013\/05\/2013-05-12-Die-Bedeutung-der-Heiligsprechung-der-800-Maertyrer-von-Otranto.mp3<\/a><\/audio><\/li>\n<li>Originaltext: <a title=\"Stefan von Kempis Radio Vatikan, Artikel 691353\" href=\"http:\/\/de.radiovaticana.va\/news\/2013\/05\/12\/%E2%80%9Eletztlich_haben_sie_europa_gerettet...%E2%80%9C\/ted-691353\">Stefan von Kempis Radio Vatikan, Artikel 691353<\/a><\/li>\n<li>Video: <a title=\"Heiligsprechung von Papst Franziskus - 800 M\u00e4rtyrer und 2 Ordensfrauen\" href=\"https:\/\/www.youtube.com\/watch?v=6LAZgF_mXW8\" target=\"_blank\" rel=\"noopener noreferrer\">Heiligsprechung von Papst Franziskus &#8211; 800 M\u00e4rtyrer und 2 Ordensfrauen<\/a><\/li>\n<\/ul>\n","protected":false},"excerpt":{"rendered":"<p>Heiligsprechung von Papst Franziskus &#8211; 800 M\u00e4rtyrer und 2 Ordensfrauen Papst Franziskus hat bei seiner ersten Heiligsprechung 800 italienische M\u00e4rtyrer und zwei lateinamerikanische Ordensfrauen zur Ehre der Alt\u00e4re erhoben. Vor mehreren Zehntausend Menschen auf dem Petersplatz erinnerte er an Christen in aller Welt, die auch heute Gewalt oder Anfeindungen ausgesetzt seien. \u201cGott gebe ihnen Mut &hellip; <a href=\"https:\/\/website.ifit.li\/?p=2484\" class=\"more-link\"><span class=\"screen-reader-text\">Wie treu bin ich Christus? Lasse ich andere meinen Glauben sp\u00fcren, mit Respekt, aber auch Mut?<\/span> weiterlesen <span class=\"meta-nav\">&rarr;<\/span><\/a><\/p>\n","protected":false},"author":1,"featured_media":38303,"comment_status":"open","ping_status":"open","sticky":false,"template":"","format":"standard","meta":{"footnotes":""},"categories":[450,285,451],"tags":[183,220,384,217,264,232,187,280,223,173,201,103,31,240,388,88,58,286,520,394,376],"class_list":["post-2484","post","type-post","status-publish","format-standard","has-post-thumbnail","hentry","category-katholische-kirche","category-lehramt","category-liturgie","tag-abtreibung","tag-amt","tag-amtsverzicht-des-papstes","tag-christentum","tag-evangelium","tag-freude","tag-glauben","tag-gott-sohn-jesus-christus","tag-heiligkeit","tag-herz","tag-hoffnung","tag-jahr-des-glaubens","tag-liebe","tag-martyrium","tag-mut","tag-papst-benedikt-xvi","tag-papst-franziskus","tag-predigt","tag-regina-coeli","tag-schoenheit","tag-wort-gottes"],"_links":{"self":[{"href":"https:\/\/website.ifit.li\/index.php?rest_route=\/wp\/v2\/posts\/2484","targetHints":{"allow":["GET"]}}],"collection":[{"href":"https:\/\/website.ifit.li\/index.php?rest_route=\/wp\/v2\/posts"}],"about":[{"href":"https:\/\/website.ifit.li\/index.php?rest_route=\/wp\/v2\/types\/post"}],"author":[{"embeddable":true,"href":"https:\/\/website.ifit.li\/index.php?rest_route=\/wp\/v2\/users\/1"}],"replies":[{"embeddable":true,"href":"https:\/\/website.ifit.li\/index.php?rest_route=%2Fwp%2Fv2%2Fcomments&post=2484"}],"version-history":[{"count":3,"href":"https:\/\/website.ifit.li\/index.php?rest_route=\/wp\/v2\/posts\/2484\/revisions"}],"predecessor-version":[{"id":38304,"href":"https:\/\/website.ifit.li\/index.php?rest_route=\/wp\/v2\/posts\/2484\/revisions\/38304"}],"wp:featuredmedia":[{"embeddable":true,"href":"https:\/\/website.ifit.li\/index.php?rest_route=\/wp\/v2\/media\/38303"}],"wp:attachment":[{"href":"https:\/\/website.ifit.li\/index.php?rest_route=%2Fwp%2Fv2%2Fmedia&parent=2484"}],"wp:term":[{"taxonomy":"category","embeddable":true,"href":"https:\/\/website.ifit.li\/index.php?rest_route=%2Fwp%2Fv2%2Fcategories&post=2484"},{"taxonomy":"post_tag","embeddable":true,"href":"https:\/\/website.ifit.li\/index.php?rest_route=%2Fwp%2Fv2%2Ftags&post=2484"}],"curies":[{"name":"wp","href":"https:\/\/api.w.org\/{rel}","templated":true}]}}