{"id":2477,"date":"2013-05-10T22:49:13","date_gmt":"2013-05-10T21:49:13","guid":{"rendered":"http:\/\/ifit.ch\/?p=2477"},"modified":"2021-06-28T16:26:14","modified_gmt":"2021-06-28T14:26:14","slug":"ein-freudiger-mensch-ist-ein-sicherer-mensch-er-ist-sicher-das-christus-immer-bei-uns-ist","status":"publish","type":"post","link":"https:\/\/website.ifit.li\/?p=2477","title":{"rendered":"Ein freudiger Mensch ist ein sicherer Mensch, er ist sicher, dass Christus immer bei uns ist"},"content":{"rendered":"<h1>Papst Franziskus erkl\u00e4rt in der heiligen Messe von Santa Marta die Freude<\/h1>\n<p><a href=\"https:\/\/ml2mintiuscj.i.optimole.com\/w:auto\/h:auto\/q:mauto\/f:best\/https:\/\/website.ifit.li\/wp-content\/uploads\/2016\/11\/Generalaudienz-von-Papst-Franziskus-am-16.-November-2016.jpeg\"><img data-opt-id=1705477374  fetchpriority=\"high\" decoding=\"async\" class=\"alignleft  wp-image-7688\" src=\"https:\/\/ml2mintiuscj.i.optimole.com\/w:auto\/h:auto\/q:mauto\/f:best\/https:\/\/website.ifit.li\/wp-content\/uploads\/2016\/11\/Generalaudienz-von-Papst-Franziskus-am-16.-November-2016.jpeg\" alt=\"Bild: L?Osservatore Romano\" width=\"268\" height=\"179\" srcset=\"https:\/\/ml2mintiuscj.i.optimole.com\/w:800\/h:533\/q:mauto\/f:best\/https:\/\/website.ifit.li\/wp-content\/uploads\/2016\/11\/Generalaudienz-von-Papst-Franziskus-am-16.-November-2016.jpeg 800w, https:\/\/ml2mintiuscj.i.optimole.com\/w:300\/h:200\/q:mauto\/f:best\/https:\/\/website.ifit.li\/wp-content\/uploads\/2016\/11\/Generalaudienz-von-Papst-Franziskus-am-16.-November-2016.jpeg 300w, https:\/\/ml2mintiuscj.i.optimole.com\/w:768\/h:512\/q:mauto\/f:best\/https:\/\/website.ifit.li\/wp-content\/uploads\/2016\/11\/Generalaudienz-von-Papst-Franziskus-am-16.-November-2016.jpeg 768w\" sizes=\"(max-width: 268px) 100vw, 268px\" \/><\/a>\u201eChristen sind Menschen der Freude\u201c: Das war das Thema der Predigt von Papst Franziskus am Freitagmorgen, 10. Mai. Wie immer feierte er im G\u00e4stehaus Santa Marta mit Mitarbeitern des Vatikans, an diesem Freitag mit einer Gruppe von Radio Vatikan. Diese Freude der Christen m\u00fcsse man aber verstehen k\u00f6nnen, so der Papst.\u00a0\u201eWas ist das, diese Freude? Ist es Fr\u00f6hlichkeit? Nein: Es ist nicht dasselbe. Fr\u00f6hlich und heiter sein, ist gut, aber die Freude ist eine andere Sache, sie ist mehr. Sie ist nicht stimmungsabh\u00e4ngig, sie stammt nicht aus dem Moment, sondern sie geht viel tiefer. Sie ist ein Geschenk. Wenn wir die Fr\u00f6hlichkeit immer ausleben wollen, wird sie am Ende zu einer Leichtigkeit und Oberfl\u00e4chlichkeit, au\u00dferdem bringt sie mit sich einen Zustand, wo es an christlicher Weisheit fehlt, sie macht uns ein wenig dumm und einf\u00e4ltig. Alles fr\u00f6hlich und heiter? Nein. Die Freude ist eine andere Sache. Die Freude ist ein Geschenk des Herrn, sie erf\u00fcllt uns von innen her. Es ist wie eine Salbung durch den Heiligen Geist.\u201c\u00a0<!--more-->Ein freudiger Mensch sei ein sicherer Mensch, so der Papst, er sei sicher, das Jesus immer bei uns ist. Wie aber mit der Freude umgehen? Man k\u00f6nne sie ja schlecht haltbar machen und herumtragen. \u201eNein, denn wenn wir diese Freude nur f\u00fcr uns selbst haben wollen, wird sie krank und das Herz wird ein wenig zerknittert. Unser Gesicht strahlt dann nicht diese Freude aus, sondern eine Nostalgie, eine Melancholie, die nicht gesund ist. Manchmal haben diese melancholischen Christen ein Gesicht wie Chilischoten in Essig anstatt sich zu freuen und ein gutes Leben zu haben. Die Freude kann niemals fest werden, sie muss weitergehen. Die Freude ist eine pilgernde Tugend. Sie ist ein Geschenk, das sich bewegt, das auf dem Weg des Lebens geht, mit Jesus geht.\u201c Christen wollten diese Freude weitergeben, weil sie erf\u00fcllt von ihr seien \u2013 die Freude dr\u00e4nge sie, so der Papst weiter:\u00a0\u201eDer Christ ist gro\u00dfherzig, er darf kein Angsthase sein. Es ist genau diese Gro\u00dfherzigkeit, die uns den Atem gibt, die uns die Kraft des Vorw\u00e4rtsgehens gibt, erf\u00fcllt mit Heiligem Geist. Sie ist eine Gnade, die wir vom Herrn erbitten m\u00fcssen, diese Freude. Bitten wir den Herrn um diese Gnade, dieses Geschenk des Heiligen Geistes: Die christliche Freude, weit weg von der Traurigkeit, weit weg von der einfachen Fr\u00f6hlichkeit, sie ist etwas anderes. Sie ist eine zu erbittende Gnade.\u201c<br \/>\nEin besonderer Grund der Freude sei die Ankunft des Patriarchen von Alexandrien, Tawadros II., so Franziskus \u2013 weil er \u201eein Bruder\u201c sei, der in diesen Tagen nach Rom gekommen sei, \u201eum zu reden und ein St\u00fcck Weg gemeinsam zu gehen\u201c, so der Papst w\u00f6rtlich.<\/p>\n<h3>Weitere Hinweise und Quellen<\/h3>\n<ul>\n<li>Audio (MP3): Papst Franziskus erkl\u00e4rt in Santa Marta vor Mitarbeitern von Radio Vatikan die Freude vom 10. Mai 2013<audio class=\"wp-audio-shortcode\" id=\"audio-2477-1\" preload=\"none\" style=\"width: 100%;\" controls=\"controls\"><source type=\"audio\/mpeg\" src=\"https:\/\/website.ifit.li\/wp-content\/uploads\/2013\/05\/2013-05-10-Papst-Franziskus-erklaert-in-Santa-Marta-vor-Mitarbeitern-von-Radio-Vatikan-die-Freude.mp3?_=1\" \/><a href=\"https:\/\/website.ifit.li\/wp-content\/uploads\/2013\/05\/2013-05-10-Papst-Franziskus-erklaert-in-Santa-Marta-vor-Mitarbeitern-von-Radio-Vatikan-die-Freude.mp3\">https:\/\/website.ifit.li\/wp-content\/uploads\/2013\/05\/2013-05-10-Papst-Franziskus-erklaert-in-Santa-Marta-vor-Mitarbeitern-von-Radio-Vatikan-die-Freude.mp3<\/a><\/audio><\/li>\n<li>Originaltext: <a title=\"P. Hagenkord, Stefan Kempis, Radio Vatikan, Artikel 690763\" href=\"http:\/\/de.radiovaticana.va\/news\/2013\/05\/10\/mit_freude,_nicht_mit_sauren_gesichtern:_die_papstpredigt_vom_freitag\/ted-690763\" target=\"_blank\" rel=\"noopener noreferrer\">P. Hagenkord, Stefan Kempis, Radio Vatikan, Artikel 690763<\/a><\/li>\n<li>Apostolisches Schreiben von <a href=\"https:\/\/www.vatican.va\/content\/vatican\/de\/holy-father\/paolo-vi.html\" target=\"_blank\" rel=\"noopener\">Papst Paul VI.<\/a> (Kathpedia): <a title=\"Gaudete in domino\" href=\"http:\/\/kathpedia.de\/index.php?title=Gaudete_in_domino_(Wortlaut)\" target=\"_blank\" rel=\"noopener noreferrer\">Gaudete in domino<\/a><\/li>\n<li>Apostolisches Schreiben von <a href=\"https:\/\/www.vatican.va\/content\/vatican\/de\/holy-father\/paolo-vi.html\" target=\"_blank\" rel=\"noopener\">Papst Paul VI.<\/a>: <a href=\"https:\/\/www.vatican.va\/content\/paul-vi\/de\/apost_exhortations\/documents\/hf_p-vi_exh_19750509_gaudete-in-domino.html\" target=\"_blank\" rel=\"noopener\">Gaudete in Domino (9. Mai 1975, Deutsch)<\/a><\/li>\n<\/ul>\n","protected":false},"excerpt":{"rendered":"<p>Papst Franziskus erkl\u00e4rt in der heiligen Messe von Santa Marta die Freude \u201eChristen sind Menschen der Freude\u201c: Das war das Thema der Predigt von Papst Franziskus am Freitagmorgen, 10. Mai. Wie immer feierte er im G\u00e4stehaus Santa Marta mit Mitarbeitern des Vatikans, an diesem Freitag mit einer Gruppe von Radio Vatikan. Diese Freude der Christen &hellip; <a href=\"https:\/\/website.ifit.li\/?p=2477\" class=\"more-link\"><span class=\"screen-reader-text\">Ein freudiger Mensch ist ein sicherer Mensch, er ist sicher, dass Christus immer bei uns ist<\/span> weiterlesen <span class=\"meta-nav\">&rarr;<\/span><\/a><\/p>\n","protected":false},"author":1,"featured_media":0,"comment_status":"open","ping_status":"open","sticky":false,"template":"","format":"standard","meta":{"footnotes":""},"categories":[450,451],"tags":[421,217,207,232,229,279,173,58,286,219],"class_list":["post-2477","post","type-post","status-publish","format-standard","hentry","category-katholische-kirche","category-liturgie","tag-apostolisches-schreiben","tag-christentum","tag-eucharistie","tag-freude","tag-gnade","tag-gott-heiliger-geist","tag-herz","tag-papst-franziskus","tag-predigt","tag-weisheit"],"_links":{"self":[{"href":"https:\/\/website.ifit.li\/index.php?rest_route=\/wp\/v2\/posts\/2477","targetHints":{"allow":["GET"]}}],"collection":[{"href":"https:\/\/website.ifit.li\/index.php?rest_route=\/wp\/v2\/posts"}],"about":[{"href":"https:\/\/website.ifit.li\/index.php?rest_route=\/wp\/v2\/types\/post"}],"author":[{"embeddable":true,"href":"https:\/\/website.ifit.li\/index.php?rest_route=\/wp\/v2\/users\/1"}],"replies":[{"embeddable":true,"href":"https:\/\/website.ifit.li\/index.php?rest_route=%2Fwp%2Fv2%2Fcomments&post=2477"}],"version-history":[{"count":2,"href":"https:\/\/website.ifit.li\/index.php?rest_route=\/wp\/v2\/posts\/2477\/revisions"}],"predecessor-version":[{"id":38296,"href":"https:\/\/website.ifit.li\/index.php?rest_route=\/wp\/v2\/posts\/2477\/revisions\/38296"}],"wp:attachment":[{"href":"https:\/\/website.ifit.li\/index.php?rest_route=%2Fwp%2Fv2%2Fmedia&parent=2477"}],"wp:term":[{"taxonomy":"category","embeddable":true,"href":"https:\/\/website.ifit.li\/index.php?rest_route=%2Fwp%2Fv2%2Fcategories&post=2477"},{"taxonomy":"post_tag","embeddable":true,"href":"https:\/\/website.ifit.li\/index.php?rest_route=%2Fwp%2Fv2%2Ftags&post=2477"}],"curies":[{"name":"wp","href":"https:\/\/api.w.org\/{rel}","templated":true}]}}