{"id":2459,"date":"2013-05-02T20:30:40","date_gmt":"2013-05-02T18:30:40","guid":{"rendered":"http:\/\/ifit.ch\/?p=2459"},"modified":"2022-09-10T12:21:34","modified_gmt":"2022-09-10T10:21:34","slug":"nicht-ihr-habt-mich-erwahlt-sondern-ich-habe-euch-erwahlt-und-euch-dazu-bestimmt-dass-joh-1516","status":"publish","type":"post","link":"https:\/\/website.ifit.li\/?p=2459","title":{"rendered":"Nicht ihr habt mich erw\u00e4hlt, sondern ich habe euch erw\u00e4hlt und euch dazu bestimmt, dass&#8230; (Joh 15,16)"},"content":{"rendered":"<h1>Hintergrundbericht zum missverstandenen Thema\u00a0&#8218;Kirchenamt f\u00fcr Frauen&#8216;<\/h1>\n<figure id=\"attachment_6977\" aria-describedby=\"caption-attachment-6977\" style=\"width: 238px\" class=\"wp-caption alignleft\"><a href=\"https:\/\/ml2mintiuscj.i.optimole.com\/w:auto\/h:auto\/q:mauto\/f:best\/https:\/\/website.ifit.li\/wp-content\/uploads\/2016\/04\/Ordensschwestern-beim-Gebet.jpg\"><img data-opt-id=1267554998  fetchpriority=\"high\" decoding=\"async\" class=\" wp-image-6977\" src=\"https:\/\/ml2mintiuscj.i.optimole.com\/w:1024\/h:768\/q:mauto\/f:best\/https:\/\/website.ifit.li\/wp-content\/uploads\/2016\/04\/Ordensschwestern-beim-Gebet.jpg\" alt=\"Bild: Kirche in Not\" width=\"238\" height=\"180\" srcset=\"https:\/\/ml2mintiuscj.i.optimole.com\/w:1024\/h:768\/q:mauto\/f:best\/https:\/\/website.ifit.li\/wp-content\/uploads\/2016\/04\/Ordensschwestern-beim-Gebet.jpg 1024w, https:\/\/ml2mintiuscj.i.optimole.com\/w:300\/h:225\/q:mauto\/f:best\/https:\/\/website.ifit.li\/wp-content\/uploads\/2016\/04\/Ordensschwestern-beim-Gebet.jpg 300w, https:\/\/ml2mintiuscj.i.optimole.com\/w:768\/h:576\/q:mauto\/f:best\/https:\/\/website.ifit.li\/wp-content\/uploads\/2016\/04\/Ordensschwestern-beim-Gebet.jpg 768w\" sizes=\"(max-width: 238px) 100vw, 238px\" \/><\/a><figcaption id=\"caption-attachment-6977\" class=\"wp-caption-text\">Schwestern der Gemeinschaft \u201eDienerinnen der Unbefleckten Jungfrau Maria in Ruski Krstur, Serbien<\/figcaption><\/figure>\n<p>Sollte die katholische Kirche ein neues Amt einrichten f\u00fcr Frauen \u2013 etwa das der Gemeindehelferin? Oder sollten Frauen sogar Diakon werden k\u00f6nnen, ohne sakramentale Weihe oder mit einer Weihe? Die Debatte ist nach einer \u00c4u\u00dferung von Erzbischof Robert Zollitsch von Freiburg aufgekommen. Der Vorsitzende der Deutschen Bischofskonferenz hatte an diesem Wochenende Schlussfolgerungen aus der Di\u00f6zesanversammlung seines Erzbistums gezogen. Und dabei erkl\u00e4rte er, er werde f\u00fcr ein spezifisches Diakonenamt f\u00fcr Frauen eintreten. Das dreistufige Weiheamt in der Kirche steht nur M\u00e4nnern offen: Diakon, Priester, Bischof. Zollitsch hat klargemacht, dass es ihm nicht um die \u00d6ffnung des bestehenden Weihe-Diakonats f\u00fcr Frauen geht, sondern um ein Amt anderer Art. <!--more-->Dabei kann er sich auf den deutschen Kurienkardinal Walter Kasper berufen, der Ende Februar das Amt einer nicht-geweihten Gemeinde-Diakonin ins Gespr\u00e4ch gebracht hat. In der Sendung \u201eKreuzfeuer\u201c von Stefan Kempis h\u00f6ren Sie die Pro- und Contra-Argumente zum Thema &#171;Frauendiakonat&#187; und eine Einordnung der vatikanischen Glaubenskongregation. Wir lassen uns unter anderem von einem Mitarbeiter der vatikanischen Glaubenskongregation erkl\u00e4ren, was ein Diakon \u00fcberhaupt ist und darf. Das Interview mit Professorin Margareta Gruber stammt vom K\u00f6lner Domradio. Mit diesem Beitrag werden und sollen wieder einige Missverst\u00e4ndnisse klargestellt (werden).<\/p>\n<h2>Vertiefung (siehe MP3-Datei)<\/h2>\n<p>Was ist \u00fcberhaupt ein Diakon? Diese Frage beantwortet Monsignore John Kennedy, Beispiele von Diakonen sind der hl. Stephanus, der hl. Laurentius und der hl. Philippus.\u00a0Die deutsche Franziskanerin Margareta Gruber, Professorin f\u00fcr Neues Testament. Der Gehorsam gegen\u00fcber der Kirche\u00a0sei ein Glaubensakt, betont sie am Schluss des Gespr\u00e4chs! H\u00f6ren Sie die Audio MP3-Datei ab 6&#8242; 40&#8243; (Link siehe unten).<\/p>\n<h3>Weitere Hinweise und Quellen<\/h3>\n<ul>\n<li>Audio (MP3): Kirchenamt f\u00fcr Frauen &#8211; Hintergrundsendung von Radio Vatikan vom 2. Mai 2013<audio class=\"wp-audio-shortcode\" id=\"audio-2459-1\" preload=\"none\" style=\"width: 100%;\" controls=\"controls\"><source type=\"audio\/mpeg\" src=\"https:\/\/website.ifit.li\/wp-content\/uploads\/2013\/05\/2013-05-02-Kirchenamt-fuer-Frauen-Hintergrundsendung-von-Radio-Vatikan.mp3?_=1\" \/><a href=\"https:\/\/website.ifit.li\/wp-content\/uploads\/2013\/05\/2013-05-02-Kirchenamt-fuer-Frauen-Hintergrundsendung-von-Radio-Vatikan.mp3\">https:\/\/website.ifit.li\/wp-content\/uploads\/2013\/05\/2013-05-02-Kirchenamt-fuer-Frauen-Hintergrundsendung-von-Radio-Vatikan.mp3<\/a><\/audio><\/li>\n<li>Originaltext: <a title=\"Stefan von Kempis, Radio Vatikan, Artikel 688378\" href=\"http:\/\/de.radiovaticana.va\/news\/2013\/05\/02\/hintergrund:_kirchenamt_f\u00fcr_frauen\/ted-688378\" target=\"_blank\" rel=\"noopener noreferrer\">Stefan von Kempis, Radio Vatikan, Artikel 688378<\/a><\/li>\n<\/ul>\n","protected":false},"excerpt":{"rendered":"<p>Hintergrundbericht zum missverstandenen Thema\u00a0&#8218;Kirchenamt f\u00fcr Frauen&#8216; Sollte die katholische Kirche ein neues Amt einrichten f\u00fcr Frauen \u2013 etwa das der Gemeindehelferin? Oder sollten Frauen sogar Diakon werden k\u00f6nnen, ohne sakramentale Weihe oder mit einer Weihe? Die Debatte ist nach einer \u00c4u\u00dferung von Erzbischof Robert Zollitsch von Freiburg aufgekommen. Der Vorsitzende der Deutschen Bischofskonferenz hatte an &hellip; <a href=\"https:\/\/website.ifit.li\/?p=2459\" class=\"more-link\"><span class=\"screen-reader-text\">Nicht ihr habt mich erw\u00e4hlt, sondern ich habe euch erw\u00e4hlt und euch dazu bestimmt, dass&#8230; (Joh 15,16)<\/span> weiterlesen <span class=\"meta-nav\">&rarr;<\/span><\/a><\/p>\n","protected":false},"author":1,"featured_media":0,"comment_status":"closed","ping_status":"open","sticky":false,"template":"","format":"standard","meta":{"footnotes":""},"categories":[450,285,287],"tags":[220,265,407,184,266,187,185,128,254],"class_list":["post-2459","post","type-post","status-publish","format-standard","hentry","category-katholische-kirche","category-lehramt","category-theologie","tag-amt","tag-aemteranerkennung","tag-apostolizitaet-der-kirche","tag-bischofsweihe","tag-diakon","tag-glauben","tag-priestertum","tag-sakrament","tag-sendung"],"_links":{"self":[{"href":"https:\/\/website.ifit.li\/index.php?rest_route=\/wp\/v2\/posts\/2459","targetHints":{"allow":["GET"]}}],"collection":[{"href":"https:\/\/website.ifit.li\/index.php?rest_route=\/wp\/v2\/posts"}],"about":[{"href":"https:\/\/website.ifit.li\/index.php?rest_route=\/wp\/v2\/types\/post"}],"author":[{"embeddable":true,"href":"https:\/\/website.ifit.li\/index.php?rest_route=\/wp\/v2\/users\/1"}],"replies":[{"embeddable":true,"href":"https:\/\/website.ifit.li\/index.php?rest_route=%2Fwp%2Fv2%2Fcomments&post=2459"}],"version-history":[{"count":2,"href":"https:\/\/website.ifit.li\/index.php?rest_route=\/wp\/v2\/posts\/2459\/revisions"}],"predecessor-version":[{"id":38286,"href":"https:\/\/website.ifit.li\/index.php?rest_route=\/wp\/v2\/posts\/2459\/revisions\/38286"}],"wp:attachment":[{"href":"https:\/\/website.ifit.li\/index.php?rest_route=%2Fwp%2Fv2%2Fmedia&parent=2459"}],"wp:term":[{"taxonomy":"category","embeddable":true,"href":"https:\/\/website.ifit.li\/index.php?rest_route=%2Fwp%2Fv2%2Fcategories&post=2459"},{"taxonomy":"post_tag","embeddable":true,"href":"https:\/\/website.ifit.li\/index.php?rest_route=%2Fwp%2Fv2%2Ftags&post=2459"}],"curies":[{"name":"wp","href":"https:\/\/api.w.org\/{rel}","templated":true}]}}