{"id":2448,"date":"2013-05-06T17:10:51","date_gmt":"2013-05-06T15:10:51","guid":{"rendered":"http:\/\/ifit.ch\/?p=2448"},"modified":"2023-07-12T17:01:00","modified_gmt":"2023-07-12T15:01:00","slug":"das-christsein-ist-ohne-den-hl-geist-nicht-verstehbar-ohne-ihn-kein-christliches-leben","status":"publish","type":"post","link":"https:\/\/website.ifit.li\/?p=2448","title":{"rendered":"Das Christsein ist ohne den Hl. Geist nicht verstehbar, ohne IHN kein christliches Leben"},"content":{"rendered":"<h1>Papst Franziskus weist auf Christsein nicht ohne den Heiligen Geist<\/h1>\n<p><a href=\"https:\/\/ml2mintiuscj.i.optimole.com\/w:auto\/h:auto\/q:mauto\/f:best\/https:\/\/website.ifit.li\/wp-content\/uploads\/2016\/04\/Generalaudienz-vom-30.-März-2016-von-Papst-Franziskus.jpeg\"><img data-opt-id=82875284  fetchpriority=\"high\" decoding=\"async\" class=\"alignleft  wp-image-6927\" src=\"https:\/\/ml2mintiuscj.i.optimole.com\/w:auto\/h:auto\/q:mauto\/f:best\/https:\/\/website.ifit.li\/wp-content\/uploads\/2016\/04\/Generalaudienz-vom-30.-März-2016-von-Papst-Franziskus.jpeg\" alt=\"Bild: L'Osservatore Romano\" width=\"270\" height=\"180\" srcset=\"https:\/\/ml2mintiuscj.i.optimole.com\/w:800\/h:533\/q:mauto\/f:best\/https:\/\/website.ifit.li\/wp-content\/uploads\/2016\/04\/Generalaudienz-vom-30.-M\u00e4rz-2016-von-Papst-Franziskus.jpeg 800w, https:\/\/ml2mintiuscj.i.optimole.com\/w:300\/h:200\/q:mauto\/f:best\/https:\/\/website.ifit.li\/wp-content\/uploads\/2016\/04\/Generalaudienz-vom-30.-M\u00e4rz-2016-von-Papst-Franziskus.jpeg 300w, https:\/\/ml2mintiuscj.i.optimole.com\/w:768\/h:512\/q:mauto\/f:best\/https:\/\/website.ifit.li\/wp-content\/uploads\/2016\/04\/Generalaudienz-vom-30.-M\u00e4rz-2016-von-Papst-Franziskus.jpeg 768w\" sizes=\"(max-width: 270px) 100vw, 270px\" \/><\/a>Ohne das Geschenk des Heiligen Geistes kann es uns nicht gelingen, ein christliches Leben zu f\u00fchren: Er sei der Freund an unserer Seite, der uns sage, wo Jesus zu finden ist, der uns auf unserem Glaubensweg begleite und der uns erkl\u00e4re, was Jesus uns sagt. Das sagte Papst Franziskus am Montag, 6. Mai\u00a0bei der Predigt w\u00e4hrend der hl. Morgenmesse.\u00a0\u201eMan kann das Christsein nicht ohne den Heiligen Geist verstehen: Ohne ihn w\u00e4re das Leben nicht christlich. Es w\u00e4re ein religi\u00f6ses Leben, heidnisch oder fromm, das an Gott glaubt, aber ohne die Lebendigkeit, die Jesus f\u00fcr seine J\u00fcnger will. Und es ist der Heilige Geist, der uns diese Lebendigkeit gibt.\u201c\u00a0Zur Geltung komme der Geist im Gebet, vor allem in der \u00dcbung der Gewissenserforschung, die Christen am Ende eines Tages machen. Dies sei eine \u00dcbung, die viel Gutes bewirke, weil sie Gelegenheit gebe, die \u201eFruchtbarkeit des Osterfestes\u201c in uns zu entdecken und zu sehen, was der Herr alles f\u00fcr uns getan habe, so der Papst.\u00a0<!--more-->\u201eWir haben die Angewohnheit, uns vor dem Ende des Tages zu fragen: \u201aWas hat der Heilige Geist heute in mir getan? Was f\u00fcr ein Zeugnis hat er in mir abgelegt? Wie hat er gesprochen? Was hat er in mir angeregt?\u2019 [Red.: siehe <a title=\"Exerzitien im Alltag gem\u00e4ss Ignatius von Loyola\" href=\"https:\/\/website.ifit.li\/?p=5839\" target=\"_blank\" rel=\"noopener noreferrer\">Exerzitien im Alltag<\/a>] Es ist eine g\u00f6ttliche Pr\u00e4senz in uns, die uns weiterhilft auf unserem Lebensweg als Christen. Er m\u00f6ge uns schenken, wie wir im Gebet erbeten haben, dass uns in jedem Augenblick unseres Lebens die Fruchtbarkeit des Osterfestes vor Augen stehe. So sei es.\u201c<\/p>\n<h3>Weitere Hinweise und Quellen<\/h3>\n<ul>\n<li>Audio (MP3): Papst Franziskus weist in Santa Marta auf Christsein nicht ohne den Heiligen Geist vom 6. Mai 2013<audio class=\"wp-audio-shortcode\" id=\"audio-2448-1\" preload=\"none\" style=\"width: 100%;\" controls=\"controls\"><source type=\"audio\/mpeg\" src=\"https:\/\/website.ifit.li\/wp-content\/uploads\/2013\/05\/2013-05-06-Papst-Franziskus-weist-in-Santa-Marta-auf-Christsein-nicht-ohne-den-Heiligen-Geist.mp3?_=1\" \/><a href=\"https:\/\/website.ifit.li\/wp-content\/uploads\/2013\/05\/2013-05-06-Papst-Franziskus-weist-in-Santa-Marta-auf-Christsein-nicht-ohne-den-Heiligen-Geist.mp3\">https:\/\/website.ifit.li\/wp-content\/uploads\/2013\/05\/2013-05-06-Papst-Franziskus-weist-in-Santa-Marta-auf-Christsein-nicht-ohne-den-Heiligen-Geist.mp3<\/a><\/audio><\/li>\n<li>Originaltext: <a title=\"P. Bernd Hagenkord, Stefan von Kempis, Radio Vatikan, Artikel 689503\" href=\"http:\/\/de.radiovaticana.va\/news\/2013\/05\/06\/papst_franziskus:_kein_christsein_ohne_den_heiligen_geist\/ted-689503\" target=\"_blank\" rel=\"noopener noreferrer\">P. Bernd Hagenkord, Stefan von Kempis, Radio Vatikan, Artikel 689503<\/a><\/li>\n<\/ul>\n","protected":false},"excerpt":{"rendered":"<p>Papst Franziskus weist auf Christsein nicht ohne den Heiligen Geist Ohne das Geschenk des Heiligen Geistes kann es uns nicht gelingen, ein christliches Leben zu f\u00fchren: Er sei der Freund an unserer Seite, der uns sage, wo Jesus zu finden ist, der uns auf unserem Glaubensweg begleite und der uns erkl\u00e4re, was Jesus uns sagt. &hellip; <a href=\"https:\/\/website.ifit.li\/?p=2448\" class=\"more-link\"><span class=\"screen-reader-text\">Das Christsein ist ohne den Hl. Geist nicht verstehbar, ohne IHN kein christliches Leben<\/span> weiterlesen <span class=\"meta-nav\">&rarr;<\/span><\/a><\/p>\n","protected":false},"author":1,"featured_media":12209,"comment_status":"open","ping_status":"open","sticky":false,"template":"","format":"standard","meta":{"footnotes":""},"categories":[450,285,451],"tags":[246,217,207,62,239,230,280,279,208,58,286,128,61,189],"class_list":["post-2448","post","type-post","status-publish","format-standard","has-post-thumbnail","hentry","category-katholische-kirche","category-lehramt","category-liturgie","tag-auferstehung-jesu","tag-christentum","tag-eucharistie","tag-exerzitien","tag-firmung","tag-gebet","tag-gott-sohn-jesus-christus","tag-gott-heiliger-geist","tag-leben","tag-papst-franziskus","tag-predigt","tag-sakrament","tag-taufe","tag-tod"],"_links":{"self":[{"href":"https:\/\/website.ifit.li\/index.php?rest_route=\/wp\/v2\/posts\/2448","targetHints":{"allow":["GET"]}}],"collection":[{"href":"https:\/\/website.ifit.li\/index.php?rest_route=\/wp\/v2\/posts"}],"about":[{"href":"https:\/\/website.ifit.li\/index.php?rest_route=\/wp\/v2\/types\/post"}],"author":[{"embeddable":true,"href":"https:\/\/website.ifit.li\/index.php?rest_route=\/wp\/v2\/users\/1"}],"replies":[{"embeddable":true,"href":"https:\/\/website.ifit.li\/index.php?rest_route=%2Fwp%2Fv2%2Fcomments&post=2448"}],"version-history":[{"count":5,"href":"https:\/\/website.ifit.li\/index.php?rest_route=\/wp\/v2\/posts\/2448\/revisions"}],"predecessor-version":[{"id":39234,"href":"https:\/\/website.ifit.li\/index.php?rest_route=\/wp\/v2\/posts\/2448\/revisions\/39234"}],"wp:featuredmedia":[{"embeddable":true,"href":"https:\/\/website.ifit.li\/index.php?rest_route=\/wp\/v2\/media\/12209"}],"wp:attachment":[{"href":"https:\/\/website.ifit.li\/index.php?rest_route=%2Fwp%2Fv2%2Fmedia&parent=2448"}],"wp:term":[{"taxonomy":"category","embeddable":true,"href":"https:\/\/website.ifit.li\/index.php?rest_route=%2Fwp%2Fv2%2Fcategories&post=2448"},{"taxonomy":"post_tag","embeddable":true,"href":"https:\/\/website.ifit.li\/index.php?rest_route=%2Fwp%2Fv2%2Ftags&post=2448"}],"curies":[{"name":"wp","href":"https:\/\/api.w.org\/{rel}","templated":true}]}}