{"id":2439,"date":"2013-05-05T17:00:45","date_gmt":"2013-05-05T16:00:45","guid":{"rendered":"http:\/\/ifit.ch\/?p=2439"},"modified":"2021-06-28T15:17:50","modified_gmt":"2021-06-28T13:17:50","slug":"jede-christliche-gemeinschaft-ist-in-dem-mase-missionarisch-in-dem-sie-das-evangelium-bringt-und-lebt","status":"publish","type":"post","link":"https:\/\/website.ifit.li\/?p=2439","title":{"rendered":"Jede christliche Gemeinschaft ist in dem Ma\u00dfe missionarisch, in dem sie das Evangelium bringt und lebt"},"content":{"rendered":"<h2>Papst Franziskus feiert hl. Messe mit Bruderschaften auf dem Petersplatz<\/h2>\n<p><a href=\"https:\/\/ml2mintiuscj.i.optimole.com\/w:auto\/h:auto\/q:mauto\/f:best\/https:\/\/website.ifit.li\/wp-content\/uploads\/2016\/10\/Generalaudienz-von-Papst-Franziskus-am-5.-Oktober-2016.jpeg\"><img data-opt-id=1913115329  fetchpriority=\"high\" decoding=\"async\" class=\"alignleft  wp-image-7595\" src=\"https:\/\/ml2mintiuscj.i.optimole.com\/w:auto\/h:auto\/q:mauto\/f:best\/https:\/\/website.ifit.li\/wp-content\/uploads\/2016\/10\/Generalaudienz-von-Papst-Franziskus-am-5.-Oktober-2016.jpeg\" alt=\"Bild: L'Osservatore Romano\" width=\"248\" height=\"165\" srcset=\"https:\/\/ml2mintiuscj.i.optimole.com\/w:800\/h:533\/q:mauto\/f:best\/https:\/\/website.ifit.li\/wp-content\/uploads\/2016\/10\/Generalaudienz-von-Papst-Franziskus-am-5.-Oktober-2016.jpeg 800w, https:\/\/ml2mintiuscj.i.optimole.com\/w:300\/h:200\/q:mauto\/f:best\/https:\/\/website.ifit.li\/wp-content\/uploads\/2016\/10\/Generalaudienz-von-Papst-Franziskus-am-5.-Oktober-2016.jpeg 300w, https:\/\/ml2mintiuscj.i.optimole.com\/w:768\/h:512\/q:mauto\/f:best\/https:\/\/website.ifit.li\/wp-content\/uploads\/2016\/10\/Generalaudienz-von-Papst-Franziskus-am-5.-Oktober-2016.jpeg 768w\" sizes=\"(max-width: 248px) 100vw, 248px\" \/><\/a>Etwa 50.000 Angeh\u00f6rige katholischer Bruderschaften, darunter auch aus Deutschland, trafen sich auf Einladung des Vatikans zu einer internationalen Zusammenkunft in Rom. H\u00f6hepunkt des Treffens war am Sonntag, 5. Mai\u00a0die hl. Messe mit Papst Franziskus auf dem Petersplatz anl\u00e4sslich des \u201eJahres des Glaubens\u201c.\u00a0Mit den drei Begriffen <strong>Evangelientreue, Kirchlichkeit, Missionsstreben<\/strong> charakterisierte Papst Franziskus die Bruderschaften, mit denen er gemeinsam auf dem Petersplatz die hl. Eucharistie feierte. Trotz des Regens war der Platz voller Banner, Trachten, Kruzifixe und anderer Zeichen der Bruderschaften, Zeichen einer lebendigen Tradition der Kirche. <!--more-->Papst Franziskus:\u00a0\u201e\u00dcber Jahrhunderte sind die Bruderschaften Schmiede der Heiligkeit vieler Menschen gewesen, die in Einfachheit eine intensive Beziehung zum Herrn gelebt haben. Geht entschlossen den Weg der Heiligkeit; gebt euch nicht mit einem mittelm\u00e4\u00dfigen christlichen Leben zufrieden, sondern eure Zugeh\u00f6rigkeit sei vor allem f\u00fcr euch ein Ansporn, Jesus Christus mehr zu lieben.\u201c<\/p>\n<h2>Evangelientreue<\/h2>\n<p>Den ersten Begriff \u2013 Evangelientreue \u2013 griff Franziskus von seinem Vorg\u00e4nger im Papstamt auf.\u00a0\u201eWer Jesus, den Herrn, liebt, nimmt ihn und den Vater in seinem Innern auf, und dank dem Heiligen Geist empf\u00e4ngt er das Evangelium in seinem Herzen und in seinem Leben. Hier wird uns die Mitte gezeigt, von der alles ausgehen und zu der alles hinf\u00fchren muss: Gott lieben und J\u00fcnger Christi sein, indem man das Evangelium lebt. Benedikt XVI. hat euch gegen\u00fcber das Wort ,Evangelientreue\u2018 gebraucht. Liebe Bruderschaften, die Volksfr\u00f6mmigkeit, die in euch einen bedeutenden Ausdruck findet, ist ein Schatz, den die Kirche besitzt und den die lateinamerikanischen Bisch\u00f6fe bezeichnenderweise eine Spiritualit\u00e4t, eine Mystik genannt haben, die ein ,Raum der Begegnung mit Jesus Christus\u2018 ist.\u201c<\/p>\n<h2>Kirchlichkeit<\/h2>\n<p>Dieser \u201eRaum der Begegnung mit Christus\u201c charakterisiere sich durch die Pflege der Br\u00e4uche, die in ihrer Vielfalt auf dem Petersplatz zu sehen seien, so der Papst. Franziskus betonte aber auch, dass die Bruderschaften als Teil der Kirche leben \u2013 dies war der zweite Schwerpunkt seiner Predigt. Die Volksfr\u00f6mmigkeit sei legitimerweise, in der Kirche den Glauben zu leben, zitierte er ein Dokument der lateinamerikanischen Bisch\u00f6fe, an dem er selber mitgearbeitet hatte.<\/p>\n<h2>Missionsstreben<\/h2>\n<p>Drittens betonte der Papst, dass sich diese Ausdrucks- und Lebensformen des Glaubens nicht auf sich selbst beschr\u00e4nkten, sondern nach au\u00dfen Wirkung zeigen, er nannte dies das \u201eMissionsstreben\u201c. Die Bruderschaften haben hier einen besonderen Auftrag, so der Papst:\u00a0\u201eN\u00e4mlich die Beziehung zwischen dem Glauben und den Kulturen der V\u00f6lker, denen ihr angeh\u00f6rt, lebendig zu erhalten \u2013 ihr tut dies durch die Volksfr\u00f6mmigkeit.\u201c\u00a0Diese Volksfr\u00f6mmigkeit sei nicht etwas rein \u00c4u\u00dferliches, sondern ein Hinweis auf die Zentralit\u00e4t des \u00f6sterlichen Geheimnisses. Sie bezeuge f\u00fcr die jeweilige Umwelt, dass man ganz konkret mit dem eigenen Leben Christus nachfolgen k\u00f6nne. \u201eDiesen Glauben, der aus dem H\u00f6ren auf das Wort Gottes hervorgeht, bringt ihr in Formen zum Ausdruck, welche die Sinne, die Gef\u00fchle und die Symbole der verschiedenen Kulturen einbeziehen. Und auf diese Weise tragt ihr dazu bei, ihn den Menschen zu vermitteln, besonders den einfachen, denen, die Jesus im Evangelium ,die Kleinen\u2018 nennt.\u201c<br \/>\nWallfahren und Pilgern etwa sei bereits ein \u201eAkt der Evangelisierung\u201c, betonte der Papst. Und diese Aufgabe gab Franziskus den Bruderschaften auch neu mit auf den Weg:\u00a0\u201eJeder Christ und jede Gemeinschaft ist in dem Ma\u00dfe missionarisch, in dem sie das Evangelium bringt und lebt und die Liebe Gottes zu allen, besonders zu den Notleidenden bezeugt. Seid Missionare der z\u00e4rtlichen Liebe Gottes!\u201c<\/p>\n<h3>Weitere Hinweise und Quellen<\/h3>\n<ul>\n<li>Audio (MP3): Papst Franziskus feiert hl. Messe mit Bruderschaften auf dem Petersplatz vom 5. Mai 2013<audio class=\"wp-audio-shortcode\" id=\"audio-2439-1\" preload=\"none\" style=\"width: 100%;\" controls=\"controls\"><source type=\"audio\/mpeg\" src=\"https:\/\/website.ifit.li\/wp-content\/uploads\/2013\/05\/2013-05-05-Papst-Franziskus-feiert-hl.-Messe-mit-Bruderschaften-auf-dem-Petersplatz.mp3?_=1\" \/><a href=\"https:\/\/website.ifit.li\/wp-content\/uploads\/2013\/05\/2013-05-05-Papst-Franziskus-feiert-hl.-Messe-mit-Bruderschaften-auf-dem-Petersplatz.mp3\">https:\/\/website.ifit.li\/wp-content\/uploads\/2013\/05\/2013-05-05-Papst-Franziskus-feiert-hl.-Messe-mit-Bruderschaften-auf-dem-Petersplatz.mp3<\/a><\/audio><\/li>\n<li>Originaltext: <a title=\"P. Bernd Hagenkord, Radio Vatikan, Artikel 689298\" href=\"http:\/\/de.radiovaticana.va\/news\/2013\/05\/05\/papstmesse_mit_bruderschaften:_\u201eseid_missionare_der_z\u00e4rtlichen_lieb\/ted-689298\" target=\"_blank\" rel=\"noopener noreferrer\">P. Bernd Hagenkord, Radio Vatikan, Artikel 689298<\/a><\/li>\n<li>Papstpredigt im Volltext: <a title=\"R\u00e4ume der Begegnung mit Christus\" href=\"http:\/\/de.radiovaticana.va\/news\/2013\/05\/05\/r\u00e4ume_der_begegnung_mit_christus_-_die_papstpredigt_im_volltext\/ted-689273\" target=\"_blank\" rel=\"noopener noreferrer\">R\u00e4ume der Begegnung mit Christus<\/a><\/li>\n<\/ul>\n","protected":false},"excerpt":{"rendered":"<p>Papst Franziskus feiert hl. Messe mit Bruderschaften auf dem Petersplatz Etwa 50.000 Angeh\u00f6rige katholischer Bruderschaften, darunter auch aus Deutschland, trafen sich auf Einladung des Vatikans zu einer internationalen Zusammenkunft in Rom. H\u00f6hepunkt des Treffens war am Sonntag, 5. Mai\u00a0die hl. Messe mit Papst Franziskus auf dem Petersplatz anl\u00e4sslich des \u201eJahres des Glaubens\u201c.\u00a0Mit den drei Begriffen &hellip; <a href=\"https:\/\/website.ifit.li\/?p=2439\" class=\"more-link\"><span class=\"screen-reader-text\">Jede christliche Gemeinschaft ist in dem Ma\u00dfe missionarisch, in dem sie das Evangelium bringt und lebt<\/span> weiterlesen <span class=\"meta-nav\">&rarr;<\/span><\/a><\/p>\n","protected":false},"author":1,"featured_media":0,"comment_status":"open","ping_status":"open","sticky":false,"template":"","format":"standard","meta":{"footnotes":""},"categories":[450,285,451],"tags":[418,207,264,279,223,103,283,208,31,253,262,58,529,376],"class_list":["post-2439","post","type-post","status-publish","format-standard","hentry","category-katholische-kirche","category-lehramt","category-liturgie","tag-berufung-zur-heiligkeit","tag-eucharistie","tag-evangelium","tag-gott-heiliger-geist","tag-heiligkeit","tag-jahr-des-glaubens","tag-kirche","tag-leben","tag-liebe","tag-mission","tag-neuevangelisierung","tag-papst-franziskus","tag-tradition","tag-wort-gottes"],"_links":{"self":[{"href":"https:\/\/website.ifit.li\/index.php?rest_route=\/wp\/v2\/posts\/2439","targetHints":{"allow":["GET"]}}],"collection":[{"href":"https:\/\/website.ifit.li\/index.php?rest_route=\/wp\/v2\/posts"}],"about":[{"href":"https:\/\/website.ifit.li\/index.php?rest_route=\/wp\/v2\/types\/post"}],"author":[{"embeddable":true,"href":"https:\/\/website.ifit.li\/index.php?rest_route=\/wp\/v2\/users\/1"}],"replies":[{"embeddable":true,"href":"https:\/\/website.ifit.li\/index.php?rest_route=%2Fwp%2Fv2%2Fcomments&post=2439"}],"version-history":[{"count":2,"href":"https:\/\/website.ifit.li\/index.php?rest_route=\/wp\/v2\/posts\/2439\/revisions"}],"predecessor-version":[{"id":38277,"href":"https:\/\/website.ifit.li\/index.php?rest_route=\/wp\/v2\/posts\/2439\/revisions\/38277"}],"wp:attachment":[{"href":"https:\/\/website.ifit.li\/index.php?rest_route=%2Fwp%2Fv2%2Fmedia&parent=2439"}],"wp:term":[{"taxonomy":"category","embeddable":true,"href":"https:\/\/website.ifit.li\/index.php?rest_route=%2Fwp%2Fv2%2Fcategories&post=2439"},{"taxonomy":"post_tag","embeddable":true,"href":"https:\/\/website.ifit.li\/index.php?rest_route=%2Fwp%2Fv2%2Ftags&post=2439"}],"curies":[{"name":"wp","href":"https:\/\/api.w.org\/{rel}","templated":true}]}}