{"id":2428,"date":"2013-05-04T15:50:03","date_gmt":"2013-05-04T14:50:03","guid":{"rendered":"http:\/\/ifit.ch\/?p=2428"},"modified":"2021-06-28T15:12:57","modified_gmt":"2021-06-28T13:12:57","slug":"der-frieden-christi-ist-ein-wahres-geschenk-der-anwesenheit-gottes-mitten-in-seiner-kirche","status":"publish","type":"post","link":"https:\/\/website.ifit.li\/?p=2428","title":{"rendered":"Der Friede Christi ist ein wahres Geschenk der Anwesenheit Gottes &#8211; mitten in seiner Kirche"},"content":{"rendered":"<h1>Papst Franziskus warnt in Santa Marta bei der hl. Messe vor Verweltlichung<\/h1>\n<p><a href=\"https:\/\/ml2mintiuscj.i.optimole.com\/w:auto\/h:auto\/q:mauto\/f:best\/https:\/\/website.ifit.li\/wp-content\/uploads\/2016\/11\/Generalaudienz-von-Papst-Franziskus-am-9.-November-2016.jpeg\"><img data-opt-id=1224669734  fetchpriority=\"high\" decoding=\"async\" class=\"alignleft  wp-image-7663\" src=\"https:\/\/ml2mintiuscj.i.optimole.com\/w:auto\/h:auto\/q:mauto\/f:best\/https:\/\/website.ifit.li\/wp-content\/uploads\/2016\/11\/Generalaudienz-von-Papst-Franziskus-am-9.-November-2016.jpeg\" alt=\"Bild: L'Osservatore Romano\" width=\"278\" height=\"185\" srcset=\"https:\/\/ml2mintiuscj.i.optimole.com\/w:800\/h:532\/q:mauto\/f:best\/https:\/\/website.ifit.li\/wp-content\/uploads\/2016\/11\/Generalaudienz-von-Papst-Franziskus-am-9.-November-2016.jpeg 800w, https:\/\/ml2mintiuscj.i.optimole.com\/w:300\/h:200\/q:mauto\/f:best\/https:\/\/website.ifit.li\/wp-content\/uploads\/2016\/11\/Generalaudienz-von-Papst-Franziskus-am-9.-November-2016.jpeg 300w, https:\/\/ml2mintiuscj.i.optimole.com\/w:768\/h:511\/q:mauto\/f:best\/https:\/\/website.ifit.li\/wp-content\/uploads\/2016\/11\/Generalaudienz-von-Papst-Franziskus-am-9.-November-2016.jpeg 768w\" sizes=\"(max-width: 278px) 100vw, 278px\" \/><\/a>Papst Franziskus sieht in einer wachsenden Verweltlichung die gr\u00f6\u00dfte Gefahr f\u00fcr die katholische Kirche. Eine Kirche, die den \u201eGeist der Welt\u201c in sich trage, werde zu einer schwachen Kirche, sagte Franziskus am Dienstag, 4. Mai\u00a0bei der hl. Messe f\u00fcr Angestellte im G\u00e4stehaus Santa Marta im Vatikan. Die Kirche m\u00fcsse die Botschaft vom gekreuzigten Christus in den Mittelpunkt stellen. Er allein k\u00f6nne sie vor einer \u201eweltlichen Logik\u201c besch\u00fctzen. W\u00f6rtlich sagte der Papst: \u201eLasst uns die Kirche dem Herrn anvertrauen, die Alten, die Kranken, die Kinder, die Jugendlichen\u2026 Besch\u00fctze du, Herr, deine Kirche: Sie ist dein! Mit diesem Verhalten gibt er uns, inmitten aller Unruhen, diesen Frieden, den nur der Herr uns geben kann. <!--more-->Dieser Frieden, der ein wahres Geschenk der Anwesenheit Gottes mitten in seiner Kirche ist. Die Kirche, die in Not ist, dem Herrn anvertrauen\u2026 Es gibt sehr viele Plagen, zum Beispiel die Christenverfolgung\u2026 Ja, es gibt sie. Aber es gibt auch kleinere Plagen, wie zum Beispiel Krankheiten oder Probleme in der Familie\u2026 Lasst uns all das dem Herrn anvertrauen: Besch\u00fctze deine Kirche in der Not, damit sie nicht den Glauben verliert und die Hoffnung.\u201c\u00a0Wer auf diese Weise bete, sagte Franziskus, tue sich selbst und auch der Kirche Gutes. Dies gebe einem selbst und der Kirche Frieden. Es erl\u00f6se einen zwar nicht von den Plagen, aber es st\u00e4rke einen, sie zu \u00fcberstehen.<\/p>\n<h3>Weitere Hinweise und Quellen<\/h3>\n<ul>\n<li>Audio (MP3): Papst Franziskus warnt in Santa Marta vor Verweltlichung vom 4. Mai 2013<audio class=\"wp-audio-shortcode\" id=\"audio-2428-1\" preload=\"none\" style=\"width: 100%;\" controls=\"controls\"><source type=\"audio\/mpeg\" src=\"https:\/\/website.ifit.li\/wp-content\/uploads\/2013\/05\/2013-05-04-Papst-Franziskus-warnt-in-Santa-Marta-vor-Verweltlichung.mp3?_=1\" \/><a href=\"https:\/\/website.ifit.li\/wp-content\/uploads\/2013\/05\/2013-05-04-Papst-Franziskus-warnt-in-Santa-Marta-vor-Verweltlichung.mp3\">https:\/\/website.ifit.li\/wp-content\/uploads\/2013\/05\/2013-05-04-Papst-Franziskus-warnt-in-Santa-Marta-vor-Verweltlichung.mp3<\/a><\/audio><\/li>\n<li>Originaltext: <a title=\"Stefanie Stahlhofen, Radio Vatikan, Artikel 687755\" href=\"http:\/\/de.radiovaticana.va\/news\/2013\/04\/30\/papst_franziskus_warnt_vor_verweltlichung\/ted-687755\" target=\"_blank\" rel=\"noopener noreferrer\">Stefanie Stahlhofen, Radio Vatikan, Artikel 687755<\/a><\/li>\n<\/ul>\n","protected":false},"excerpt":{"rendered":"<p>Papst Franziskus warnt in Santa Marta bei der hl. Messe vor Verweltlichung Papst Franziskus sieht in einer wachsenden Verweltlichung die gr\u00f6\u00dfte Gefahr f\u00fcr die katholische Kirche. Eine Kirche, die den \u201eGeist der Welt\u201c in sich trage, werde zu einer schwachen Kirche, sagte Franziskus am Dienstag, 4. Mai\u00a0bei der hl. Messe f\u00fcr Angestellte im G\u00e4stehaus Santa &hellip; <a href=\"https:\/\/website.ifit.li\/?p=2428\" class=\"more-link\"><span class=\"screen-reader-text\">Der Friede Christi ist ein wahres Geschenk der Anwesenheit Gottes &#8211; mitten in seiner Kirche<\/span> weiterlesen <span class=\"meta-nav\">&rarr;<\/span><\/a><\/p>\n","protected":false},"author":1,"featured_media":0,"comment_status":"open","ping_status":"open","sticky":false,"template":"","format":"standard","meta":{"footnotes":""},"categories":[450,285,451],"tags":[207,215,187,280,279,201,283,58,286],"class_list":["post-2428","post","type-post","status-publish","format-standard","hentry","category-katholische-kirche","category-lehramt","category-liturgie","tag-eucharistie","tag-friede","tag-glauben","tag-gott-sohn-jesus-christus","tag-gott-heiliger-geist","tag-hoffnung","tag-kirche","tag-papst-franziskus","tag-predigt"],"_links":{"self":[{"href":"https:\/\/website.ifit.li\/index.php?rest_route=\/wp\/v2\/posts\/2428","targetHints":{"allow":["GET"]}}],"collection":[{"href":"https:\/\/website.ifit.li\/index.php?rest_route=\/wp\/v2\/posts"}],"about":[{"href":"https:\/\/website.ifit.li\/index.php?rest_route=\/wp\/v2\/types\/post"}],"author":[{"embeddable":true,"href":"https:\/\/website.ifit.li\/index.php?rest_route=\/wp\/v2\/users\/1"}],"replies":[{"embeddable":true,"href":"https:\/\/website.ifit.li\/index.php?rest_route=%2Fwp%2Fv2%2Fcomments&post=2428"}],"version-history":[{"count":2,"href":"https:\/\/website.ifit.li\/index.php?rest_route=\/wp\/v2\/posts\/2428\/revisions"}],"predecessor-version":[{"id":38274,"href":"https:\/\/website.ifit.li\/index.php?rest_route=\/wp\/v2\/posts\/2428\/revisions\/38274"}],"wp:attachment":[{"href":"https:\/\/website.ifit.li\/index.php?rest_route=%2Fwp%2Fv2%2Fmedia&parent=2428"}],"wp:term":[{"taxonomy":"category","embeddable":true,"href":"https:\/\/website.ifit.li\/index.php?rest_route=%2Fwp%2Fv2%2Fcategories&post=2428"},{"taxonomy":"post_tag","embeddable":true,"href":"https:\/\/website.ifit.li\/index.php?rest_route=%2Fwp%2Fv2%2Ftags&post=2428"}],"curies":[{"name":"wp","href":"https:\/\/api.w.org\/{rel}","templated":true}]}}