{"id":2404,"date":"2013-04-28T14:40:50","date_gmt":"2013-04-28T13:40:50","guid":{"rendered":"http:\/\/ifit.ch\/?p=2404"},"modified":"2021-06-27T17:32:46","modified_gmt":"2021-06-27T15:32:46","slug":"der-glaube-gibt-uns-den-mut-gegen-den-strom-zu-schwimmen-hort-gut-zu-liebe-jugendlichen-gegen-den-strom-schwimmen","status":"publish","type":"post","link":"https:\/\/website.ifit.li\/?p=2404","title":{"rendered":"Der Glaube gibt uns Mut, gegen den Strom zu schwimmen. H\u00f6rt gut zu, liebe Jugendliche: Gegen den Strom schwimmen!"},"content":{"rendered":"<h1>Papst Franziskus spendet 44 Firmlingen das Firmsakrament<\/h1>\n<p><a href=\"https:\/\/ml2mintiuscj.i.optimole.com\/w:auto\/h:auto\/q:mauto\/f:best\/https:\/\/website.ifit.li\/wp-content\/uploads\/2015\/12\/2015-12-08-Papst-Franziskus-erteilt-den-Schlusssegen-1183x782.png\"><img data-opt-id=976037940  fetchpriority=\"high\" decoding=\"async\" class=\"alignleft size-full wp-image-6468\" src=\"https:\/\/ml2mintiuscj.i.optimole.com\/w:1183\/h:782\/q:mauto\/f:best\/https:\/\/website.ifit.li\/wp-content\/uploads\/2015\/12\/2015-12-08-Papst-Franziskus-erteilt-den-Schlusssegen-1183x782.png\" alt=\"Bild: EWTN live\" width=\"775\" height=\"344\" srcset=\"https:\/\/ml2mintiuscj.i.optimole.com\/w:775\/h:1080\/q:mauto\/f:best\/https:\/\/website.ifit.li\/wp-content\/uploads\/2015\/12\/2015-12-08-Papst-Franziskus-erteilt-den-Schlusssegen-1183x782.png 775w, https:\/\/ml2mintiuscj.i.optimole.com\/w:300\/h:133\/q:mauto\/f:best\/https:\/\/website.ifit.li\/wp-content\/uploads\/2015\/12\/2015-12-08-Papst-Franziskus-erteilt-den-Schlusssegen-1183x782.png 300w\" sizes=\"(max-width: 474px) 100vw, 474px\" \/><\/a>Papst Franziskus hat am 5. Sonntag in der Osterzeit, 28. April,\u00a044 Jugendlichen und Erwachsenen aus aller Welt das Sakrament der Firmung gespendet. Rund 100.000 Menschen nahmen an der Messe teil, die vom P\u00e4pstlichen Rat zur Neuevangelisierung im Rahmen des \u201eJahres des Glaubens\u201c vorbereitet worden war.\u00a0Die Firmlinge im Alter von 11 bis 55 Jahren kamen vor allem aus L\u00e4ndern, in denen Christen unter schwierigen Bedingungen leben, wie Nigeria, der Demokratischen Republik Kongo oder dem Libanon. Unter den Kandidaten war aber auch ein Deutscher. Begleitet von ihren Firmpaten traten die Firmlinge einzeln vor dem Papst. Franziskus salbte ihnen die Stirn mit Chrisam-\u00d6l. Besser gesagt: er reibte sie regelrecht ein und tauschte mit jedem den Friedensgru\u00df. Die Neugefirmten verabschiedete er mit einem Kuss auf die Wange.\u00a0<!--more-->In seiner Predigt rief Franziskus die Firmlinge auf, zu ihrem Glauben zu stehen.\u00a0&#171;Der Glaube gibt uns den Mut, gegen den Strom zu schwimmen. H\u00f6rt gut zu, liebe Jugendlichen. Gegen den Strom schwimmen! Das tut dem Herzen gut, aber es braucht Mut, um gegen den Strom zu schwimmen. Es gibt keine Schwierigkeiten, Qualen, kein Unverst\u00e4ndnis, die uns Angst machen m\u00fcssen, wenn wir \u2013 wie die Rebe mit dem Weinstock \u2013 vereint mit Gott bleiben, wenn wir nicht die Freundschaft mit ihm verlieren, wenn wir ihm immer mehr Platz in unserem Leben einr\u00e4umen. Haben wir Vertrauen auf das Wirken Gottes! Mit ihm k\u00f6nnen wir Gro\u00dfes vollbringen; er wird uns die Freude f\u00fchlen lassen, seine J\u00fcnger und Zeugen zu sein.\u201c<br \/>\nEs sei notwendig, sich dem Wirken des Heiligen Geistes zu \u00f6ffnen, appellierte der Papst an die Firmlinge. Dieser mache alle Dinge neu, ver\u00e4ndere die Menschen und wolle durch sie die Welt ver\u00e4ndern. Demgegen\u00fcber seien weltliche Neuheiten provisorisch und verg\u00e4nglich. Das Neue, das Gott unserem Leben schenkt, sei endg\u00fcltig, so der Papst. Die Kirche und die einzelnen Gl\u00e4ubigen begegneten vielen Hindernissen in einer Welt, die die Christen nicht verstehe. Daneben gebe es auch Widerst\u00e4nde \u201ein unseren Herzen\u201c. Christen m\u00fcssten zulassen, dass der Geist Gottes Schattenseiten und Verhaltensweisen \u00e4ndere, die Gott nicht entspr\u00e4chen.<br \/>\nDie Firmung ist eines der sieben Sakramente. Mit ihm wird die Aufnahme in die katholische Kirche abgeschlossen. Der Priester legt dem Firmling die Hand auf und salbt mit Chrisam-\u00d6l ein Kreuz auf dessen Stirn.<\/p>\n<h3>Weitere Hinweise und Quellen<\/h3>\n<ul>\n<li>Audio (MP3): Papst Franziskus spendet 44 Firmlingen die heilige Firmung vom 27. April 2013<audio class=\"wp-audio-shortcode\" id=\"audio-2404-1\" preload=\"none\" style=\"width: 100%;\" controls=\"controls\"><source type=\"audio\/mpeg\" src=\"https:\/\/website.ifit.li\/wp-content\/uploads\/2013\/04\/2013-04-27-Papst-Franziskus-spendet-44-Firmlingen-die-heilige-Firmung.mp3?_=1\" \/><a href=\"https:\/\/website.ifit.li\/wp-content\/uploads\/2013\/04\/2013-04-27-Papst-Franziskus-spendet-44-Firmlingen-die-heilige-Firmung.mp3\">https:\/\/website.ifit.li\/wp-content\/uploads\/2013\/04\/2013-04-27-Papst-Franziskus-spendet-44-Firmlingen-die-heilige-Firmung.mp3<\/a><\/audio><\/li>\n<li>Originaltext: <a title=\"P. Max Cappabianca, Radio Vatikan, Artikel 687159\" href=\"http:\/\/de.radiovaticana.va\/news\/2013\/04\/28\/papst_spendet_44_jugendlichen_und_erwachsenen_das_firmsakrament\/ted-687159\" target=\"_blank\" rel=\"noopener noreferrer\">P. Max Cappabianca, Radio Vatikan, Artikel 687159<\/a><\/li>\n<li>Volltext: <a title=\"Die Predigt vor den Firmlingen, Radio Vatikan, Artikel 687282\" href=\"http:\/\/de.radiovaticana.va\/news\/2013\/04\/29\/die_predigt_vor_den_firmlingen_im_volltext\/ted-687282\">Die Predigt vor den Firmlingen, Radio Vatikan, Artikel 687282<\/a><\/li>\n<\/ul>\n","protected":false},"excerpt":{"rendered":"<p>Papst Franziskus spendet 44 Firmlingen das Firmsakrament Papst Franziskus hat am 5. Sonntag in der Osterzeit, 28. April,\u00a044 Jugendlichen und Erwachsenen aus aller Welt das Sakrament der Firmung gespendet. Rund 100.000 Menschen nahmen an der Messe teil, die vom P\u00e4pstlichen Rat zur Neuevangelisierung im Rahmen des \u201eJahres des Glaubens\u201c vorbereitet worden war.\u00a0Die Firmlinge im Alter &hellip; <a href=\"https:\/\/website.ifit.li\/?p=2404\" class=\"more-link\"><span class=\"screen-reader-text\">Der Glaube gibt uns Mut, gegen den Strom zu schwimmen. H\u00f6rt gut zu, liebe Jugendliche: Gegen den Strom schwimmen!<\/span> weiterlesen <span class=\"meta-nav\">&rarr;<\/span><\/a><\/p>\n","protected":false},"author":1,"featured_media":0,"comment_status":"open","ping_status":"open","sticky":false,"template":"","format":"standard","meta":{"footnotes":""},"categories":[450,285,451],"tags":[207,239,232,187,279,173,103,283,388,262,58,286,128],"class_list":["post-2404","post","type-post","status-publish","format-standard","hentry","category-katholische-kirche","category-lehramt","category-liturgie","tag-eucharistie","tag-firmung","tag-freude","tag-glauben","tag-gott-heiliger-geist","tag-herz","tag-jahr-des-glaubens","tag-kirche","tag-mut","tag-neuevangelisierung","tag-papst-franziskus","tag-predigt","tag-sakrament"],"_links":{"self":[{"href":"https:\/\/website.ifit.li\/index.php?rest_route=\/wp\/v2\/posts\/2404","targetHints":{"allow":["GET"]}}],"collection":[{"href":"https:\/\/website.ifit.li\/index.php?rest_route=\/wp\/v2\/posts"}],"about":[{"href":"https:\/\/website.ifit.li\/index.php?rest_route=\/wp\/v2\/types\/post"}],"author":[{"embeddable":true,"href":"https:\/\/website.ifit.li\/index.php?rest_route=\/wp\/v2\/users\/1"}],"replies":[{"embeddable":true,"href":"https:\/\/website.ifit.li\/index.php?rest_route=%2Fwp%2Fv2%2Fcomments&post=2404"}],"version-history":[{"count":2,"href":"https:\/\/website.ifit.li\/index.php?rest_route=\/wp\/v2\/posts\/2404\/revisions"}],"predecessor-version":[{"id":38271,"href":"https:\/\/website.ifit.li\/index.php?rest_route=\/wp\/v2\/posts\/2404\/revisions\/38271"}],"wp:attachment":[{"href":"https:\/\/website.ifit.li\/index.php?rest_route=%2Fwp%2Fv2%2Fmedia&parent=2404"}],"wp:term":[{"taxonomy":"category","embeddable":true,"href":"https:\/\/website.ifit.li\/index.php?rest_route=%2Fwp%2Fv2%2Fcategories&post=2404"},{"taxonomy":"post_tag","embeddable":true,"href":"https:\/\/website.ifit.li\/index.php?rest_route=%2Fwp%2Fv2%2Ftags&post=2404"}],"curies":[{"name":"wp","href":"https:\/\/api.w.org\/{rel}","templated":true}]}}