{"id":2384,"date":"2011-09-26T19:03:27","date_gmt":"2011-09-26T17:03:27","guid":{"rendered":"http:\/\/ifit.ch\/?p=2384"},"modified":"2023-10-30T11:22:01","modified_gmt":"2023-10-30T10:22:01","slug":"papst-benedikt-xvi-in-deutschland-im-jahr-2011","status":"publish","type":"post","link":"https:\/\/website.ifit.li\/?p=2384","title":{"rendered":"Papst Benedikt XVI. in Deutschland im Jahr 2011"},"content":{"rendered":"<h1>Pastoralreise 2011 von Papst Benedikt XVI in sein Heimatland<\/h1>\n<p><a href=\"https:\/\/website.ifit.li\/?attachment_id=6691\" rel=\"attachment wp-att-6691\"><img data-opt-id=86697286  fetchpriority=\"high\" decoding=\"async\" class=\"alignleft  wp-image-6691\" src=\"https:\/\/ml2mintiuscj.i.optimole.com\/w:1024\/h:651\/q:mauto\/f:best\/https:\/\/website.ifit.li\/wp-content\/uploads\/2011\/09\/Papst-Benedikt-XVI.-im-Bundestag-1.png\" alt=\"Bild: Phoenix vor Ort\" width=\"300\" height=\"191\" srcset=\"https:\/\/ml2mintiuscj.i.optimole.com\/w:1024\/h:651\/q:mauto\/f:best\/https:\/\/website.ifit.li\/wp-content\/uploads\/2011\/09\/Papst-Benedikt-XVI.-im-Bundestag-1.png 1024w, https:\/\/ml2mintiuscj.i.optimole.com\/w:300\/h:191\/q:mauto\/f:best\/https:\/\/website.ifit.li\/wp-content\/uploads\/2011\/09\/Papst-Benedikt-XVI.-im-Bundestag-1.png 300w, https:\/\/ml2mintiuscj.i.optimole.com\/w:768\/h:488\/q:mauto\/f:best\/https:\/\/website.ifit.li\/wp-content\/uploads\/2011\/09\/Papst-Benedikt-XVI.-im-Bundestag-1.png 768w, https:\/\/ml2mintiuscj.i.optimole.com\/w:1193\/h:758\/q:mauto\/f:best\/https:\/\/website.ifit.li\/wp-content\/uploads\/2011\/09\/Papst-Benedikt-XVI.-im-Bundestag-1.png 1193w\" sizes=\"(max-width: 300px) 100vw, 300px\" \/><\/a>Im Jahr 2011 reiste Papst Benedikt XVI. vom 22. bis 25. September in sein Heimatland Deutschland. Er hielt sich an verschiedenen Orten wie Berlin, Erfurt, Etzelsbach und Freiburg auf und hielt Ansprachen\/Predigten\/Reden am Bellevue, im Bundestag, im Olympiastation, an Flugh\u00e4fen (Ankunft, Angelus, Abschied), beim Zentralrat der Katholiken, bei den Muslimen, bei einer Vigil mit den Jugendlichen, bei Seminaristen und die ber\u00fchmte Rede an engagierte Katholiken in Freiburg. Die Zusammenstellung umfasst die wichtigsten\u00a0Ereignisse als bearbeite Blog-Artikel, d.h.\u00a0als Webseite\u00a0mit der dazugeh\u00f6rigen\u00a0Audiodatei (MP3). Die folgenden blauen Links sind sog. Hotlinks, bei denen beim Dr\u00fcberfahren mit der Maus der Titel des Blog-Artikels eingeblendet wird.<\/p>\n<h2>Bearbeitete Blog-Artikel mit Audiodatei (MP3)<\/h2>\n<p><a title=\"Auch der Mensch hat eine Natur, die er achten mu\u00df und die er nicht beliebig manipulieren kann\" href=\"https:\/\/website.ifit.li\/?p=6684\" target=\"_blank\" rel=\"noopener noreferrer\">22. September 2011: Bundestagsrede<\/a><br \/>\n<a title=\"In Christus bleiben heisst auch in der Kirche bleiben\" href=\"https:\/\/website.ifit.li\/?p=506\" target=\"_blank\" rel=\"noopener noreferrer\">22. September 2011: Predigt im Berliner Olympiastation<\/a><br \/>\n<a title=\"Nur wer Gott kennt, kennt den Menschen; ohne Erkenntnis Gottes wird der Mensch manipulierbar\" href=\"https:\/\/website.ifit.li\/?p=1446\" target=\"_blank\" rel=\"noopener noreferrer\">23. September 2011: Erfurter Rede zur\u00a0\u00d6kumene<\/a><br \/>\n<a title=\"Wenn Christus mich will, dann h\u00e4lt er mich auch, dann wird er immer da sein\" href=\"https:\/\/website.ifit.li\/?p=1390\" target=\"_blank\" rel=\"noopener noreferrer\">24. September 2011: Predigt an Seminaristen<\/a><br \/>\n<a title=\"Der Schaden der Kirche kommt nicht von ihren Gegnern, sondern von den lauen Christen\" href=\"https:\/\/website.ifit.li\/?p=1404\" target=\"_blank\" rel=\"noopener noreferrer\">24. September 2011: Vigil mit Jugendlichen<\/a><br \/>\n<a title=\"Der christliche Glaube ist f\u00fcr den Menschen allezeit, nicht erst in unserer Zeit, ein Skandal\" href=\"https:\/\/website.ifit.li\/?p=5491\" target=\"_blank\" rel=\"noopener noreferrer\">25. September 2011: Ber\u00fchmte Freiburger Rede<\/a><\/p>\n<h2>Unbearbeitete Originaltexte von Radio Vatikan mit Audio (MP3)<\/h2>\n<p>22. September 2011:\u00a0Bellevue<br \/>\n23. September 2011:\u00a0Etzelsbach<br \/>\n23. September 2011:\u00a0Muslime (nur Text)<br \/>\n24. September 2011:\u00a0Kardinal Lehmann<br \/>\n24. September 2011: <a href=\"https:\/\/website.ifit.li\/?attachment_id=37358\" target=\"_blank\" rel=\"attachment noopener wp-att-37358\">2011-09-24 Papst in D 2011 &#8211; ZdK (PDF)<\/a><\/p>\n<audio class=\"wp-audio-shortcode\" id=\"audio-2384-1\" preload=\"none\" style=\"width: 100%;\" controls=\"controls\"><source type=\"audio\/mpeg\" src=\"https:\/\/website.ifit.li\/wp-content\/uploads\/2011\/09\/2011-09-24-Papst-in-D-2011-ZdK.mp3?_=1\" \/><a href=\"https:\/\/website.ifit.li\/wp-content\/uploads\/2011\/09\/2011-09-24-Papst-in-D-2011-ZdK.mp3\">https:\/\/website.ifit.li\/wp-content\/uploads\/2011\/09\/2011-09-24-Papst-in-D-2011-ZdK.mp3<\/a><\/audio>\n<p>25. September 2011:\u00a0Flughafen Angelus<br \/>\n25. September 2011:\u00a0Abschied<br \/>\nDie unbearbeiteten Texte und\/oder zugeh\u00f6rigem MP3-Audio sind bei der Redaktion erh\u00e4ltlich. F\u00fcr eMail an den Webmaster klicke <a title=\"\u00dcber uns\" href=\"mailto:web@ifit.ch\" target=\"_blank\" rel=\"noopener noreferrer\">hier&#8230;<\/a><\/p>\n<h3>Weitere Hinweise und Quellen<\/h3>\n<p id=\"firstHeading\" class=\"firstHeading\" lang=\"de\"><a href=\"https:\/\/de.wikipedia.org\/wiki\/Papstbesuch_in_Deutschland_2011\" target=\"_blank\" rel=\"noopener\">Papstbesuch in Deutschland 2011<\/a> (Wikipedia)<\/p>\n","protected":false},"excerpt":{"rendered":"<p>Pastoralreise 2011 von Papst Benedikt XVI in sein Heimatland Im Jahr 2011 reiste Papst Benedikt XVI. vom 22. bis 25. September in sein Heimatland Deutschland. Er hielt sich an verschiedenen Orten wie Berlin, Erfurt, Etzelsbach und Freiburg auf und hielt Ansprachen\/Predigten\/Reden am Bellevue, im Bundestag, im Olympiastation, an Flugh\u00e4fen (Ankunft, Angelus, Abschied), beim Zentralrat der &hellip; <a href=\"https:\/\/website.ifit.li\/?p=2384\" class=\"more-link\"><span class=\"screen-reader-text\">Papst Benedikt XVI. in Deutschland im Jahr 2011<\/span> weiterlesen <span class=\"meta-nav\">&rarr;<\/span><\/a><\/p>\n","protected":false},"author":1,"featured_media":5582,"comment_status":"closed","ping_status":"open","sticky":false,"template":"","format":"standard","meta":{"footnotes":""},"categories":[450,285],"tags":[104,88,511],"class_list":["post-2384","post","type-post","status-publish","format-standard","has-post-thumbnail","hentry","category-katholische-kirche","category-lehramt","tag-katechese","tag-papst-benedikt-xvi","tag-papst-in-deutschland"],"_links":{"self":[{"href":"https:\/\/website.ifit.li\/index.php?rest_route=\/wp\/v2\/posts\/2384","targetHints":{"allow":["GET"]}}],"collection":[{"href":"https:\/\/website.ifit.li\/index.php?rest_route=\/wp\/v2\/posts"}],"about":[{"href":"https:\/\/website.ifit.li\/index.php?rest_route=\/wp\/v2\/types\/post"}],"author":[{"embeddable":true,"href":"https:\/\/website.ifit.li\/index.php?rest_route=\/wp\/v2\/users\/1"}],"replies":[{"embeddable":true,"href":"https:\/\/website.ifit.li\/index.php?rest_route=%2Fwp%2Fv2%2Fcomments&post=2384"}],"version-history":[{"count":7,"href":"https:\/\/website.ifit.li\/index.php?rest_route=\/wp\/v2\/posts\/2384\/revisions"}],"predecessor-version":[{"id":39254,"href":"https:\/\/website.ifit.li\/index.php?rest_route=\/wp\/v2\/posts\/2384\/revisions\/39254"}],"wp:featuredmedia":[{"embeddable":true,"href":"https:\/\/website.ifit.li\/index.php?rest_route=\/wp\/v2\/media\/5582"}],"wp:attachment":[{"href":"https:\/\/website.ifit.li\/index.php?rest_route=%2Fwp%2Fv2%2Fmedia&parent=2384"}],"wp:term":[{"taxonomy":"category","embeddable":true,"href":"https:\/\/website.ifit.li\/index.php?rest_route=%2Fwp%2Fv2%2Fcategories&post=2384"},{"taxonomy":"post_tag","embeddable":true,"href":"https:\/\/website.ifit.li\/index.php?rest_route=%2Fwp%2Fv2%2Ftags&post=2384"}],"curies":[{"name":"wp","href":"https:\/\/api.w.org\/{rel}","templated":true}]}}