{"id":2331,"date":"2013-04-21T19:00:31","date_gmt":"2013-04-21T17:00:31","guid":{"rendered":"http:\/\/ifit.ch\/?p=2331"},"modified":"2023-07-12T17:01:12","modified_gmt":"2023-07-12T15:01:12","slug":"das-wort-gottes-ist-nicht-euer-eigentum-und-die-kirche-huetet-das-wort-gottes","status":"publish","type":"post","link":"https:\/\/website.ifit.li\/?p=2331","title":{"rendered":"Das Wort Gottes ist nicht euer Eigentum und die Kirche h\u00fctet das Wort Gottes"},"content":{"rendered":"<h2>Papst Franziskus weiht zehn Seminaristen zu neuen Priestern<\/h2>\n<p><a href=\"https:\/\/ml2mintiuscj.i.optimole.com\/w:auto\/h:auto\/q:mauto\/f:best\/https:\/\/website.ifit.li\/wp-content\/uploads\/2015\/10\/Papst-Franziskus-mit-Evangelium.jpg\"><img data-opt-id=602495080  fetchpriority=\"high\" decoding=\"async\" class=\"alignleft size-full wp-image-6047\" src=\"https:\/\/ml2mintiuscj.i.optimole.com\/w:auto\/h:auto\/q:mauto\/f:best\/https:\/\/website.ifit.li\/wp-content\/uploads\/2015\/10\/Papst-Franziskus-mit-Evangelium.jpg\" alt=\"Bild: Aus dem Internet\" width=\"300\" height=\"168\" \/><\/a>Die wichtige Rolle der Frauen und der Katechisten f\u00fcr die Weitergabe des Glaubens hat Papst Franziskus am Sonntagvormittag, 21. April\u00a0in der Petersbasilika betont. Er zelebrierte die hl. Messe anl\u00e4sslich der Ordination von zehn Priesteramtsanw\u00e4rtern aus verschiedenen r\u00f6mischen Seminaren. Vor Beginn der Messfeier gesellte sich Papst Franziskus in der Sakristei zu den Seminaristen und betete gemeinsam mit ihnen um den Beistand der Gottesmutter Maria f\u00fcr sie. Die angehenden Presbyter im Alter von 26 bis 44 Jahren, unter ihnen auch ein Argentinier, wurden durch die Superioren ihrer jeweiligen Seminare begleitet, einzeln traten sie nach der Predigt des Papstes vor ihn und empfingen ihre Priesterweihe. Der Papst rief sie auf, das Wort Gottes stets weiter zu tragen:\u00a0\u201eWas nun euch betrifft, liebe Br\u00fcder und S\u00f6hne, die ihr in den Presbyterorden erhoben werdet, seid euch dessen bewusst, dass ihr in der Aus\u00fcbung des Amtes der Heiligen Doktrin an der Mission Christi, des einzigen Lehrmeisters, teilhaben werdet. <!--more-->Verk\u00fcndet allen dieses Wort Gottes, das ihr selbst mit Freude erhalten habt. Erinnert euch an eure M\u00fctter, eure Gro\u00dfm\u00fctter, eure Katechisten, die euch das Wort Gottes und dieses Geschenk des Glaubens \u00fcbergeben haben [\u2026]. Und erinnert euch auch daran, dass das Wort Gottes nicht euer Eigentum ist: es ist das Wort Gottes. Und die Kirche ist die H\u00fcterin des Wortes Gottes.\u201c<br \/>\nPapst Franziskus erinnerte die angehenden Priester daran, dass sie in Zukunft die Sakramente spenden werden, die das Volk Gottes anwachsen lassen \u2013 die Taufe \u2013 aber ihm auch Linderung von seinen Leiden verschaffen werden \u2013 durch das Bu\u00dfsakrament und die Krankensalbung. Dabei bat Papst Franziskus die Seminaristen vor allem um zwei Dinge:<\/p>\n<blockquote><p>&#171;Bitte, werdet nicht m\u00fcde, barmherzig zu sein. [\u2026] Habt keine Scheu, Z\u00e4rtlichkeit gegen\u00fcber den Alten zu zeigen. Mit der Feier der heiligen Riten und mit dem Aussprechen des Lobgebetes und des Bittgebetes zu den verschiedenen Stunden des Tages werdet ihr zur Stimme Gottes und der gesamten Menschheit. In der Gewissheit, unter den Menschen auserw\u00e4hlt worden zu sein und zu ihrem Wohl auf die Belange Gottes zu achten, sollt ihr mit Frohsinn und ehrlicher N\u00e4chstenliebe das priesterliche Werk Christi weiterf\u00fchren mit dem einzigen Ziel, Gott zu gefallen und nicht euch selbst. Seid Pastoren, keine Funktion\u00e4re. Seid Vermittler, keine Mittelsm\u00e4nner. [\u2026] Habt stets das Beispiel des Guten Hirten vor Augen, der nicht gekommen ist, um bedient zu werden, sondern um zu dienen und zu versuchen, das zu retten, was verloren war.&#187;<\/p><\/blockquote>\n<p>Die Ordination der neuen Priester an diesem 50. Welttag des Gebets f\u00fcr die Ordinationen war die erste Priesterweihe, die Papst Franziskus als Papst vorgenommen hat. Konzelebranten waren der r\u00f6mische Kardinalvikar Agostino Vallini sowie, unter anderen, die Weihbisch\u00f6fe Roms. Die Predigt des Papstes entsprach zu gro\u00dfen Teilen der traditionellen Predigt, die f\u00fcr Priesterweihen vorgesehen ist, wurde von ihm jedoch durch zahlreiche pers\u00f6nliche und spontan vorgetragene Elemente angereichert.<\/p>\n<h3>Weitere Hinweise und Quellen<\/h3>\n<ul>\n<li>Audio (MP3): Papst Franziskus weiht zehn Seminaristen zu neuen Priestern vom 21. April 2013<audio class=\"wp-audio-shortcode\" id=\"audio-2331-1\" preload=\"none\" style=\"width: 100%;\" controls=\"controls\"><source type=\"audio\/mpeg\" src=\"https:\/\/website.ifit.li\/wp-content\/uploads\/2013\/04\/2013-04-21-Papst-Franziskus-weiht-zehn-Seminaristen-zu-neuen-Priestern.mp3?_=1\" \/><a href=\"https:\/\/website.ifit.li\/wp-content\/uploads\/2013\/04\/2013-04-21-Papst-Franziskus-weiht-zehn-Seminaristen-zu-neuen-Priestern.mp3\">https:\/\/website.ifit.li\/wp-content\/uploads\/2013\/04\/2013-04-21-Papst-Franziskus-weiht-zehn-Seminaristen-zu-neuen-Priestern.mp3<\/a><\/audio><\/li>\n<li>Originaltext: <a title=\"Christine Seuss, Radio Vatikan, Artikel 685069\" href=\"http:\/\/de.radiovaticana.va\/news\/2013\/04\/21\/papst_franziskus_weiht_zehn_neue_priester\/ted-685069\" target=\"_blank\" rel=\"noopener noreferrer\">Christine Seuss,\u00a0Radio Vatikan, Artikel 685069<\/a><\/li>\n<\/ul>\n","protected":false},"excerpt":{"rendered":"<p>Papst Franziskus weiht zehn Seminaristen zu neuen Priestern Die wichtige Rolle der Frauen und der Katechisten f\u00fcr die Weitergabe des Glaubens hat Papst Franziskus am Sonntagvormittag, 21. April\u00a0in der Petersbasilika betont. Er zelebrierte die hl. Messe anl\u00e4sslich der Ordination von zehn Priesteramtsanw\u00e4rtern aus verschiedenen r\u00f6mischen Seminaren. Vor Beginn der Messfeier gesellte sich Papst Franziskus in &hellip; <a href=\"https:\/\/website.ifit.li\/?p=2331\" class=\"more-link\"><span class=\"screen-reader-text\">Das Wort Gottes ist nicht euer Eigentum und die Kirche h\u00fctet das Wort Gottes<\/span> weiterlesen <span class=\"meta-nav\">&rarr;<\/span><\/a><\/p>\n","protected":false},"author":1,"featured_media":37723,"comment_status":"open","ping_status":"open","sticky":false,"template":"","format":"standard","meta":{"footnotes":""},"categories":[450,285,451],"tags":[129,398,217,207,232,187,280,371,283,409,31,58,286,185,128,61,386,376],"class_list":["post-2331","post","type-post","status-publish","format-standard","has-post-thumbnail","hentry","category-katholische-kirche","category-lehramt","category-liturgie","tag-barmherzigkeit","tag-busssakrament","tag-christentum","tag-eucharistie","tag-freude","tag-glauben","tag-gott-sohn-jesus-christus","tag-gottesmutter-maria","tag-kirche","tag-krankensalbung","tag-liebe","tag-papst-franziskus","tag-predigt","tag-priestertum","tag-sakrament","tag-taufe","tag-volk-gottes","tag-wort-gottes"],"_links":{"self":[{"href":"https:\/\/website.ifit.li\/index.php?rest_route=\/wp\/v2\/posts\/2331","targetHints":{"allow":["GET"]}}],"collection":[{"href":"https:\/\/website.ifit.li\/index.php?rest_route=\/wp\/v2\/posts"}],"about":[{"href":"https:\/\/website.ifit.li\/index.php?rest_route=\/wp\/v2\/types\/post"}],"author":[{"embeddable":true,"href":"https:\/\/website.ifit.li\/index.php?rest_route=\/wp\/v2\/users\/1"}],"replies":[{"embeddable":true,"href":"https:\/\/website.ifit.li\/index.php?rest_route=%2Fwp%2Fv2%2Fcomments&post=2331"}],"version-history":[{"count":6,"href":"https:\/\/website.ifit.li\/index.php?rest_route=\/wp\/v2\/posts\/2331\/revisions"}],"predecessor-version":[{"id":39242,"href":"https:\/\/website.ifit.li\/index.php?rest_route=\/wp\/v2\/posts\/2331\/revisions\/39242"}],"wp:featuredmedia":[{"embeddable":true,"href":"https:\/\/website.ifit.li\/index.php?rest_route=\/wp\/v2\/media\/37723"}],"wp:attachment":[{"href":"https:\/\/website.ifit.li\/index.php?rest_route=%2Fwp%2Fv2%2Fmedia&parent=2331"}],"wp:term":[{"taxonomy":"category","embeddable":true,"href":"https:\/\/website.ifit.li\/index.php?rest_route=%2Fwp%2Fv2%2Fcategories&post=2331"},{"taxonomy":"post_tag","embeddable":true,"href":"https:\/\/website.ifit.li\/index.php?rest_route=%2Fwp%2Fv2%2Ftags&post=2331"}],"curies":[{"name":"wp","href":"https:\/\/api.w.org\/{rel}","templated":true}]}}