{"id":2262,"date":"2013-04-14T17:54:31","date_gmt":"2013-04-14T16:54:31","guid":{"rendered":"http:\/\/ifit.ch\/?p=2262"},"modified":"2021-06-24T17:51:04","modified_gmt":"2021-06-24T15:51:04","slug":"2262","status":"publish","type":"post","link":"https:\/\/website.ifit.li\/?p=2262","title":{"rendered":"Der Glaube der Christen beruht auf einer wirklichen Begegnung mit Jesus, die das Leben ver\u00e4ndert"},"content":{"rendered":"<h1>Ansprache Papst Franziskus beim Regina Coeli am 3. Sonntag in der Osterzeit<\/h1>\n<p><a href=\"https:\/\/ml2mintiuscj.i.optimole.com\/w:auto\/h:auto\/q:mauto\/f:best\/https:\/\/website.ifit.li\/wp-content\/uploads\/2016\/10\/Generalaudienz-von-Papst-Franziskus-am-26.-Oktober-2016.jpeg\"><img data-opt-id=1233891360  fetchpriority=\"high\" decoding=\"async\" class=\"alignleft  wp-image-7631\" src=\"https:\/\/ml2mintiuscj.i.optimole.com\/w:auto\/h:auto\/q:mauto\/f:best\/https:\/\/website.ifit.li\/wp-content\/uploads\/2016\/10\/Generalaudienz-von-Papst-Franziskus-am-26.-Oktober-2016.jpeg\" alt=\"L'Osservatore Romano\" width=\"244\" height=\"162\" srcset=\"https:\/\/ml2mintiuscj.i.optimole.com\/w:800\/h:532\/q:mauto\/f:best\/https:\/\/website.ifit.li\/wp-content\/uploads\/2016\/10\/Generalaudienz-von-Papst-Franziskus-am-26.-Oktober-2016.jpeg 800w, https:\/\/ml2mintiuscj.i.optimole.com\/w:300\/h:200\/q:mauto\/f:best\/https:\/\/website.ifit.li\/wp-content\/uploads\/2016\/10\/Generalaudienz-von-Papst-Franziskus-am-26.-Oktober-2016.jpeg 300w, https:\/\/ml2mintiuscj.i.optimole.com\/w:768\/h:511\/q:mauto\/f:best\/https:\/\/website.ifit.li\/wp-content\/uploads\/2016\/10\/Generalaudienz-von-Papst-Franziskus-am-26.-Oktober-2016.jpeg 768w\" sizes=\"(max-width: 244px) 100vw, 244px\" \/><\/a>Der Glaube der Christen beruht auf einer wirklichen Begegnung mit Jesus, die das Leben ver\u00e4ndert. Das sagte Papst Franziskus am Sonntag, 14. April bei seinem \u00f6sterlichen Mittagsgebet vor etwa 80.000 Menschen auf dem Petersplatz. Die Apostel seien \u201eeinfache Leute, keine Schriftgelehrten\u201c gewesen, und doch h\u00e4tten sie \u201etrotz aller Hindernisse und Gewalt die Freude und den Mut zur Verk\u00fcndigung\u201c gehabt, so der Papst. \u201eWie konnten sie mit ihren Grenzen und gegen den Widerstand der Beh\u00f6rden Jerusalem mit ihrer Lehre \u00fcberschwemmen? Es ist klar, dass nur der Beistand des auferstandenen Herrn und das Wirken des Heiligen Geistes diese Tatsache erkl\u00e4ren k\u00f6nnen. <!--more-->Der Glaube ruhte auf einer so starken und pers\u00f6nlichen Erfahrung des vom Tod erstandenen Christus, dass sie vor nichts und niemandem Angst hatten!\u201c\u00a0Die Geschichte der ersten christlichen Gemeinde halte eine wichtige Lehre \u201ef\u00fcr die Kirche aller Zeiten\u201c bereit, so Papst Franziskus: \u201eWenn jemand wirklich Jesus Christus kennenlernt und an ihn glaubt, dann erlebt er seine Pr\u00e4senz im Leben und die Kraft seiner Auferstehung, und er kann gar nicht anders, als anderen diese Erfahrung weiterzugeben. Und wenn er auf Unverst\u00e4ndnis oder Gegnerschaft trifft, dann macht er es wie Jesus in seiner Passion: Er antwortet mit Liebe und mit der Kraft der Wahrheit.\u201c\u00a0Der Papst betete beim Regina Coeli \u201ebesonders f\u00fcr die Christen, die verfolgt werden\u201c: Es seien \u201esehr viele, in vielen L\u00e4ndern\u201c.<\/p>\n<h3>Weitere Hinweise und Quellen<\/h3>\n<ul>\n<li>Audio (MP3): Ansprache von Papst Franziskus beim Regina Coeli am 3. Sonntag in der Osterzeit vom 14. April 2013<audio class=\"wp-audio-shortcode\" id=\"audio-2262-1\" preload=\"none\" style=\"width: 100%;\" controls=\"controls\"><source type=\"audio\/mpeg\" src=\"https:\/\/website.ifit.li\/wp-content\/uploads\/2013\/04\/2013-04-14-Ansprache-von-Papst-Franziskus-beim-Regina-Coeli-am-3.-Sonntag-in-der-Osterzeit.mp3?_=1\" \/><a href=\"https:\/\/website.ifit.li\/wp-content\/uploads\/2013\/04\/2013-04-14-Ansprache-von-Papst-Franziskus-beim-Regina-Coeli-am-3.-Sonntag-in-der-Osterzeit.mp3\">https:\/\/website.ifit.li\/wp-content\/uploads\/2013\/04\/2013-04-14-Ansprache-von-Papst-Franziskus-beim-Regina-Coeli-am-3.-Sonntag-in-der-Osterzeit.mp3<\/a><\/audio><\/li>\n<li>Originaltext: <a title=\"Stefan von Kempis, Radio Vatikan, Artikel 682742\" href=\"http:\/\/de.radiovaticana.va\/news\/2013\/04\/14\/papst_betet_f\u00fcr_verfolgte_christen\/ted-682742\" target=\"_blank\" rel=\"noopener noreferrer\">Stefan von Kempis, Radio Vatikan, Artikel 682742<\/a><\/li>\n<\/ul>\n","protected":false},"excerpt":{"rendered":"<p>Ansprache Papst Franziskus beim Regina Coeli am 3. Sonntag in der Osterzeit Der Glaube der Christen beruht auf einer wirklichen Begegnung mit Jesus, die das Leben ver\u00e4ndert. Das sagte Papst Franziskus am Sonntag, 14. April bei seinem \u00f6sterlichen Mittagsgebet vor etwa 80.000 Menschen auf dem Petersplatz. Die Apostel seien \u201eeinfache Leute, keine Schriftgelehrten\u201c gewesen, und &hellip; <a href=\"https:\/\/website.ifit.li\/?p=2262\" class=\"more-link\"><span class=\"screen-reader-text\">Der Glaube der Christen beruht auf einer wirklichen Begegnung mit Jesus, die das Leben ver\u00e4ndert<\/span> weiterlesen <span class=\"meta-nav\">&rarr;<\/span><\/a><\/p>\n","protected":false},"author":1,"featured_media":0,"comment_status":"open","ping_status":"open","sticky":false,"template":"","format":"standard","meta":{"footnotes":""},"categories":[450,285,451],"tags":[372,246,217,232,187,280,279,103,283,208,31,58,189,186],"class_list":["post-2262","post","type-post","status-publish","format-standard","hentry","category-katholische-kirche","category-lehramt","category-liturgie","tag-angelus","tag-auferstehung-jesu","tag-christentum","tag-freude","tag-glauben","tag-gott-sohn-jesus-christus","tag-gott-heiliger-geist","tag-jahr-des-glaubens","tag-kirche","tag-leben","tag-liebe","tag-papst-franziskus","tag-tod","tag-wahrheit"],"_links":{"self":[{"href":"https:\/\/website.ifit.li\/index.php?rest_route=\/wp\/v2\/posts\/2262","targetHints":{"allow":["GET"]}}],"collection":[{"href":"https:\/\/website.ifit.li\/index.php?rest_route=\/wp\/v2\/posts"}],"about":[{"href":"https:\/\/website.ifit.li\/index.php?rest_route=\/wp\/v2\/types\/post"}],"author":[{"embeddable":true,"href":"https:\/\/website.ifit.li\/index.php?rest_route=\/wp\/v2\/users\/1"}],"replies":[{"embeddable":true,"href":"https:\/\/website.ifit.li\/index.php?rest_route=%2Fwp%2Fv2%2Fcomments&post=2262"}],"version-history":[{"count":2,"href":"https:\/\/website.ifit.li\/index.php?rest_route=\/wp\/v2\/posts\/2262\/revisions"}],"predecessor-version":[{"id":38247,"href":"https:\/\/website.ifit.li\/index.php?rest_route=\/wp\/v2\/posts\/2262\/revisions\/38247"}],"wp:attachment":[{"href":"https:\/\/website.ifit.li\/index.php?rest_route=%2Fwp%2Fv2%2Fmedia&parent=2262"}],"wp:term":[{"taxonomy":"category","embeddable":true,"href":"https:\/\/website.ifit.li\/index.php?rest_route=%2Fwp%2Fv2%2Fcategories&post=2262"},{"taxonomy":"post_tag","embeddable":true,"href":"https:\/\/website.ifit.li\/index.php?rest_route=%2Fwp%2Fv2%2Ftags&post=2262"}],"curies":[{"name":"wp","href":"https:\/\/api.w.org\/{rel}","templated":true}]}}