{"id":2249,"date":"2013-04-16T22:03:33","date_gmt":"2013-04-16T20:03:33","guid":{"rendered":"http:\/\/ifit.ch\/?p=2249"},"modified":"2023-01-05T11:05:07","modified_gmt":"2023-01-05T10:05:07","slug":"gott-der-heilige-geist-weht-wo-er-will-er-gibt-uns-freiheit-trost-und-kraft-zum-vorwartsgehen","status":"publish","type":"post","link":"https:\/\/website.ifit.li\/?p=2249","title":{"rendered":"Gott der Heilige Geist weht, wo ER will, ER gibt uns Freiheit, Trost und Kraft zum Vorw\u00e4rtsgehen"},"content":{"rendered":"<h1>Papst Franziskus zur Umsetzung des Zweiten Vatikanischen Konzils<\/h1>\n<p><a href=\"https:\/\/ml2mintiuscj.i.optimole.com\/w:auto\/h:auto\/q:mauto\/f:best\/https:\/\/website.ifit.li\/wp-content\/uploads\/2016\/11\/Generalaudienz-von-Papst-Franziskus-am-16.-November-2016.jpeg\"><img data-opt-id=1705477374  fetchpriority=\"high\" decoding=\"async\" class=\"alignleft  wp-image-7688\" src=\"https:\/\/ml2mintiuscj.i.optimole.com\/w:auto\/h:auto\/q:mauto\/f:best\/https:\/\/website.ifit.li\/wp-content\/uploads\/2016\/11\/Generalaudienz-von-Papst-Franziskus-am-16.-November-2016.jpeg\" alt=\"Bild: L?Osservatore Romano\" width=\"250\" height=\"167\" srcset=\"https:\/\/ml2mintiuscj.i.optimole.com\/w:800\/h:533\/q:mauto\/f:best\/https:\/\/website.ifit.li\/wp-content\/uploads\/2016\/11\/Generalaudienz-von-Papst-Franziskus-am-16.-November-2016.jpeg 800w, https:\/\/ml2mintiuscj.i.optimole.com\/w:300\/h:200\/q:mauto\/f:best\/https:\/\/website.ifit.li\/wp-content\/uploads\/2016\/11\/Generalaudienz-von-Papst-Franziskus-am-16.-November-2016.jpeg 300w, https:\/\/ml2mintiuscj.i.optimole.com\/w:768\/h:512\/q:mauto\/f:best\/https:\/\/website.ifit.li\/wp-content\/uploads\/2016\/11\/Generalaudienz-von-Papst-Franziskus-am-16.-November-2016.jpeg 768w\" sizes=\"(max-width: 250px) 100vw, 250px\" \/><\/a>Papst Franziskus hat in seiner Predigt am Dienstagmorgen, 16. April\u00a0deutlich Stellung bezogen und die mangelhafte Umsetzung des Zweiten Vatikanischen Konzils beklagt. Das sei vor allem ein geistliches Problem, so der Papst:\u00a0\u201eUm es klar zu sagen: Der Heilige Geist ist f\u00fcr uns eine Bel\u00e4stigung. Er bewegt uns, er l\u00e4sst uns unterwegs sein, er dr\u00e4ngt die Kirche, weiter zu gehen. Aber wir sind wie Petrus bei der Verkl\u00e4rung, \u201aAh, wie sch\u00f6n ist es doch, gemeinsam hier zu sein.\u2019 Das fordert uns aber nicht heraus. Wir wollen, dass der Heilige Geist sich beruhigt, wir wollen ihn z\u00e4hmen. Aber das geht nicht. Denn er ist Gott und ist wie der Wind, der weht, wo er will. Er ist die Kraft Gottes, der uns Trost gibt und auch die Kraft, vorw\u00e4rts zu gehen. Es ist dieses \u201aVorw\u00e4rts gehen\u2019, das f\u00fcr uns so anstrengend ist. Die Bequemlichkeit gef\u00e4llt uns viel besser.\u201c\u00a0<!--more-->Wir seien heute viel zu zufrieden mit der angeblichen Anwesenheit des Heiligen Geistes, und diese Zufriedenheit sei eine Versuchung. Das gelte zum Beispiel mit Blick auf das Konzil:\u00a0\u201eDas Konzil war ein gro\u00dfartiges Werk des Heiligen Geistes. Denkt an Papst Johannes: Er schien ein guter Pfarrer zu sein, aber er war dem Heiligen Geist gehorsam und hat dieses Konzil begonnen. Aber heute, 50 Jahre danach, m\u00fcssen wir uns fragen: Haben wir da all das getan, was uns der Heilige Geist im Konzil gesagt hat? In der Kontinuit\u00e4t und im Wachstum der Kirche, ist da das Konzil zu sp\u00fcren gewesen? Nein, im Gegenteil: Wir feiern dieses Jubil\u00e4um und es scheint, dass wir dem Konzil ein Denkmal bauen, aber eines, das nicht unbequem ist, das uns nicht st\u00f6rt. Wir wollen uns nicht ver\u00e4ndern und es gibt sogar auch Stimmen, die gar nicht vorw\u00e4rts wollen, sondern zur\u00fcck: Das ist dickk\u00f6pfig, das ist der Versuch, den Heiligen Geist zu z\u00e4hmen. So bekommt man t\u00f6richte und lahme Herzen.\u201c<br \/>\nDasselbe gelte f\u00fcr das eigene geistliche Leben: Der Heilige Geist dr\u00e4nge zu einem Leben gem\u00e4\u00df dem Evangelium, aber wir seien zu bequem, wir widersetzten uns dem. Dem Heiligen Geist d\u00fcrfe man sich aber nicht widersetzen, denn er mache die Menschen frei, er gebe ihnen die Freiheit der Kinder Gottes und bringe sie auf dem rechten Weg voran.<\/p>\n<h2>Geburtstagsmesse f\u00fcr Benedikt XVI.<\/h2>\n<p>Papst Franziskus feierte die Messe anl\u00e4sslich des 86. Geburtstages f\u00fcr Benedikt XVI. Zum Beginn des Gottesdienstes, den der Papst mit einigen Mitarbeitern des Governatorats des Vatikanstaates in der Kapelle des G\u00e4stehauses Santa Marta feierte, sagte Franziskus:\u00a0\u201eHeute ist der Geburtstag von Benedikt XVI., feiern wir diese Messe f\u00fcr ihn, damit der Herr mit ihm sei, ihm Trost spende und ihm Halt gebe!\u201c<\/p>\n<h3>Weitere Hinweise und Quellen<\/h3>\n<ul>\n<li>Originaltext (Link vergriffen): Radio Vatikan, Artikel 683281<\/li>\n<li>Radio Vatikan Archiv (ohne Audio MP3): <a href=\"https:\/\/www.archivioradiovaticana.va\/storico\/2013\/04\/16\/papst_franziskus_bem%C3%A4ngelt_umsetzung_des_zweiten_vatikanums\/ted-683281\" target=\"_blank\" rel=\"noopener\"><span id=\"content\">Papst Franziskus bem\u00e4ngelt Umsetzung des Zweiten Vatikanums<\/span><\/a><\/li>\n<\/ul>\n","protected":false},"excerpt":{"rendered":"<p>Papst Franziskus zur Umsetzung des Zweiten Vatikanischen Konzils Papst Franziskus hat in seiner Predigt am Dienstagmorgen, 16. April\u00a0deutlich Stellung bezogen und die mangelhafte Umsetzung des Zweiten Vatikanischen Konzils beklagt. Das sei vor allem ein geistliches Problem, so der Papst:\u00a0\u201eUm es klar zu sagen: Der Heilige Geist ist f\u00fcr uns eine Bel\u00e4stigung. Er bewegt uns, er &hellip; <a href=\"https:\/\/website.ifit.li\/?p=2249\" class=\"more-link\"><span class=\"screen-reader-text\">Gott der Heilige Geist weht, wo ER will, ER gibt uns Freiheit, Trost und Kraft zum Vorw\u00e4rtsgehen<\/span> weiterlesen <span class=\"meta-nav\">&rarr;<\/span><\/a><\/p>\n","protected":false},"author":1,"featured_media":0,"comment_status":"closed","ping_status":"open","sticky":false,"template":"","format":"standard","meta":{"footnotes":""},"categories":[450,285,451,287],"tags":[234,278,279,283,262,58,363],"class_list":["post-2249","post","type-post","status-publish","format-standard","hentry","category-katholische-kirche","category-lehramt","category-liturgie","category-theologie","tag-dreifaltigkeit","tag-freiheit","tag-gott-heiliger-geist","tag-kirche","tag-neuevangelisierung","tag-papst-franziskus","tag-zweites-vatikanisches-konzil"],"_links":{"self":[{"href":"https:\/\/website.ifit.li\/index.php?rest_route=\/wp\/v2\/posts\/2249","targetHints":{"allow":["GET"]}}],"collection":[{"href":"https:\/\/website.ifit.li\/index.php?rest_route=\/wp\/v2\/posts"}],"about":[{"href":"https:\/\/website.ifit.li\/index.php?rest_route=\/wp\/v2\/types\/post"}],"author":[{"embeddable":true,"href":"https:\/\/website.ifit.li\/index.php?rest_route=\/wp\/v2\/users\/1"}],"replies":[{"embeddable":true,"href":"https:\/\/website.ifit.li\/index.php?rest_route=%2Fwp%2Fv2%2Fcomments&post=2249"}],"version-history":[{"count":3,"href":"https:\/\/website.ifit.li\/index.php?rest_route=\/wp\/v2\/posts\/2249\/revisions"}],"predecessor-version":[{"id":38244,"href":"https:\/\/website.ifit.li\/index.php?rest_route=\/wp\/v2\/posts\/2249\/revisions\/38244"}],"wp:attachment":[{"href":"https:\/\/website.ifit.li\/index.php?rest_route=%2Fwp%2Fv2%2Fmedia&parent=2249"}],"wp:term":[{"taxonomy":"category","embeddable":true,"href":"https:\/\/website.ifit.li\/index.php?rest_route=%2Fwp%2Fv2%2Fcategories&post=2249"},{"taxonomy":"post_tag","embeddable":true,"href":"https:\/\/website.ifit.li\/index.php?rest_route=%2Fwp%2Fv2%2Ftags&post=2249"}],"curies":[{"name":"wp","href":"https:\/\/api.w.org\/{rel}","templated":true}]}}