{"id":2192,"date":"2013-04-07T15:57:24","date_gmt":"2013-04-07T14:57:24","guid":{"rendered":"http:\/\/ifit.ch\/?p=2192"},"modified":"2021-06-24T17:21:58","modified_gmt":"2021-06-24T15:21:58","slug":"der-wahre-friede-der-tiefe-friede-kommt-aus-der-erfahrung-der-barmherzigkeit-gottes","status":"publish","type":"post","link":"https:\/\/website.ifit.li\/?p=2192","title":{"rendered":"Der wahre Friede, der tiefe Friede, kommt aus der Erfahrung der Barmherzigkeit Gottes!"},"content":{"rendered":"<h1>Ansprache von Papst Franziskus beim Regina Coeli am Barmherzigkeitssonntag<\/h1>\n<p><a href=\"https:\/\/ml2mintiuscj.i.optimole.com\/w:auto\/h:auto\/q:mauto\/f:best\/https:\/\/website.ifit.li\/wp-content\/uploads\/2016\/10\/Generalaudienz-von-Papst-Franziskus-am-12.-Oktober-2016.jpeg\"><img data-opt-id=1283944036  fetchpriority=\"high\" decoding=\"async\" class=\"alignleft  wp-image-7601\" src=\"https:\/\/ml2mintiuscj.i.optimole.com\/w:auto\/h:auto\/q:mauto\/f:best\/https:\/\/website.ifit.li\/wp-content\/uploads\/2016\/10\/Generalaudienz-von-Papst-Franziskus-am-12.-Oktober-2016.jpeg\" alt=\"Bild: L'Osservatore Romano\" width=\"260\" height=\"173\" srcset=\"https:\/\/ml2mintiuscj.i.optimole.com\/w:800\/h:533\/q:mauto\/f:best\/https:\/\/website.ifit.li\/wp-content\/uploads\/2016\/10\/Generalaudienz-von-Papst-Franziskus-am-12.-Oktober-2016.jpeg 800w, https:\/\/ml2mintiuscj.i.optimole.com\/w:300\/h:200\/q:mauto\/f:best\/https:\/\/website.ifit.li\/wp-content\/uploads\/2016\/10\/Generalaudienz-von-Papst-Franziskus-am-12.-Oktober-2016.jpeg 300w, https:\/\/ml2mintiuscj.i.optimole.com\/w:768\/h:512\/q:mauto\/f:best\/https:\/\/website.ifit.li\/wp-content\/uploads\/2016\/10\/Generalaudienz-von-Papst-Franziskus-am-12.-Oktober-2016.jpeg 768w\" sizes=\"(max-width: 260px) 100vw, 260px\" \/><\/a>Frieden und Barmherzigkeit: Das waren die Themen des Papstes bei seinem Mittagsgebet am Sonntag, 7. M\u00e4rz 2013. Am Petersplatz betete Franziskus mit etwa 100.000 Menschen um Punkt zw\u00f6lf Uhr das Regina Coeli. Dabei dachte er in einer kurzen Betrachtung \u00fcber den Friedensgru\u00df des auferstandenen Jesus nach, von dem das Johannesevangelium an diesem Sonntag spricht.\u00a0\u201eDass der Auferstandene sagt: Friede sei mit Euch!, ist nicht nur ein Gru\u00df und auch nicht einfach ein Wunsch \u2013 es ist ein Geschenk, ja es ist das Geschenk, das Christus seinen J\u00fcngern gibt, nachdem er Tod und Todesreich hinter sich gelassen hat. Er gibt den Frieden, wie er es versprochen hatte: Frieden hinterlasse ich Euch, meinen Frieden gebe ich Euch (siehe <a title=\"Johannes 14,27\" href=\"http:\/\/www.bibleserver.com\/text\/LUT\/Johannes14.27\" target=\"_blank\" rel=\"noopener noreferrer\">Johannes 14,27<\/a>). Dieser Friede ist eine Frucht des Sieges, den die Liebe Gottes \u00fcber das B\u00f6se errungen hat, eine Frucht des Verzeihens. Der wahre Friede, der tiefe Friede, kommt aus der Erfahrung der Barmherzigkeit Gottes!\u201c<!--more--><br \/>\nFranziskus erinnerte daran, dass die Kirche an diesem zweiten Sonntag der Osterzeit den Sonntag der g\u00f6ttlichen Barmherzigkeit begeht und dass sein Vorg\u00e4nger, der selige <a title=\"Papst Johannes Paul II.\" href=\"http:\/\/www.vatican.va\/holy_father\/john_paul_ii\/index_ge.htm\" target=\"_blank\" rel=\"noopener noreferrer\">Papst\u00a0Johannes Paul II.<\/a>, der dieses Fest eingerichtet hatte, 2005 am Vorabend dieses Sonntags gestorben ist. Der Papst ging auch auf das Wort Jesu an den sogenannten \u201eungl\u00e4ubigen\u201c Thomas ein: \u201eSelig, die nicht sehen und doch glauben\u201c (siehe <a title=\"Johannes 20.29\" href=\"http:\/\/www.bibleserver.com\/text\/LUT\/Johannes20.29\" target=\"_blank\" rel=\"noopener noreferrer\">Johannes 20.29<\/a>). \u201eDas ist ein sehr wichtiges Wort \u00fcber den Glauben, wir k\u00f6nnen es fast eine Seligpreisung des Glaubens nennen. Zu allen Zeiten und \u00fcberall sind diejenigen selig, die durch das von der Kirche verk\u00fcndete und von den Christen bezeugte Wort Gottes glauben, dass Jesus Christus die Fleisch gewordene Liebe Gottes ist, die inkarnierte Barmherzigkeit. Und das gilt f\u00fcr jeden von uns!\u201c<br \/>\nDie Kirche habe die Aufgabe, \u201eden Menschen die Vergebung der S\u00fcnden zu vermitteln und so das Reich der Liebe wachsen zu lassen\u201c, so Papst Franziskus. \u201eHaben wir mehr Mut, den Glauben an den Auferstandenen zu bezeugen! Wir d\u00fcrfen keine Angst haben, Christen zu sein und als Christen zu leben!\u201c<\/p>\n<h3>Weitere Hinweise und Quellen<\/h3>\n<ul>\n<li>Audio (MP3): Ansprache von Papst Franziskus beim Regina Coeli am Barmherzigkeitssonntag vom 7. April 2013<audio class=\"wp-audio-shortcode\" id=\"audio-2192-1\" preload=\"none\" style=\"width: 100%;\" controls=\"controls\"><source type=\"audio\/mpeg\" src=\"https:\/\/website.ifit.li\/wp-content\/uploads\/2013\/04\/2013-04-07-Ansprache-von-Papst-Franziskus-beim-Regina-Coeli-am-Barmherzigkeitssonntag.mp3?_=1\" \/><a href=\"https:\/\/website.ifit.li\/wp-content\/uploads\/2013\/04\/2013-04-07-Ansprache-von-Papst-Franziskus-beim-Regina-Coeli-am-Barmherzigkeitssonntag.mp3\">https:\/\/website.ifit.li\/wp-content\/uploads\/2013\/04\/2013-04-07-Ansprache-von-Papst-Franziskus-beim-Regina-Coeli-am-Barmherzigkeitssonntag.mp3<\/a><\/audio><\/li>\n<li>Originaltext: <a title=\"Stefan von Kempis, Radio Vatikan, Artikel 680513\" href=\"http:\/\/de.radiovaticana.va\/news\/2013\/04\/07\/\u201ehabt_keine_angst_vor_einem_christlichen_leben!\u201c\/ted-680513\" target=\"_blank\" rel=\"noopener noreferrer\">Stefan von Kempis, Radio Vatikan, Artikel 680513<\/a><\/li>\n<li><a title=\"Webseite zum Barmherzigkeitssonntag\" href=\"http:\/\/www.barmherzigkeitssonntag.de\/\" target=\"_blank\" rel=\"noopener noreferrer\">Webseite zum Barmherzigkeitssonntag<\/a> (Link)<\/li>\n<\/ul>\n","protected":false},"excerpt":{"rendered":"<p>Ansprache von Papst Franziskus beim Regina Coeli am Barmherzigkeitssonntag Frieden und Barmherzigkeit: Das waren die Themen des Papstes bei seinem Mittagsgebet am Sonntag, 7. M\u00e4rz 2013. Am Petersplatz betete Franziskus mit etwa 100.000 Menschen um Punkt zw\u00f6lf Uhr das Regina Coeli. Dabei dachte er in einer kurzen Betrachtung \u00fcber den Friedensgru\u00df des auferstandenen Jesus nach, &hellip; <a href=\"https:\/\/website.ifit.li\/?p=2192\" class=\"more-link\"><span class=\"screen-reader-text\">Der wahre Friede, der tiefe Friede, kommt aus der Erfahrung der Barmherzigkeit Gottes!<\/span> weiterlesen <span class=\"meta-nav\">&rarr;<\/span><\/a><\/p>\n","protected":false},"author":1,"featured_media":0,"comment_status":"open","ping_status":"open","sticky":false,"template":"","format":"standard","meta":{"footnotes":""},"categories":[450,285,451],"tags":[246,129,457,215,187,280,103,283,31,388,387,58,167],"class_list":["post-2192","post","type-post","status-publish","format-standard","hentry","category-katholische-kirche","category-lehramt","category-liturgie","tag-auferstehung-jesu","tag-barmherzigkeit","tag-barmherzigkeitssonntag","tag-friede","tag-glauben","tag-gott-sohn-jesus-christus","tag-jahr-des-glaubens","tag-kirche","tag-liebe","tag-mut","tag-ostern","tag-papst-franziskus","tag-suende"],"_links":{"self":[{"href":"https:\/\/website.ifit.li\/index.php?rest_route=\/wp\/v2\/posts\/2192","targetHints":{"allow":["GET"]}}],"collection":[{"href":"https:\/\/website.ifit.li\/index.php?rest_route=\/wp\/v2\/posts"}],"about":[{"href":"https:\/\/website.ifit.li\/index.php?rest_route=\/wp\/v2\/types\/post"}],"author":[{"embeddable":true,"href":"https:\/\/website.ifit.li\/index.php?rest_route=\/wp\/v2\/users\/1"}],"replies":[{"embeddable":true,"href":"https:\/\/website.ifit.li\/index.php?rest_route=%2Fwp%2Fv2%2Fcomments&post=2192"}],"version-history":[{"count":3,"href":"https:\/\/website.ifit.li\/index.php?rest_route=\/wp\/v2\/posts\/2192\/revisions"}],"predecessor-version":[{"id":38234,"href":"https:\/\/website.ifit.li\/index.php?rest_route=\/wp\/v2\/posts\/2192\/revisions\/38234"}],"wp:attachment":[{"href":"https:\/\/website.ifit.li\/index.php?rest_route=%2Fwp%2Fv2%2Fmedia&parent=2192"}],"wp:term":[{"taxonomy":"category","embeddable":true,"href":"https:\/\/website.ifit.li\/index.php?rest_route=%2Fwp%2Fv2%2Fcategories&post=2192"},{"taxonomy":"post_tag","embeddable":true,"href":"https:\/\/website.ifit.li\/index.php?rest_route=%2Fwp%2Fv2%2Ftags&post=2192"}],"curies":[{"name":"wp","href":"https:\/\/api.w.org\/{rel}","templated":true}]}}