{"id":2106,"date":"2013-03-31T22:52:13","date_gmt":"2013-03-31T21:52:13","guid":{"rendered":"http:\/\/ifit.ch\/?p=2106"},"modified":"2021-06-22T17:44:41","modified_gmt":"2021-06-22T15:44:41","slug":"ostern-ist-der-ubergang-des-menschen-von-der-knechtschaft-der-sunde-des-bosen-zur-freiheit-der-liebe-des-guten","status":"publish","type":"post","link":"https:\/\/website.ifit.li\/?p=2106","title":{"rendered":"Ostern ist der \u00dcbergang des Menschen von der Knechtschaft der S\u00fcnde, des B\u00f6sen zur Freiheit der Liebe, des Guten"},"content":{"rendered":"<h1>Segen und Ablass &#171;Urbi et Orbi&#187; mit Papst Franziskus am Ostertag<\/h1>\n<p><a href=\"https:\/\/ml2mintiuscj.i.optimole.com\/w:auto\/h:auto\/q:mauto\/f:best\/https:\/\/website.ifit.li\/wp-content\/uploads\/2016\/10\/Generalaudienz-von-Papst-Franziskus-am-12.-Oktober-2016.jpeg\"><img data-opt-id=1283944036  fetchpriority=\"high\" decoding=\"async\" class=\"alignleft  wp-image-7601\" src=\"https:\/\/ml2mintiuscj.i.optimole.com\/w:auto\/h:auto\/q:mauto\/f:best\/https:\/\/website.ifit.li\/wp-content\/uploads\/2016\/10\/Generalaudienz-von-Papst-Franziskus-am-12.-Oktober-2016.jpeg\" alt=\"Bild: L'Osservatore Romano\" width=\"296\" height=\"197\" srcset=\"https:\/\/ml2mintiuscj.i.optimole.com\/w:800\/h:533\/q:mauto\/f:best\/https:\/\/website.ifit.li\/wp-content\/uploads\/2016\/10\/Generalaudienz-von-Papst-Franziskus-am-12.-Oktober-2016.jpeg 800w, https:\/\/ml2mintiuscj.i.optimole.com\/w:300\/h:200\/q:mauto\/f:best\/https:\/\/website.ifit.li\/wp-content\/uploads\/2016\/10\/Generalaudienz-von-Papst-Franziskus-am-12.-Oktober-2016.jpeg 300w, https:\/\/ml2mintiuscj.i.optimole.com\/w:768\/h:512\/q:mauto\/f:best\/https:\/\/website.ifit.li\/wp-content\/uploads\/2016\/10\/Generalaudienz-von-Papst-Franziskus-am-12.-Oktober-2016.jpeg 768w\" sizes=\"(max-width: 296px) 100vw, 296px\" \/><\/a>Um Frieden und Gerechtigkeit f\u00fcr die ganze Welt bat Papst Franziskus in seiner ersten Ansprache vor dem traditionellen \u00f6sterlichen Segen \u201eUrbi et orbi\u201c \u2013 der Stadt und dem Erdkreis. Israelis und Pal\u00e4stinener forderte er zu einer Fortf\u00fchrung der Friedensverhandlungen auf, aber auch den Konflikten im Irak und in Syrien und den Opfern von Gewalt auf dem afrikanischen Kontinent galten seine Gedanken. Die beiden Koreas lud er ein, ihre erst k\u00fcrzlich neu aufgeflammten Divergenzen friedlich zu beenden.\u00a0Etwa 250.000 Pilger waren auf dem festlich geschm\u00fcckten Petersplatz und der angrenzenden Via della Conciliazione versammelt, um an der gro\u00dfen Ostermesse teilzunehmen und anschlie\u00dfend den Ostersegen zu erhalten. Nach der Messfeier fuhr Papst Franziskus bei strahlendem Sonnenschein \u2013 noch am Vortag regnete es in Rom in Str\u00f6men \u2013 die freigehaltenen Wege auf dem Petersplatz ab, lie\u00df sich Kinder ins Auto heben, um sie zu k\u00fcssen und zu segnen und begr\u00fc\u00dfte die Pilger, die ihm ihrerseits aus voller Kehle zujubelten \u2013 sogar ein T-Shirt seines Lieblingsfu\u00dfballclubs San Lorenzo mit seinem Namen auf dem R\u00fccken wurde dem Papst entgegengeworfen; er fing es selbst auf. <!--more-->Mit besonders herzlichem Applaus quittierten die anwesenden Menschen aber insbesondere die beiden Momente, in denen Papst Franziskus zwei behinderte junge Menschen in Arme schloss und sich besonders lange Zeit daf\u00fcr nahm, mit ihnen Zwiesprache zu halten. W\u00e4hrend der Messe gab es wie gewohnt keine Predigt des Papstes, aber auf eine Neuigkeit mussten sich die Pilger dann doch einstellen: es gab keinerlei Ostergr\u00fc\u00dfe in den verschiedenen Sprachen, wie noch in den Jahren zuvor. Die Ansprache von Papst Franziskus vor dem Ostersegen Urbi et Orbi wurde von Radio Vatikan in einer offiziellen \u00dcbersetzung zur Verf\u00fcgung gestellt. Hier nun der Wortlaut vor dem Ostersegen &#171;Urbi et orbi&#187;.<\/p>\n<h2>Was ist eigentliche Ostern?<\/h2>\n<p>Liebe Br\u00fcder und Schwestern hier in Rom und auf der ganzen Welt, gesegnete Ostern! Welch eine gro\u00dfe Freude f\u00fcr mich, euch diese Botschaft zu verk\u00fcnden: Christus ist auferstanden! Ich m\u00f6chte, dass sie in jedes Haus, in jede Familie gelange und besonders dorthin, wo mehr Leid herrscht, in die Krankenh\u00e4user, in die Gef\u00e4ngnisse\u2026<br \/>\nVor allem m\u00f6chte ich, dass sie in alle Herzen gelange, denn dort will Gott diese Frohe Botschaft hineins\u00e4en: Jesus ist auferstanden; es gibt Hoffnung f\u00fcr dich, du bist nicht mehr unter der Herrschaft der S\u00fcnde, des B\u00f6sen! Gesiegt hat die Liebe, gesiegt hat die Barmherzigkeit! Stets siegt die Barmherzigkeit Gottes!\u00a0Wie die Frauen, J\u00fcngerinnen Jesu, die zum Grab gingen und es leer fanden, k\u00f6nnen auch wir uns fragen, was dieses Ereignis zu bedeuten habe (vgl. <a title=\"Lukas 24,4\" href=\"http:\/\/www.bibleserver.com\/text\/EU\/Lukas24.4\">Lukas 24,4<\/a>). Was hei\u00dft das, Jesus ist auferstanden? Es bedeutet, dass die Liebe Gottes st\u00e4rker ist als das B\u00f6se und als der Tod selbst; es bedeutet, dass die Liebe Gottes unser Leben umwandeln, die W\u00fcste, die sich in unserem Herzen befindet, zum Erbl\u00fchen bringen kann. Das kann die Liebe Gottes vollbringen! Die gleiche Liebe, aufgrund welcher der Sohn Gottes Mensch wurde und den Weg der Erniedrigung und der Selbsthingabe bis zum \u00c4u\u00dfersten gegangen ist bis hinunter in die Unterwelt, in den Abgrund der Trennung von Gott, diese gleiche barmherzige Liebe hat den toten Leib Jesu mit Licht durchflutet und ihn verkl\u00e4rt, lie\u00df ihn ins ewige Leben \u00fcbergehen. Jesus ist nicht ins fr\u00fchere Leben zur\u00fcckgekehrt, ins irdische Leben, sondern eingetreten in das Leben der Herrlichkeit Gottes, und er ist dort mit unserem Menschsein eingetreten, er hat uns eine Zukunft der Hoffnung aufgetan.<br \/>\n<strong>Das also ist Ostern: Es ist der Auszug, der \u00dcbergang des Menschen von der Knechtschaft der S\u00fcnde, des B\u00f6sen zur Freiheit der Liebe, des Guten. Denn Gott ist Leben, allein Leben, und sein Ruhm ist der lebendige Mensch<\/strong> (vgl. hl. Iren\u00e4us, Adversus h\u00e6reses, 4,20,5-7).<\/p>\n<h2>Annahme der Gnade der Auferstehung Christi f\u00fchrt zum Frieden<\/h2>\n<p>Liebe Br\u00fcder und Schwestern, Christus ist ein f\u00fcr allemal und f\u00fcr alle gestorben und auferstanden, aber die Kraft der Auferstehung, dieser \u00dcbergang von der Knechtschaft des B\u00f6sen zur Freiheit des Guten muss sich in jeder Zeit vollziehen, in den konkreten R\u00e4umen unseres Lebens, in unserem t\u00e4glichen Leben. Wie viele W\u00fcsten muss der Mensch auch heute durchqueren. Vor allem die W\u00fcste in ihm selbst, wenn das Bewusstsein fehlt, H\u00fcter all dessen zu sein, was der Sch\u00f6pfer uns geschenkt hat und schenkt. Aber die Barmherzigkeit Gottes kann auch das trockenste Land erbl\u00fchen lassen, kann selbst ausgetrocknete Gebeine wieder lebendig machen (vgl. <a title=\"Ezechiel 37,1-14\" href=\"http:\/\/www.bibleserver.com\/text\/EU\/Hesekiel37.1-14\" target=\"_blank\" rel=\"noopener noreferrer\">Ezechiel 37,1-14<\/a>).<br \/>\nDas ist also meine Einladung an alle: Nehmen wir die Gnade der Auferstehung Christi an! Lassen wir uns von der Barmherzigkeit Gottes erneuern, lassen wir, dass Jesus uns liebt, dass die Macht seiner Liebe auch unser Leben umwandle; und werden wir zu Werkzeugen dieser Barmherzigkeit, zu Kan\u00e4len, durch welche Gott die Erde bew\u00e4ssern, die ganze Sch\u00f6pfung beh\u00fcten sowie Gerechtigkeit und Frieden erbl\u00fchen lassen kann. Und so bitten wir den auferstandenen Jesus, dass er den Tod in Leben umwandle, den Hass in Liebe verwandle, die Rache in Vergebung, den Krieg in Frieden. Ja, unser Frieden ist Christus und durch ihn flehen wir um Frieden f\u00fcr die ganze Welt.<br \/>\nUm Frieden f\u00fcr den Nahen Osten, besonders zwischen Israelis und Pal\u00e4stinenser, die M\u00fche haben, den Weg der Eintracht zu finden, dass sie mutig und bereitwillig die Verhandlungen wiederaufnehmen, um einem Konflikt ein Ende zu setzen, der schon viel zu lange andauert. Um Frieden im Irak, dass endg\u00fcltig jede Gewalt aufh\u00f6re, und vor allem f\u00fcr das gesch\u00e4tzte Land Syrien, f\u00fcr seine von den Auseinandersetzungen geschlagene Bev\u00f6lkerung und f\u00fcr die vielen Fl\u00fcchtlinge, die Hilfe und Trost erwarten. Wie viel Blut ist vergossen worden! Und wie viele Leiden m\u00fcssen noch auferlegt werden, ehe es gelingt, eine politische L\u00f6sung der Krise zu finden? Um Frieden f\u00fcr Afrika, das immer noch Schauplatz blutiger Konflikte ist. Um Frieden in Mali, dass es wieder Einheit und Stabilit\u00e4t erlange; und in Nigeria, wo die Anschl\u00e4ge leider nicht aufh\u00f6ren, die das Leben vieler Unschuldiger schwer bedrohen, und wo nicht wenige Menschen, auch Kinder, in Geiselhaft von terroristischen Gruppen sind. Um Frieden im Osten der Demokratischen Republik Kongo und in der Zentralafrikanischen Republik, wo viele gezwungen sind, ihre H\u00e4user zu verlassen, und weiter in Angst leben. Um Frieden in Asien, vor allem auf der Koreanischen Halbinsel, dass die Divergenzen \u00fcberwunden werden und ein neuer Geist der Vers\u00f6hnung heranreife.<br \/>\nUm Frieden f\u00fcr die ganze Welt, die immer noch von der Gier nach schnellem Profit geteilt ist, die verwundet ist vom Egoismus, der das menschliche Leben und die Familie bedroht, vom Egoismus, der den Menschenhandel fortsetzt, die in diesem 21. Jahrhundert am weitesten verbreitete Sklaverei. Um Frieden f\u00fcr die ganze Welt, die von der Gewalt im Zusammenhang mit dem Rauschgifthandel und von der ungerechten Ausbeutung der nat\u00fcrlichen Ressourcen geplagt wird! Friede f\u00fcr diese unsere Erde! Der auferstandene Jesus bringe Trost den Opfern der Naturkatastrophen und mache uns zu verantwortungsbewussten H\u00fctern der Sch\u00f6pfung.<br \/>\nLiebe Br\u00fcder und Schwestern, an euch alle, die ihr mich in Rom oder in allen Teilen der Welt h\u00f6rt, richte ich die Einladung des Psalmworts: \u201eDanket dem Herrn, denn er ist g\u00fctig, denn seine Huld w\u00e4hrt ewig. So soll Israel sagen: Denn seine Huld w\u00e4hrt ewig\u201c (<a title=\"Psalm 118,1-2\" href=\"http:\/\/www.bibleserver.com\/text\/EU\/Psalm118.1-2\" target=\"_blank\" rel=\"noopener noreferrer\">Psalm 118,1-2<\/a>).<br \/>\nLiebe Br\u00fcder und Schwestern,\u00a0die ihr aus der ganzen Welt auf diesem Platz, der das Herz der Christenheit darstellt, zusammen gekommen seid, und euch allen, die ihr \u00fcber die Kommunikationsmittel verbunden seid, erneuere ich meinen Wunsch f\u00fcr ein Gesegnetes Osterfest. Tragt in eure Familien und in eure L\u00e4nder die Botschaft von Freude, Hoffnung und Frieden die sich jedes Jahr mit Kraft an diesem Tag erneuert. Der Auferstandene Herr, Sieger \u00fcber S\u00fcnde und Tod, sei eine St\u00fctze f\u00fcr alle, besonders f\u00fcr die Schw\u00e4chsten und Bed\u00fcrftigsten. Danke f\u00fcr eure Anwesenheit und das Zeugnis eures Glaubens. Ein Gedanke und ein spezieller Dank f\u00fcr das Geschenk der wundersch\u00f6nen Blumen, die aus den Niederlanden kommen.\u00a0Allen wiederhole ich mit Zuneigung: Christus, der Auferstandene, leite euch alle und die gesamte Menschheit auf Pfaden der Gerechtigkeit, der Liebe und des Friedens.<\/p>\n<h3>Weitere Hinweise und Quellen<\/h3>\n<ul>\n<li>Audio (MP3): Segen und Ablass Urbi et Orbi mit Papst Franziskus an Ostern vom 31. M\u00e4rz 2013<audio class=\"wp-audio-shortcode\" id=\"audio-2106-1\" preload=\"none\" style=\"width: 100%;\" controls=\"controls\"><source type=\"audio\/mpeg\" src=\"https:\/\/website.ifit.li\/wp-content\/uploads\/2013\/03\/2013-03-31-Segen-und-Ablass-Urbi-et-Orbi-mit-Papst-Franziskus-an-Ostern.mp3?_=1\" \/><a href=\"https:\/\/website.ifit.li\/wp-content\/uploads\/2013\/03\/2013-03-31-Segen-und-Ablass-Urbi-et-Orbi-mit-Papst-Franziskus-an-Ostern.mp3\">https:\/\/website.ifit.li\/wp-content\/uploads\/2013\/03\/2013-03-31-Segen-und-Ablass-Urbi-et-Orbi-mit-Papst-Franziskus-an-Ostern.mp3<\/a><\/audio><\/li>\n<li>Zusammenfassung: <a title=\"Christine Seuss, Radio Vatikan, Artikel 678535\" href=\"http:\/\/de.radiovaticana.va\/news\/2013\/03\/31\/franziskus:_bitte_um_frieden_f%C3%BCr_die_ganze_welt\/ted-678535\" target=\"_blank\" rel=\"noopener noreferrer\">Christine Seuss, Radio Vatikan, Artikel 678535<\/a><\/li>\n<li>Originaltext zu Urbi et orbi: <a title=\"Christine Seuss, Radio Vatikan, Artikel 678456\" href=\"http:\/\/de.radiovaticana.va\/news\/2013\/03\/31\/urbi_et_orbi:_gottes_herrlichkeit_ist_der_lebende_mensch\/ted-678456\" target=\"_blank\" rel=\"noopener noreferrer\">Christine Seuss, Radio Vatikan, Artikel 678456<\/a><\/li>\n<\/ul>\n","protected":false},"excerpt":{"rendered":"<p>Segen und Ablass &#171;Urbi et Orbi&#187; mit Papst Franziskus am Ostertag Um Frieden und Gerechtigkeit f\u00fcr die ganze Welt bat Papst Franziskus in seiner ersten Ansprache vor dem traditionellen \u00f6sterlichen Segen \u201eUrbi et orbi\u201c \u2013 der Stadt und dem Erdkreis. Israelis und Pal\u00e4stinener forderte er zu einer Fortf\u00fchrung der Friedensverhandlungen auf, aber auch den Konflikten &hellip; <a href=\"https:\/\/website.ifit.li\/?p=2106\" class=\"more-link\"><span class=\"screen-reader-text\">Ostern ist der \u00dcbergang des Menschen von der Knechtschaft der S\u00fcnde, des B\u00f6sen zur Freiheit der Liebe, des Guten<\/span> weiterlesen <span class=\"meta-nav\">&rarr;<\/span><\/a><\/p>\n","protected":false},"author":1,"featured_media":0,"comment_status":"open","ping_status":"open","sticky":false,"template":"","format":"standard","meta":{"footnotes":""},"categories":[450,285,451],"tags":[246,129,215,212,187,280,201,31,388,387,58,167,189,532],"class_list":["post-2106","post","type-post","status-publish","format-standard","hentry","category-katholische-kirche","category-lehramt","category-liturgie","tag-auferstehung-jesu","tag-barmherzigkeit","tag-friede","tag-gerechtigkeit-gottes","tag-glauben","tag-gott-sohn-jesus-christus","tag-hoffnung","tag-liebe","tag-mut","tag-ostern","tag-papst-franziskus","tag-suende","tag-tod","tag-urbi-et-orbi"],"_links":{"self":[{"href":"https:\/\/website.ifit.li\/index.php?rest_route=\/wp\/v2\/posts\/2106","targetHints":{"allow":["GET"]}}],"collection":[{"href":"https:\/\/website.ifit.li\/index.php?rest_route=\/wp\/v2\/posts"}],"about":[{"href":"https:\/\/website.ifit.li\/index.php?rest_route=\/wp\/v2\/types\/post"}],"author":[{"embeddable":true,"href":"https:\/\/website.ifit.li\/index.php?rest_route=\/wp\/v2\/users\/1"}],"replies":[{"embeddable":true,"href":"https:\/\/website.ifit.li\/index.php?rest_route=%2Fwp%2Fv2%2Fcomments&post=2106"}],"version-history":[{"count":2,"href":"https:\/\/website.ifit.li\/index.php?rest_route=\/wp\/v2\/posts\/2106\/revisions"}],"predecessor-version":[{"id":38200,"href":"https:\/\/website.ifit.li\/index.php?rest_route=\/wp\/v2\/posts\/2106\/revisions\/38200"}],"wp:attachment":[{"href":"https:\/\/website.ifit.li\/index.php?rest_route=%2Fwp%2Fv2%2Fmedia&parent=2106"}],"wp:term":[{"taxonomy":"category","embeddable":true,"href":"https:\/\/website.ifit.li\/index.php?rest_route=%2Fwp%2Fv2%2Fcategories&post=2106"},{"taxonomy":"post_tag","embeddable":true,"href":"https:\/\/website.ifit.li\/index.php?rest_route=%2Fwp%2Fv2%2Ftags&post=2106"}],"curies":[{"name":"wp","href":"https:\/\/api.w.org\/{rel}","templated":true}]}}