{"id":2004,"date":"2013-03-23T23:54:37","date_gmt":"2013-03-23T22:54:37","guid":{"rendered":"https:\/\/www.ifittest.ch\/?p=2004"},"modified":"2021-06-18T16:27:45","modified_gmt":"2021-06-18T14:27:45","slug":"gewalt-wird-in-liebe-umgewandelt-und-so-tod-in-leben-die-kernspaltung-im-innersten-des-seins","status":"publish","type":"post","link":"https:\/\/website.ifit.li\/?p=2004","title":{"rendered":"Gewalt wird in Liebe umgewandelt und so Tod in Leben, die Kernspaltung im innersten des Seins"},"content":{"rendered":"<h3>Exerzitien zur Fastenzeit Teil XI mit Benedikt XVI. aus\u00a0acht Jahren Pontifikat<\/h3>\n<p><img data-opt-id=2035738346  fetchpriority=\"high\" decoding=\"async\" class=\"alignleft  wp-image-6365\" src=\"https:\/\/ml2mintiuscj.i.optimole.com\/w:auto\/h:auto\/q:mauto\/f:best\/https:\/\/website.ifit.li\/wp-content\/uploads\/2012\/12\/Emer.-Papst-Benedikt-XVI.-auf-der-Stufe-Petri.png\" alt=\"Bild: berlinertageszeitung.de\" width=\"254\" height=\"191\" srcset=\"https:\/\/ml2mintiuscj.i.optimole.com\/w:715\/h:538\/q:mauto\/f:best\/https:\/\/website.ifit.li\/wp-content\/uploads\/2012\/12\/Emer.-Papst-Benedikt-XVI.-auf-der-Stufe-Petri.png 715w, https:\/\/ml2mintiuscj.i.optimole.com\/w:300\/h:226\/q:mauto\/f:best\/https:\/\/website.ifit.li\/wp-content\/uploads\/2012\/12\/Emer.-Papst-Benedikt-XVI.-auf-der-Stufe-Petri.png 300w\" sizes=\"(max-width: 254px) 100vw, 254px\" \/>Laudetur Jesus Christus! Hier ist Radio Vatikan. Radioexerzitien in der Fastenzeit. Willkommen zu unserer Sendung, ich bin P. Bernd Hagenkord. In dieser vorletzten Folge unserer Radioexerzitien mit Texten, Predigten und Ansprachen von Papst Benedikt XVI. n\u00e4hern wir uns den heiligen Tagen. Wir h\u00f6ren heute Gedanken zur Hingabe Jesu, seine Hingabe in den Gaben von Brot und Wein und seine Hingabe am Kreuz. Wir n\u00e4hern uns dem Leiden Christi, der heiligen Woche und damit der Feier von Kreuz und Auferstehung. Papst Benedikt hat immer wieder in seinen Katechesen und Predigten den inneren Zusammenhang all dieser Geheimnisse und Geschehnisse erl\u00e4utert, besonders mit Bezug auf den Apostel Paulus, dem seine eigene Theologie viel verdankt. Mit einem solchen Verweis wollen wir diese Sendung beginnen. Im Kreuze Christi b\u00fcndelt sich wie in einem Brennpunkt die Theologie des heiligen Paulus. Wenn der Apostel vom Kreuz spricht, gibt er die Erl\u00f6sung insgesamt in den Blick, das vom Kreuzestod Christi ausgehende Heil ist Geschenk der Gnade, die unserem Tun vorausgeht. Im Kreuz offenbart sich die unentgeltliche und barmherzige Liebe Gottes zu den Menschen. Es ist das Herzst\u00fcck der christlichen Botschaft.<\/p>\n<audio class=\"wp-audio-shortcode\" id=\"audio-2004-1\" preload=\"none\" style=\"width: 100%;\" controls=\"controls\"><source type=\"audio\/mpeg\" src=\"https:\/\/website.ifit.li\/wp-content\/uploads\/2014\/09\/2013-03-20-Radioexerzitien-in-der-Fastenzeit-Teil-XI.mp3?_=1\" \/><a href=\"https:\/\/website.ifit.li\/wp-content\/uploads\/2014\/09\/2013-03-20-Radioexerzitien-in-der-Fastenzeit-Teil-XI.mp3\">https:\/\/website.ifit.li\/wp-content\/uploads\/2014\/09\/2013-03-20-Radioexerzitien-in-der-Fastenzeit-Teil-XI.mp3<\/a><\/audio>\n<p><!--more-->F\u00fcr die j\u00fcdischen Glaubensgenossen des heiligen Paulus hingegen war das Kreuz ein \u00c4rgernis, ein Hindernis des Glaubens, das dem Wesen Gottes selbst zu widersprechen schien. Es forderte zu einer neuen Gottesbeziehung heraus. F\u00fcr das griechische Denken seiner Zeit stand das Kreuz zudem im Widerspruch zur Vernunft: Es ist Torheit, eine Beleidigung des gesunden Menschenverstandes. Schon ein Gott, der Mensch wird und sich in Raum und Zeit eingrenzen l\u00e4sst, ist f\u00fcr die Griechen unannehmbar und zu glauben, dass Gott am Kreuz enden k\u00f6nnte, erst recht unvorstellbar. F\u00fcr Paulus aber ist das Kreuz Gottes Kraft und Weisheit. Der Gekreuzigte enth\u00fcllt, wer Gott wirklich ist und wie Gott wirklich ist. Nicht so wie wir ihn uns ausdenken, gewaltig, m\u00e4chtig und dreinschlagend, sondern die Macht unersch\u00f6pflicher Liebe, die sich bis in den Tod hineingibt. Christus ist f\u00fcr alle und f\u00fcr jeden einzelnen gestorben, jeder kann sagen: &#171;Er ist f\u00fcr mich gestorben.&#187; Und zugleich wissen wir, dass er f\u00fcr alle es getan hat. Er hat Gott mit uns vers\u00f6hnt. In der Schwachheit des Kreuzes entdecken wir die Kraft des Geistes Gottes, im Blick auf das Kreuz k\u00f6nnen wir unsere eigene Schwachheit annehmen und der unser Leben tragenden Liebe Christi gewiss werden. Getauft auf Christi Tod und Auferstehung wollen wir unser Leben unter das Geheimnis des Kreuzes, des Zeichens der Liebe Gottes stellen und mit Paulus sagen: Ich will mich allein des Kreuzes Jesu Christi, unseres Herrn, r\u00fchmen, durch das mir die Welt gekreuzigt ist und ich der Welt. Werden wir nicht m\u00fcde, die Liebe des Gekreuzigten in Wort und Tat zu verk\u00fcnden. Bitten wir den Herrn, dass er uns verstehen und lieben lehrt.<\/p>\n<p>[4:23] Im Kreuz ist Liebe. Wir feiern in den Kar- und Ostertagen die wahre Verwandlung, die sich uns in der Ged\u00e4chtnis- und Vergegenw\u00e4rtigungsfeier der Eucharistie immer wieder neu zeigt.<\/p>\n<p>[4:36] In der Eucharistie soll Anbetung Vereinigung werden. Mit der Eucharistiefeier stehen wir in der Stunde Jesu, von der das Johannesevangelium spricht. Durch die Eucharistie wird diese seine Stunde unsere Stunde, Gegenwart unter uns. Mit den J\u00fcngern feiert er das Paschamahl Israels, das Ged\u00e4chtnis der befreienden Tat Gottes, die Israel aus der Knechtschaft ins Freie f\u00fchrte. Jesus folgt den Riten Israels, er spricht das Preis- und Segensgebet \u00fcber das Brot. Aber nun geschieht Neues: Er dankt Gott nicht nur f\u00fcr die grossen Taten der Vergangenheit, er dankt ihm f\u00fcr seine Erh\u00f6hung, die im Kreuz und in der Auferstehung geschieht. Dabei spricht er auch zu den J\u00fcngern mit Worten, die die Summe von Gesetz und Propheten in sich tragen: Dies ist mein Leib, der f\u00fcr euch hingegeben wird. Dieser Kelch ist der neue Bund in meinem Blut. Und so teilt er Brot und Kelch aus und tr\u00e4gt ihnen zugleich auf, das, was er jetzt sagt und tut, immer neu zu sagen und zu tun, zu seinem Ged\u00e4chtnis.<\/p>\n<p>[6:54] Was geschieht da? Wie kann Jesus seinen Leib austeilen und sein Blut? Indem er Brot zu seinem Leib und Wein zu seinem Blut macht und austeilt, nimmt er seinen Tod vorweg, nimmt er ihn von innen her an und verwandelt ihn in eine Tat der Liebe. Was von aussen her brutale Gewalt ist, die Kreuzigung, wird von innen her ein Akt der Liebe, die sich selber schenkt, ganz und gar. Dies ist die eigentliche Wandlung, die im Abendmahlsaal geschah und die dazu bestimmt war, einen Prozess der Verwandlungen in Gang zu bringen, dessen letztes Ziel die Verwandlung der Welt dahin ist, dass Gott alles in allem sei. Alle Menschen warten immer schon irgendwie in ihrem Herzen auf eine Ver\u00e4nderung und Verwandlung der Welt. Dies nun ist der zentrale Verwandlungsakt, der allein wirklich die Welt erneuern kann. Gewalt wird in Liebe umgewandelt und so Tod in Leben. Weil er den Tod in Liebe umformt, darum ist der Tod als solcher schon von innen her \u00fcberwunden und Auferstehung schon in ihm da. Der Tod ist gleichsam von innen verwundet und kann nicht mehr das letzte Wort sein. Das ist sozusagen die Kernspaltung im innersten des Seins, der Sieg der Liebe \u00fcber den Hass, der Sieg der Liebe \u00fcber den Tod. Nur von dieser innersten Explosion des Guten her, die das B\u00f6se \u00fcberwindet, kann dann die Kette der Verwandlungen ausgehen, die allm\u00e4hlich die Welt umformt. Alle anderen Ver\u00e4nderungen bleiben oberfl\u00e4chlich und retten nicht. Darum sprechen wir von Erl\u00f6sung. Das zuinnerst Notwendige ist geschehen und wir k\u00f6nnen in diesen Vorgang hineintreten. Jesus kann seinen Leib austeilen, weil er wirklich sich selber gibt.<\/p>\n<p>[10:36] Weil wir ein Brot sind, sind wir viele auch ein Leib, sagt der heilige Paulus. Er will damit sagen, weil wir den gleichen Herrn empfangen und er uns aufnimmt, in sich hineinzieht, sind wir auch untereinander eins. Aber das muss sich im Leben zeigen, es muss sich zeigen in der F\u00e4higkeit des Vergebens, es muss sich zeigen in der Sensibilit\u00e4t f\u00fcr die N\u00f6te des anderen, es muss sich zeigen in der Bereitschaft zu teilen, es muss sich zeigen im Einsatz f\u00fcr den N\u00e4chsten, den Nahen wie den \u00e4usserlich Fernen, der uns angeht. Heute gibt es Formen des Voluntariats, Gestalten des gegenseitigen Dienens, die gerade unsere Gesellschaft dringend braucht. Wir d\u00fcrfen zum Beispiel die alten Menschen nicht ihrer Einsamkeit \u00fcberlassen, an den Leiden nicht vorbeigehen. Wenn wir von Christus her denken und leben, dann gehen uns die Augen auf und dann leben wir nicht mehr f\u00fcr uns selber dahin, sondern dann sehen, wir wo und wie wir gebraucht werden. Wenn wir so leben und handeln, merken wir alsbald, dass es viel sch\u00f6ner gebraucht zu werden und f\u00fcr die anderen da zu sein, als nur nach den Bequemlichkeiten zu fragen, die uns angeboten werden.<\/p>\n<p>[12:59] Dank und Segen, Dank wird zu Segen, zur Hingabe Gottes. Noch einmal fasst Benedikt XVI. die Geheimnisse um den gewaltsamen Tod Jesu und seine freiwillige Hingabe f\u00fcr uns zusammen.<\/p>\n<p>[13:11] Es ist, wie wir wissen, das Abschiedsmahl von seinen J\u00fcngern. Vor seinem Leiden und Sterben, gibt der Herr etwas Neues: Er schenkt sich selbst als das wahre Lamm und stiftet so sein Pascha. Den Kern dieses Mahl bilden die Worte und Gesten Jesu: Das Brechen und Austeilen des Brotes sowie das Reichen des Kelches, zusammen mit dem Dankgebet und Lobpreis. Die beiden Begriffe, die uns das Neue Testament daf\u00fcr \u00fcberliefert, Danken und Segnen, verweist auf das grosse j\u00fcdische Dank- und Segensgebet der Bachra. Darin kommen zwei Richtungen zum Ausdruck: Es ist Dank f\u00fcr Gottes Gabe, der sozusagen von uns aufsteigt, und unser Dank kehrt dann als Segen von Gott her zur\u00fcck. Dieser Zusammenhang der beiden Bewegungen, Dank und Segen, greifen die Einsetzungsworte der Eucharistie auf. In ihnen wird Dank zu Segen und zur Verwandlung. Wie aber kann der Herr sagen, das ist mein Leib, mein Blut, sich in Leib und Blut selber schenken, wenn er doch mitten unter seinen J\u00fcngern steht? In diesen Gaben nimmt er sein Kreuz, seine Auferstehung vorweg, das Leben, das ihm am Kreuz entrissen wird, gibt er schon jetzt frei von sich aus hin. Und so wandelt er den gewaltsamen Tod in ein freies Opfer der Hingabe um, der Hingabe seiner selbst f\u00fcr Gott und f\u00fcr die anderen. Die Eucharistie ist wirklich Gegenwart des Herrn, Sakrament der Liebe, das uns zu seinem Ged\u00e4chtnis aufgetragen ist. Der heilige Lukas hat uns noch eine spezifische \u00dcberlieferung \u00fcber das Beten Jesu im letzten Abendmahl hinterlassen. Er sagt uns, dass er zu Petrus gesprochen hat, er werde f\u00fcr ihn beten, dass sein Glaube nicht erl\u00f6sche und dass er bekehrt die Br\u00fcder st\u00e4rken k\u00f6nne. Das Beten Jesu st\u00fctzt die J\u00fcnger, st\u00fctzt uns in der Schwachheit und im rechten Verst\u00e4ndnis vom Kreuz und Auferstehung. Die Eucharistie ist auch f\u00fcr uns St\u00fctze, und mehr als St\u00fctze, ist Gemeinschaft mit dem Herrn und so mit dem lebendigen Gott. Durch die Eucharistie sind wir hineingenommen in das Beten Jesu, haben Teil am Leib und Blut des neuen Osterlammes. Bitten wir Christus, dass wir in Verbindung mit ihm auch unsere M\u00fchsale, unser Leiden, unser Sein umwandeln d\u00fcrfen in einen Akt der Liebe, der Hingabe an Gott und an den N\u00e4chsten. Der Herr begleite uns alle mit seinem Segen.<\/p>\n<p>[16:32] Und damit endet diese elfte und vorletzte Folge der Radioexerzitien mit Texten und Ansprachen von Papst Benedikt XVI. Noch einmal m\u00f6chte ich Sie auf die M\u00f6glichkeit hinweisen, dass wir Ihnen die gesamten Radioexerzitien auf CD zuschicken, wenn Sie uns eine kurze eMail schreiben: <a href=\"mailto:cd@radiovatikan.de\">mailto:cd@radiovatikan.de<\/a>. Ihnen alles Gute, wo immer Sie uns zuh\u00f6ren. Hier ist Radio Vatikan. Laudetur Jesus Christus!<\/p>\n<h3>Weitere Hinweise und Quellen<\/h3>\n<ul>\n<li>Zur\u00fcck zur \u00dcbersicht:\u00a0<a href=\"https:\/\/website.ifit.li\/?p=2298\" target=\"_blank\" rel=\"noopener\"><u><span style=\"color: #0066cc;\">Radioexerzitien f\u00fcr die Fastenzeit von und mit Benedikt XVI.<\/span><\/u><\/a><\/li>\n<li>Audio (MP3) mit Nachrichten: <a href=\"https:\/\/website.ifit.li\/wp-content\/uploads\/2014\/09\/2013-03-23-Radioexerzitien-in-der-Fastenzeit-Teil-XI-Original.mp3\" target=\"_blank\" rel=\"noopener\">2013-03-23 Radioexerzitien in der Fastenzeit Teil XI (Original)<\/a><\/li>\n<li>Audio (MP3) ohne Nachrichten: <a href=\"https:\/\/website.ifit.li\/wp-content\/uploads\/2014\/09\/2013-03-20-Radioexerzitien-in-der-Fastenzeit-Teil-XI.mp3\" target=\"_blank\" rel=\"noopener\">2013-03-20 Radioexerzitien in der Fastenzeit Teil XI<\/a><\/li>\n<li><a href=\"http:\/\/w2.vatican.va\/content\/benedict-xvi\/de.html\" target=\"_blank\" rel=\"noopener\">Homepage von Benedikt XVI.<\/a><\/li>\n<\/ul>\n<h4>Nachweis der Audioausschnitte f\u00fcr die 11. Folge der Radioexerzitien von Radio Vatikan am 23. M\u00e4rz 2013<\/h4>\n<ul>\n<li>Generalaudienzen am 29. Okt 2008 und 11. Jan 2012<\/li>\n<li>Predigt 21. August 2005, Marienfeld bei K\u00f6ln<\/li>\n<\/ul>\n","protected":false},"excerpt":{"rendered":"<p>Exerzitien zur Fastenzeit Teil XI mit Benedikt XVI. aus\u00a0acht Jahren Pontifikat Laudetur Jesus Christus! Hier ist Radio Vatikan. Radioexerzitien in der Fastenzeit. Willkommen zu unserer Sendung, ich bin P. Bernd Hagenkord. In dieser vorletzten Folge unserer Radioexerzitien mit Texten, Predigten und Ansprachen von Papst Benedikt XVI. n\u00e4hern wir uns den heiligen Tagen. Wir h\u00f6ren heute &hellip; <a href=\"https:\/\/website.ifit.li\/?p=2004\" class=\"more-link\"><span class=\"screen-reader-text\">Gewalt wird in Liebe umgewandelt und so Tod in Leben, die Kernspaltung im innersten des Seins<\/span> weiterlesen <span class=\"meta-nav\">&rarr;<\/span><\/a><\/p>\n","protected":false},"author":1,"featured_media":9970,"comment_status":"closed","ping_status":"open","sticky":false,"template":"","format":"standard","meta":{"footnotes":""},"categories":[447],"tags":[62,213,31,88,286,518],"class_list":["post-2004","post","type-post","status-publish","format-standard","has-post-thumbnail","hentry","category-fastenexerzitien-mit-benedikt-xvi","tag-exerzitien","tag-fastenzeit","tag-liebe","tag-papst-benedikt-xvi","tag-predigt","tag-radioexerzitien-fastenzeit-2013"],"_links":{"self":[{"href":"https:\/\/website.ifit.li\/index.php?rest_route=\/wp\/v2\/posts\/2004","targetHints":{"allow":["GET"]}}],"collection":[{"href":"https:\/\/website.ifit.li\/index.php?rest_route=\/wp\/v2\/posts"}],"about":[{"href":"https:\/\/website.ifit.li\/index.php?rest_route=\/wp\/v2\/types\/post"}],"author":[{"embeddable":true,"href":"https:\/\/website.ifit.li\/index.php?rest_route=\/wp\/v2\/users\/1"}],"replies":[{"embeddable":true,"href":"https:\/\/website.ifit.li\/index.php?rest_route=%2Fwp%2Fv2%2Fcomments&post=2004"}],"version-history":[{"count":7,"href":"https:\/\/website.ifit.li\/index.php?rest_route=\/wp\/v2\/posts\/2004\/revisions"}],"predecessor-version":[{"id":9971,"href":"https:\/\/website.ifit.li\/index.php?rest_route=\/wp\/v2\/posts\/2004\/revisions\/9971"}],"wp:featuredmedia":[{"embeddable":true,"href":"https:\/\/website.ifit.li\/index.php?rest_route=\/wp\/v2\/media\/9970"}],"wp:attachment":[{"href":"https:\/\/website.ifit.li\/index.php?rest_route=%2Fwp%2Fv2%2Fmedia&parent=2004"}],"wp:term":[{"taxonomy":"category","embeddable":true,"href":"https:\/\/website.ifit.li\/index.php?rest_route=%2Fwp%2Fv2%2Fcategories&post=2004"},{"taxonomy":"post_tag","embeddable":true,"href":"https:\/\/website.ifit.li\/index.php?rest_route=%2Fwp%2Fv2%2Ftags&post=2004"}],"curies":[{"name":"wp","href":"https:\/\/api.w.org\/{rel}","templated":true}]}}