{"id":1719,"date":"2013-03-05T16:00:53","date_gmt":"2013-03-05T15:00:53","guid":{"rendered":"https:\/\/www.ifittest.ch\/?p=1719"},"modified":"2021-06-18T16:27:54","modified_gmt":"2021-06-18T14:27:54","slug":"der-anfang-der-kirche-jesu-christi-ist-moglich-geworden-weil-es-in-israel-menschen-des-suchenden-herzens-gab","status":"publish","type":"post","link":"https:\/\/website.ifit.li\/?p=1719","title":{"rendered":"Der Anfang der Kirche Jesu Christi ist m\u00f6glich geworden, weil es in Israel Menschen suchenden Herzens gab"},"content":{"rendered":"<h2>Exerzitien zur Fastenzeit Teil VI mit Benedikt XVI. aus\u00a0acht Jahren Pontifikat<\/h2>\n<p><img data-opt-id=2035738346  fetchpriority=\"high\" decoding=\"async\" class=\"alignleft  wp-image-6365\" src=\"https:\/\/ml2mintiuscj.i.optimole.com\/w:auto\/h:auto\/q:mauto\/f:best\/https:\/\/website.ifit.li\/wp-content\/uploads\/2012\/12\/Emer.-Papst-Benedikt-XVI.-auf-der-Stufe-Petri.png\" alt=\"Bild: berlinertageszeitung.de\" width=\"252\" height=\"190\" srcset=\"https:\/\/ml2mintiuscj.i.optimole.com\/w:715\/h:538\/q:mauto\/f:best\/https:\/\/website.ifit.li\/wp-content\/uploads\/2012\/12\/Emer.-Papst-Benedikt-XVI.-auf-der-Stufe-Petri.png 715w, https:\/\/ml2mintiuscj.i.optimole.com\/w:300\/h:226\/q:mauto\/f:best\/https:\/\/website.ifit.li\/wp-content\/uploads\/2012\/12\/Emer.-Papst-Benedikt-XVI.-auf-der-Stufe-Petri.png 300w\" sizes=\"(max-width: 252px) 100vw, 252px\" \/>Laudetur Jesus Christus! Hier ist Radio Vatikan. Radioexerzitien in der Fastenzeit. Willkommen zur sechsten Folge, mein Name ist P. Bernd Hagenkord. H\u00f6ren Sie nun die sechste Folge unserer Radioexerzitien mit Papst Benedikt XVI. [0:53] In der Taufe sind wir alle Kinder Gottes geworden und als Getaufte sind wir zur Heiligkeit berufen. Die Liebe Gottes soll durch uns in die Welt hinein ausstrahlen. Dabei helfen uns die Heiligen, die uns die Kirche Tag f\u00fcr Tag vor Augen stellt. Sie sind gelebtes Evangelium. Ihr Beispiel zeigt uns, wie auch wir heute die Frohbotschaft konkret leben k\u00f6nnen. Vertraut also auf die Hilfe der Heiligen. Sie sind uns F\u00fcrsprecher und Begleiter auf all unseren Wegen. [2:09] Es ist eines der Themen, das immer und immer wieder in den Ansprachen und Predigten Papst Benedikts XVI. auftaucht: die Heiligen. Gottes Liebe gilt, m\u00f6chte man sagen. Wir k\u00f6nnen sehen, wie es gilt. Der Liebe Begleiter, die Heiligen, auf unserer Pilgerschaft des Lebens. Es sind nicht immer alles gl\u00e4nzende Heilige, aber sie pilgern auf Jesus zu, ein Bild, das Benedikt XVI. mit Hilfe des Stammbaumes Jesus meditiert und von dort aus weiterentwickelt.<\/p>\n<audio class=\"wp-audio-shortcode\" id=\"audio-1719-1\" preload=\"none\" style=\"width: 100%;\" controls=\"controls\"><source type=\"audio\/mpeg\" src=\"https:\/\/website.ifit.li\/wp-content\/uploads\/2014\/09\/2013-03-02-Radioexerzitien-in-der-Fastenzeit-Teil-VI.mp3?_=1\" \/><a href=\"https:\/\/website.ifit.li\/wp-content\/uploads\/2014\/09\/2013-03-02-Radioexerzitien-in-der-Fastenzeit-Teil-VI.mp3\">https:\/\/website.ifit.li\/wp-content\/uploads\/2014\/09\/2013-03-02-Radioexerzitien-in-der-Fastenzeit-Teil-VI.mp3<\/a><\/audio>\n<p><!--more-->[2:56] Der Stammbaum mit seinen hellen und finsteren Gestalten, mit seinem Gelingen und seinem Scheitern zeigt uns, dass Gott auch auf den krummen Linien unserer Geschichte gerade schreiben kann. Gott l\u00e4sst uns unsere Freiheit und er weiss doch in unserem Versagen neue Wege seiner Liebe zu finden. Gott scheitert nicht. So ist dieser Stammbaum eine Gew\u00e4hr f\u00fcr Gottes Treue, eine Gew\u00e4hr daf\u00fcr, dass Gott uns nicht fallen l\u00e4sst, und eine Einladung, unser Leben immer neu nach ihn auszurichten, immer neu auf Jesus Christus zuzugehen. Pilgern heisst, eine Richtung haben, auf ein Ziel zu. Dies gibt auf dem Weg und seiner M\u00fchsal seine Sch\u00f6nheit. Unter der Pilgern des Stammbaums Jesu waren manche, die das Ziel vergessen haben und sich selber zum Ziel machen wollten. Aber immer wieder hat der Herr auch Menschen erweckt, die sich von der Sehnsucht nach dem Ziel treiben liessen und danach ihr Leben ausrichteten. Der Aufbruch zum christlichen Glauben, der Anfang der Kirche Jesu Christi ist m\u00f6glich geworden, weil es in Israel Menschen des suchenden Herzens gab, Menschen, die sich nicht in der Gewohnheit einhausten, sondern nach Gr\u00f6sserem Ausschau hielten: Zacharias, Elisabeth, Simeon, Anna, Maria und Josef, die Zw\u00f6lf und viele andere. Weil ihr Herz wartete, konnten sie in Jesus den erkennen, den Gott gesandt hatte, und so zum Anfang seiner weltweiten Familie werden. Die Heidenkirche ist m\u00f6glich geworden, weil es sowohl im Mittelmeerraum wie vorderen und mittleren Asien, wohin die Boten Jesu kamen, wartende Menschen gab, die sich nicht mit dem begn\u00fcgten, was alle taten und dachten, sondern nach dem Stern suchten, der sie den Weg zur Wahrheit selbst, zum lebendigen Gott weisen konnte. Dieses unruhige und offene Herz brauchen wir, es ist der Kern der Pilgerschaft.<\/p>\n<p>[6:31] Gott hat sich klein gemacht f\u00fcr uns. Gott kommt nicht mit \u00e4usserer Macht, sondern er kommt in der Ohnmacht seiner Liebe, die seine Macht ist. Er gibt sich in unsere H\u00e4nde, er bittet um unsere Liebe, sie l\u00e4dt uns ein, selbst klein zu werden, von unseren hohen Thronen herunterzusteigen und das Kind-sein vor Gott zu erlernen. Er bietet uns das Du an, er bittet, das wir ihm vertrauen und so das Sein in der Wahrheit und in der Liebe erlernen. Das Kind Jesus erinnert uns nat\u00fcrlich auch an alle Kinder dieser Welt, in denen er auf uns zugehen will, an die Kinder, die in der Armut leben, als Soldaten missbraucht werden, die nie die Liebe der Eltern erfahren durften, an die Kranken und Leidenden, aber auch an die fr\u00f6hlichen und gesunden Kinder. Europa ist arm an Kindern geworden. Wir brauchen alles f\u00fcr uns selber und wir trauen wohl der Zukunft nicht recht. Aber zukunftslos wird die Erde erst sein, wenn die Kr\u00e4fte des menschlichen Herzens und der vom Herzen erleuchteten Vernunft erl\u00f6schen, wenn das Antlitz Gottes nicht mehr \u00fcber der Erde leuchtet. <strong>Wo Gott ist, da ist Zukunft!<\/strong><\/p>\n<p>[8:58] Auf Christus schauen, wenn wir das tun, dann sehen wir, dass das Christentum mehr und etwas anderes ist, als ein Moralsystem, als eine Serie von Forderungen und von Gesetzen. Es ist das Geschenk einer Freundschaft, die im Leben und im Sterben tr\u00e4gt. Nicht mehr Knechte nenne ich euch, sondern Freunde, sagt der Herr zu den Seinen [vgl. <a title=\"Johannes 15,15\" href=\"http:\/\/www.bibleserver.com\/text\/EU\/Johannes15.15\" target=\"_blank\" rel=\"noopener\">Johannes 15,15<\/a>]. Dieser Freundschaft vertrauen wir uns an. Aber gerade weil das Christentum mehr ist als Moral, eben das Geschenk einer Freundschaft, darum tr\u00e4gt es in sich auch eine grosse moralische Kraft, deren wir angesichts der Herausforderungen unserer Zeit so sehr bed\u00fcrfen. Wenn wir mit Jesus Christus und mit seiner Kirche den Dialog von Sinai immer neu lesen und in seine Tiefe eindringen, dann zeigt sich ein grosse, g\u00fcltige, bleibende Weisung. Der Dekalog ist ein Ja zu Gott, zu einem Gott, der uns liebt und uns f\u00fchrt, der uns tr\u00e4gt und uns doch unsere Freiheit l\u00e4sst, ja sie erst zur Freiheit macht: die ersten drei Gebote. Er ist ein Ja zur Familie, 4. Gebot, ein Ja zum Leben, 5. Gebot, ein Ja zu verantwortungsbewusster Liebe, 6. Gebot, ein Ja zur Solidarit\u00e4t, sozialer Verantwortung und Gerechtigkeit, 7. Gebot, ein Ja zur Wahrheit, 8. Gebot, und ein Ja zur Achtung anderer Menschen und dessen, was ihnen geh\u00f6rt, 9. und 10. Gebot. Aus der Kraft unserer Freundschaft mit dem lebendigen Gott heraus, leben wir dieses vielf\u00e4ltige Ja und tragen es zugleich als Wegweisung in diese unsere Weltstunde hinein.<\/p>\n<p>[11:50] Der Herr l\u00e4dt euch ein zur Pilgerschaft der Kirche auf ihrem Weg durch die Zeit. Er l\u00e4dt euch ein, seinen Pilgerweg mitzugehen und teilzuhaben an seinem Leben, das auch heute noch ein Kreuzweg und der Weg des Auferstandenen durch das Galil\u00e4a unseres Lebens ist. Immer aber ist es der eine Herr, der uns zum einen Glauben durch die eine Taufe beruft. Die Teilnahme an seinem Weg bedeutet also beides, die Dimension des Kreuzes mit Misserfolgen, Leiden, Unverstandensein, ja sogar Verachtung und Verfolgung, aber auch die Erfahrung einer tiefen Freude in seinem Dienst und die Erfahrung des grossen Trostes aus der Begegnung mit ihm. Nachfolgen &#8211; wir wollen nachfolgen &#8211; nachfolgen heisst in die Gesinnung Christi, in den Lebensstil Christi hineinwachsen, so sagt es uns der Philipperbrief, hat die Gesinnung Jesu Christi. Romano Guardini berichtet in seiner Autobiographie, wie ihm in einem kritischen Augenblick seines Weges, in dem ihm der Glaube seiner Kindheit fraglich geworden war, der tragende Entscheid seines ganzen Lebens, die Bekehrung geschenkt wurde. In der Begegnung mit dem Wort Jesu, dass sich nur findet, wer sich verliert. Dass ist keine Selbstfindung, keine Selbstverwirklichung geben kann, ohne das Sichloslassen, das sich Verlieren. Aber dann kommt ihm die Frage: Wohin darf ich mich verlieren, wem mich verschenken? Ihm wurde klar, dass wir uns nur dann ganz weggeben k\u00f6nnen, wenn wir dabei in Gottes H\u00e4nde fallen. Nur an ihm d\u00fcrfen wir uns letztlich verlieren, nur in ihm k\u00f6nnen wir uns finden. Aber dann kam die Frage: Wer ist Gott? Wo ist Gott? Und nun begriff er, dass der Gott, an den wir uns verlieren d\u00fcrfen, nur der in Jesus Christus konkret und nahegewordene Gott ist. Aber da bricht noch einmal eine Frage auf: Wo finde ich Jesus Christus? Wie kann ich mich ihm wirklich geben? Die von Guardini in seinem Ringen gefundene Antwort lautet: Konkret gegenw\u00e4rtig ist uns Jesus Christus nur in seinem Leib, der Kirche. Darum muss Gehorsam gegen Gottes Willen, Gehorsam zu Jesus Christus, ganz konkret und praktisch, dem\u00fctig, kirchlicher Gehorsam sein. Ich denke, auch dar\u00fcber sollten wir immer wieder gr\u00fcndlich unser Gewissen erforschen. All dies findet sich zusammengefasst in dem Gebet des hl. Ignatius von Loyola, das mir immer wieder so zu gross ist, das ich es fast nicht zu beten wage und das wir uns doch immer neu abringen sollten:<\/p>\n<blockquote><p><strong>Nimm hin, o Herr, und empfange meine ganze Freiheit, mein Ged\u00e4chtnis, meinen Verstand und meinen ganzen Willen, all mein Haben und mein Besitzen. Du hast es mir gegeben, Dir, Herr, gebe ich es zur\u00fcck. Alles ist Dein, verf\u00fcge nach Deinem ganzen Willen. Gib mir nur Deine Liebe und Deine Gnade, dann bin ich reich genug und verlange weiter nichts.<\/strong><\/p><\/blockquote>\n<p>[16:31] Und damit endet unsere Sendung. Ihnen alles Gute, wo immer Sie uns zuh\u00f6ren. Hier ist Radio Vatikan. Laudetur Jesus Christus!<\/p>\n<h3>Weitere Hinweise und Quellen<\/h3>\n<ul>\n<li>Zur\u00fcck zur \u00dcbersicht:\u00a0<a href=\"https:\/\/website.ifit.li\/?p=2298\" target=\"_blank\" rel=\"noopener\"><u><span style=\"color: #0066cc;\">Radioexerzitien f\u00fcr die Fastenzeit von und mit Benedikt XVI.<\/span><\/u><\/a><\/li>\n<li>Audio (MP3) mit Nachrichten: <a href=\"https:\/\/website.ifit.li\/wp-content\/uploads\/2014\/09\/2013-03-05-Radioexerzitien-in-der-Fastenzeit-Teil-VI-Original.mp3\" target=\"_blank\" rel=\"noopener\">2013-03-05 Radioexerzitien in der Fastenzeit Teil VI (Original)<\/a><\/li>\n<li>Audio (MP3) ohne Nachrichten: <a href=\"https:\/\/website.ifit.li\/wp-content\/uploads\/2014\/09\/2013-03-02-Radioexerzitien-in-der-Fastenzeit-Teil-VI.mp3\" target=\"_blank\" rel=\"noopener\">2013-03-02 Radioexerzitien in der Fastenzeit Teil VI<\/a><\/li>\n<li><a href=\"http:\/\/w2.vatican.va\/content\/benedict-xvi\/de.html\" target=\"_blank\" rel=\"noopener\">Homepage von Benedikt XVI.<\/a><\/li>\n<\/ul>\n<h4>Nachweis der Audioausschnitte f\u00fcr die 6. Folge der Radioexerzitien von Radio Vatikan am 5.\u00a0M\u00e4rz 2013<\/h4>\n<ul>\n<li>Predigten am 8. Sept 2007 in Mariazell<\/li>\n<li>Generalaudienz am 20. August 2008<\/li>\n<\/ul>\n","protected":false},"excerpt":{"rendered":"<p>Exerzitien zur Fastenzeit Teil VI mit Benedikt XVI. aus\u00a0acht Jahren Pontifikat Laudetur Jesus Christus! Hier ist Radio Vatikan. Radioexerzitien in der Fastenzeit. Willkommen zur sechsten Folge, mein Name ist P. Bernd Hagenkord. H\u00f6ren Sie nun die sechste Folge unserer Radioexerzitien mit Papst Benedikt XVI. [0:53] In der Taufe sind wir alle Kinder Gottes geworden und &hellip; <a href=\"https:\/\/website.ifit.li\/?p=1719\" class=\"more-link\"><span class=\"screen-reader-text\">Der Anfang der Kirche Jesu Christi ist m\u00f6glich geworden, weil es in Israel Menschen suchenden Herzens gab<\/span> weiterlesen <span class=\"meta-nav\">&rarr;<\/span><\/a><\/p>\n","protected":false},"author":1,"featured_media":9861,"comment_status":"closed","ping_status":"open","sticky":false,"template":"","format":"standard","meta":{"footnotes":""},"categories":[447],"tags":[62,213,31,88,218,518],"class_list":["post-1719","post","type-post","status-publish","format-standard","has-post-thumbnail","hentry","category-fastenexerzitien-mit-benedikt-xvi","tag-exerzitien","tag-fastenzeit","tag-liebe","tag-papst-benedikt-xvi","tag-radio-vatikan","tag-radioexerzitien-fastenzeit-2013"],"_links":{"self":[{"href":"https:\/\/website.ifit.li\/index.php?rest_route=\/wp\/v2\/posts\/1719","targetHints":{"allow":["GET"]}}],"collection":[{"href":"https:\/\/website.ifit.li\/index.php?rest_route=\/wp\/v2\/posts"}],"about":[{"href":"https:\/\/website.ifit.li\/index.php?rest_route=\/wp\/v2\/types\/post"}],"author":[{"embeddable":true,"href":"https:\/\/website.ifit.li\/index.php?rest_route=\/wp\/v2\/users\/1"}],"replies":[{"embeddable":true,"href":"https:\/\/website.ifit.li\/index.php?rest_route=%2Fwp%2Fv2%2Fcomments&post=1719"}],"version-history":[{"count":9,"href":"https:\/\/website.ifit.li\/index.php?rest_route=\/wp\/v2\/posts\/1719\/revisions"}],"predecessor-version":[{"id":9862,"href":"https:\/\/website.ifit.li\/index.php?rest_route=\/wp\/v2\/posts\/1719\/revisions\/9862"}],"wp:featuredmedia":[{"embeddable":true,"href":"https:\/\/website.ifit.li\/index.php?rest_route=\/wp\/v2\/media\/9861"}],"wp:attachment":[{"href":"https:\/\/website.ifit.li\/index.php?rest_route=%2Fwp%2Fv2%2Fmedia&parent=1719"}],"wp:term":[{"taxonomy":"category","embeddable":true,"href":"https:\/\/website.ifit.li\/index.php?rest_route=%2Fwp%2Fv2%2Fcategories&post=1719"},{"taxonomy":"post_tag","embeddable":true,"href":"https:\/\/website.ifit.li\/index.php?rest_route=%2Fwp%2Fv2%2Ftags&post=1719"}],"curies":[{"name":"wp","href":"https:\/\/api.w.org\/{rel}","templated":true}]}}