{"id":1404,"date":"2011-09-24T17:00:12","date_gmt":"2011-09-24T16:00:12","guid":{"rendered":"http:\/\/ifit.ch\/?p=1404"},"modified":"2021-06-18T16:41:22","modified_gmt":"2021-06-18T14:41:22","slug":"der-schaden-der-kirche-kommt-nicht-von-ihren-gegnern-sondern-von-den-lauen-christen","status":"publish","type":"post","link":"https:\/\/website.ifit.li\/?p=1404","title":{"rendered":"Der Schaden der Kirche kommt nicht von ihren Gegnern, sondern von den lauen Christen"},"content":{"rendered":"<h1>Vigil mit Jugendlichen von Papst Benedikt XVI. in Deutschland am 24. Sept. 2011<\/h1>\n<figure id=\"attachment_6207\" aria-describedby=\"caption-attachment-6207\" style=\"width: 280px\" class=\"wp-caption alignleft\"><a href=\"https:\/\/website.ifit.li\/?attachment_id=6207\" rel=\"attachment wp-att-6207\"><img data-opt-id=1602447697  fetchpriority=\"high\" decoding=\"async\" class=\"size-full wp-image-6207\" src=\"https:\/\/ml2mintiuscj.i.optimole.com\/w:auto\/h:auto\/q:mauto\/f:best\/https:\/\/website.ifit.li\/wp-content\/uploads\/2012\/10\/Benedikt-XVI..jpg\" alt=\"Bild: Vatikan\" width=\"280\" height=\"180\" \/><\/a><figcaption id=\"caption-attachment-6207\" class=\"wp-caption-text\">Em. Papst Benedikt XVI.<\/figcaption><\/figure>\n<p>Liebe junge Freunde!<br \/>\nIch habe mich den ganzen Tag auf diesen Abend gefreut, hier [in Freiburg] mit euch zusammenzusein und Gemeinschaft im Gebet mit euch zu haben. Einige von euch werden schon beim Weltjugendtag dabei gewesen sein, wo wir die besondere Atmosph\u00e4re der Ruhe, der tiefen Gemeinschaft und der inneren Freude erleben durften, die \u00fcber einer abendlichen Gebetsvigil liegt. Diese Erfahrung w\u00fcnsche ich uns auch f\u00fcr diesen Moment: da\u00df der Herr uns anr\u00fchrt und zu frohen Zeugen macht, die miteinander beten und f\u00fcreinander einstehen, nicht nur heute Abend, sondern unser ganzes Leben.<\/p>\n<audio class=\"wp-audio-shortcode\" id=\"audio-1404-1\" preload=\"none\" style=\"width: 100%;\" controls=\"controls\"><source type=\"audio\/mpeg\" src=\"https:\/\/website.ifit.li\/wp-content\/uploads\/2011\/09\/2011-09-24-Papst-in-D-2011-Vigil.mp3?_=1\" \/><a href=\"https:\/\/website.ifit.li\/wp-content\/uploads\/2011\/09\/2011-09-24-Papst-in-D-2011-Vigil.mp3\">https:\/\/website.ifit.li\/wp-content\/uploads\/2011\/09\/2011-09-24-Papst-in-D-2011-Vigil.mp3<\/a><\/audio>\n<p><!--more-->In allen Kirchen, in den Domen und Kl\u00f6stern, \u00fcberall wo sich die Gl\u00e4ubigen zur Feier der Osternacht versammeln, wird die heiligste aller N\u00e4chte mit dem Entz\u00fcnden der Osterkerze er\u00f6ffnet, deren Licht dann an alle Anwesenden weitergereicht wird. Eine winzige Flamme verbreitet sich im Kreis vieler Lichter und erhellt das dunkle Gotteshaus. In diesem wunderbaren liturgischen Ritus, den wir in dieser Gebetsvigil nachgeahmt haben, offenbart sich uns in Zeichen, die mehr sagen als Worte, das Geheimnis unseres christlichen Glaubens. Er, der von sich sagt: \u201eIch bin das Licht der Welt\u201c (Joh 8,12), bringt unser Leben zum Leuchten, damit wahr wird, was wir soeben im Evangelium geh\u00f6rt haben: \u201eIhr seid das Licht der Welt\u201c (Mt 5,14). Es sind nicht unsere menschlichen Anstrengungen oder der technische Fortschritt unserer Zeit, die Licht in diese Welt bringen. Immer wieder erleben wir es ja, da\u00df unser M\u00fchen um eine bessere und gerechtere Ordnung an seine Grenzen st\u00f6\u00dft. Das Leiden der Unschuldigen und letztlich der Tod eines jeden Menschen sind ein undurchdringliches Dunkel, das vielleicht von neuen Erfahrungen her f\u00fcr einen Moment, wie durch einen Blitz in der Nacht, erhellt werden mag. Am Ende bleibt aber doch eine be\u00e4ngstigende Finsternis.<br \/>\nEs mag um uns herum dunkel und finster sein, und doch schauen wir ein Licht: eine kleine, winzige Flamme, die st\u00e4rker ist als die so m\u00e4chtig und un\u00fcberwindbar scheinende Dunkelheit. Christus, der von den Toten erstanden ist, leuchtet in dieser Welt und gerade dort am hellsten, wo nach menschlichem Ermessen alles d\u00fcster und hoffnungslos ist. Er hat den Tod besiegt \u2013 Er lebt \u2013 und der Glaube an ihn durchbricht wie ein kleines Licht all das, was finster und bedrohlich ist. Wer an Jesus glaubt, hat sicherlich nicht immer Sonnenschein im Leben, so als ob ihm Leiden und Schwierigkeiten erspart bleiben k\u00f6nnten, aber stets gibt es da einen hellen Schein, der ihm einen Weg zeigt, den Weg. der zum Leben in F\u00fclle f\u00fchrt (vgl. Joh 10,10). <strong><span style=\"color: #ff0000;\">Wer an Christus glaubt, dessen Augen schauen auch in der dunkelsten Nacht ein Licht und sehen schon das Leuchten eines neuen Tages.<\/span><\/strong><br \/>\nDas Licht bleibt nicht allein. Rings herum flammen weitere Lichter auf. In ihrem Schein erh\u00e4lt der Raum Konturen, so da\u00df man sich orientieren kann. Wir leben nicht allein auf der Welt. Gerade in den wichtigen Dingen des Lebens sind wir auf Mitmenschen angewiesen. So stehen wir besonders im Glauben nicht allein, wir sind Glieder in der gro\u00dfen Kette der Gl\u00e4ubigen. Niemand kann glauben, wenn er nicht durch den Glauben der anderen gest\u00fctzt wird, und durch meinen Glauben trage ich wiederum dazu bei, die anderen in ihrem Glauben zu st\u00e4rken. Wir helfen uns, einander Vorbilder zu sein, lassen die anderen am Unsrigen teilhaben, unseren Gedanken, unseren Taten, unserer Zuneigung. Und wir helfen einander, uns zurechtzufinden, unseres Standpunkts in der Gesellschaft gewahr zu werden.<br \/>\nLiebe Freunde, <strong><span style=\"color: #ff0000;\">\u201eIch bin das Licht der Welt \u2013 Ihr seid das Licht der Welt\u201c<\/span><\/strong>, sagt der Herr. Es ist geheimnisvoll und gro\u00dfartig, da\u00df Jesus von sich selbst und von jedem von uns das gleiche sagt, n\u00e4mlich \u201eLicht zu sein\u201c. Wenn wir glauben, da\u00df Er der Sohn Gottes ist, der Kranke geheilt und Tote erweckt hat, ja selbst aus dem Grabe erstanden ist und wirklich lebt, so verstehen wir, da\u00df er das Licht, die Quelle aller Lichter dieser Welt ist. Wir dagegen erleben doch immer wieder das Scheitern unserer Bem\u00fchungen und das pers\u00f6nliche Versagen trotz bester Absichten. Die Welt, in der wir leben, wird trotz des technischen Fortschritts anscheinend letztlich nicht besser. Noch immer gibt es Krieg und Terror, Hunger und Krankheit, bittere Armut und erbarmungslose Unterdr\u00fcckung. Und auch die, die sich in der Geschichte als \u201eLichtbringer\u201c verstanden haben, ohne aber von Christus, dem einzigen und wahren Licht, entz\u00fcndet zu sein, <strong><span style=\"color: #ff0000;\">haben gerade kein irdisches Paradies geschaffen<\/span><\/strong>, sondern Diktaturen und totalit\u00e4re Systeme errichtet, in denen selbst der kleinste Funke wahrer Menschlichkeit erstickt wurde.<br \/>\nAn diesem Punkt d\u00fcrfen wir nicht dar\u00fcber schweigen, da\u00df es das B\u00f6se gibt. Wir sehen es an so vielen Orten in dieser Welt; wir sehen es aber auch \u2013 und das erschreckt uns \u2013 in unserem eigenen Leben. <strong><span style=\"color: #ff0000;\">Ja, in unserem eigenen Herzen gibt es die Neigung zum B\u00f6sen, den Egoismus, den Neid, die Aggression<\/span><\/strong>. Mit einer gewissen Selbstdisziplin l\u00e4\u00dft sich das vielleicht einigerma\u00dfen kontrollieren. Schwieriger wird es aber mit einem eher verborgenen Schlechtsein, das sich wie ein dumpfer Nebel auf uns legen kann, und das ist die Tr\u00e4gheit, die Schwerf\u00e4lligkeit, das Gute zu wollen und zu tun. Immer wieder in der Geschichte haben aufmerksame Zeitgenossen darauf hingewiesen: <strong><span style=\"color: #ff0000;\">Der Schaden der Kirche kommt nicht von ihren Gegnern, sondern von den lauen Christen.<\/span><\/strong> Aber wie kann Christus dann sagen, die Christen und damit wohl auch diese schwachen und oft so lauen Christen seien das Licht der Welt? Vielleicht verst\u00fcnden wir, wenn er uns zuriefe: Bekehrt euch! Seid das Licht der Welt! \u00c4ndert euer Leben, macht es hell und strahlend! M\u00fcssen wir nicht staunen, da\u00df der Herr keinen Appell an uns richtet, sondern sagt: Wir sind das Licht der Welt, wir leuchten, wir strahlen im Dunkel?<br \/>\nLiebe Freunde, der heilige Apostel Paulus scheut sich nicht, in vielen seiner Briefe seine Zeitgenossen, die Mitglieder der Ortsgemeinde, \u201e<span style=\"color: #ff0000;\">Heilige<\/span>\u201c zu nennen. Hier wird deutlich, da\u00df jeder Getaufte \u2013 noch ehe er gute Werke oder besondere Leistungen tun kann \u2013 geheiligt ist von Gott. In der Taufe entz\u00fcndet der Herr gleichsam ein Licht in unserem Leben, das der Katechismus die heiligmachende Gnade nennt. Wer dieses Licht bewahrt, wer in der Gnade lebt, der ist in der Tat heilig.<br \/>\nLiebe Freunde, immer wieder ist das Bild der Heiligen karikiert und verzerrt worden, so als ob heilig zu sein bedeute, weltfremd, naiv und freudlos zu sein. Nicht selten meint man, ein Heiliger sei nur der, der asketische und moralische H\u00f6chstleistungen vollbringe und den man daher wohl verehren, aber im eigenen Leben doch nie nachahmen k\u00f6nne. <span style=\"color: #ff0000;\">Wie falsch und entmutigend<\/span> <span style=\"color: #ff0000;\">ist diese Meinung!<\/span> <span style=\"color: #ff0000;\">Es gibt keinen Heiligen, mit Ausnahme der seligen Jungfrau Maria, der nicht auch die S\u00fcnde gekannt und niemals gefallen w\u00e4re<\/span>. Liebe Freunde, Christus achtet nicht so sehr darauf, wie oft ihr im Leben strauchelt, sondern wie oft ihr wieder aufsteht. Er fordert keine Glanzleistungen, sondern m\u00f6chte, da\u00df Sein Licht in euch scheint. Er ruft euch nicht, weil ihr gut und vollkommen seid, sondern weil Er gut ist und euch zu seinen Freunden machen will. Ja, ihr seid das Licht der Welt, weil Jesus euer Licht ist. Ihr seid Christen \u2013 nicht weil ihr Besonderes und Herausragendes tut, sondern weil Er, Christus, euer Leben ist. Ihr seid heilig, weil seine Gnade in euch wirkt. Liebe Freunde, an diesem Abend, an dem wir uns im Gebet um den einen Herrn versammeln, ahnen wir die Wahrheit des Wortes Christi, da\u00df die Stadt auf dem Berg nicht verborgen bleiben kann. Diese Versammlung leuchtet im mehrfachen Sinn des Wortes \u2013 im Schein unz\u00e4hliger Lichter, im Glanz so vieler Jugendlicher, die an Christus glauben. Eine Kerze kann nur dann Licht spenden, wenn sie sich von der Flamme verzehren l\u00e4\u00dft. Sie bliebe nutzlos, w\u00fcrde ihr Wachs nicht das Feuer n\u00e4hren. <strong><span style=\"color: #ff0000;\">La\u00dft es zu, da\u00df Christus in euch brennt, auch wenn das manchmal Opfer und Verzicht bedeuten kann. F\u00fcrchtet nicht, ihr k\u00f6nntet etwas verlieren und sozusagen am Ende leer ausgehen. Habt den Mut, eure Talente und Begabungen f\u00fcr Gottes Reich einzusetzen und euch hinzugeben \u2013 wie das Wachs einer Kerze \u2013 damit der Herr durch euch das Dunkel hell macht. Wagt es, gl\u00fchende Heilige zu sein, in deren Augen und Herzen die Liebe Christi strahlt und die so der Welt Licht bringen. Ich vertraue darauf, da\u00df ihr und viele andere junge Menschen hier in Deutschland Leuchten der Hoffnung sind, die nicht verborgen bleiben. \u201eIhr seid das Licht der Welt.\u201c Wo Gott ist, da ist Zukunft. Amen.<\/span><\/strong><\/p>\n<h3>Weitere Hinweise und Quellen<\/h3>\n<ul>\n<li>Audio (MP3) Radio Vatikan: Papst in D 2011 &#8211; Vigil am24.September2011:<audio class=\"wp-audio-shortcode\" id=\"audio-1404-2\" preload=\"none\" style=\"width: 100%;\" controls=\"controls\"><source type=\"audio\/mpeg\" src=\"https:\/\/website.ifit.li\/wp-content\/uploads\/2011\/09\/2011-09-24-Papst-in-D-2011-Vigil.mp3?_=2\" \/><a href=\"https:\/\/website.ifit.li\/wp-content\/uploads\/2011\/09\/2011-09-24-Papst-in-D-2011-Vigil.mp3\">https:\/\/website.ifit.li\/wp-content\/uploads\/2011\/09\/2011-09-24-Papst-in-D-2011-Vigil.mp3<\/a><\/audio><\/li>\n<li>Originaltext von Radio Vatikan: Artikel von 24\/09\/2011 20.03.00 (PDF): <a href=\"https:\/\/website.ifit.li\/?attachment_id=37401\" rel=\"attachment wp-att-37401\">2011-09-24 Papst in D 2011 &#8211; Vigil<\/a><\/li>\n<li>\n<p id=\"firstHeading\" class=\"firstHeading\" lang=\"de\"><a href=\"https:\/\/de.wikipedia.org\/wiki\/Papstbesuch_in_Deutschland_2011\" target=\"_blank\" rel=\"noopener\">Papstbesuch in Deutschland 2011<\/a> (Wikipedia)<\/p>\n<\/li>\n<li><a href=\"https:\/\/website.ifit.li\/?p=2384\" target=\"_blank\" rel=\"noopener\">Zur\u00fcck zur \u00dcbersicht&#8230;<\/a><\/li>\n<\/ul>\n","protected":false},"excerpt":{"rendered":"<p>Vigil mit Jugendlichen von Papst Benedikt XVI. in Deutschland am 24. Sept. 2011 Liebe junge Freunde! Ich habe mich den ganzen Tag auf diesen Abend gefreut, hier [in Freiburg] mit euch zusammenzusein und Gemeinschaft im Gebet mit euch zu haben. Einige von euch werden schon beim Weltjugendtag dabei gewesen sein, wo wir die besondere Atmosph\u00e4re &hellip; <a href=\"https:\/\/website.ifit.li\/?p=1404\" class=\"more-link\"><span class=\"screen-reader-text\">Der Schaden der Kirche kommt nicht von ihren Gegnern, sondern von den lauen Christen<\/span> weiterlesen <span class=\"meta-nav\">&rarr;<\/span><\/a><\/p>\n","protected":false},"author":1,"featured_media":37402,"comment_status":"open","ping_status":"open","sticky":false,"template":"","format":"standard","meta":{"footnotes":""},"categories":[450,451],"tags":[187,229,88,511,261],"class_list":["post-1404","post","type-post","status-publish","format-standard","has-post-thumbnail","hentry","category-katholische-kirche","category-liturgie","tag-glauben","tag-gnade","tag-papst-benedikt-xvi","tag-papst-in-deutschland","tag-versuchung"],"_links":{"self":[{"href":"https:\/\/website.ifit.li\/index.php?rest_route=\/wp\/v2\/posts\/1404","targetHints":{"allow":["GET"]}}],"collection":[{"href":"https:\/\/website.ifit.li\/index.php?rest_route=\/wp\/v2\/posts"}],"about":[{"href":"https:\/\/website.ifit.li\/index.php?rest_route=\/wp\/v2\/types\/post"}],"author":[{"embeddable":true,"href":"https:\/\/website.ifit.li\/index.php?rest_route=\/wp\/v2\/users\/1"}],"replies":[{"embeddable":true,"href":"https:\/\/website.ifit.li\/index.php?rest_route=%2Fwp%2Fv2%2Fcomments&post=1404"}],"version-history":[{"count":2,"href":"https:\/\/website.ifit.li\/index.php?rest_route=\/wp\/v2\/posts\/1404\/revisions"}],"predecessor-version":[{"id":37405,"href":"https:\/\/website.ifit.li\/index.php?rest_route=\/wp\/v2\/posts\/1404\/revisions\/37405"}],"wp:featuredmedia":[{"embeddable":true,"href":"https:\/\/website.ifit.li\/index.php?rest_route=\/wp\/v2\/media\/37402"}],"wp:attachment":[{"href":"https:\/\/website.ifit.li\/index.php?rest_route=%2Fwp%2Fv2%2Fmedia&parent=1404"}],"wp:term":[{"taxonomy":"category","embeddable":true,"href":"https:\/\/website.ifit.li\/index.php?rest_route=%2Fwp%2Fv2%2Fcategories&post=1404"},{"taxonomy":"post_tag","embeddable":true,"href":"https:\/\/website.ifit.li\/index.php?rest_route=%2Fwp%2Fv2%2Ftags&post=1404"}],"curies":[{"name":"wp","href":"https:\/\/api.w.org\/{rel}","templated":true}]}}