{"id":1280,"date":"2013-01-20T13:30:50","date_gmt":"2013-01-20T12:30:50","guid":{"rendered":"http:\/\/ifit.ch\/?p=1280"},"modified":"2021-06-22T14:35:11","modified_gmt":"2021-06-22T12:35:11","slug":"spaltung-der-christenheit-stellt-eine-schwere-schuld-dar-die-das-antlitz-der-kirche-entstellt","status":"publish","type":"post","link":"https:\/\/website.ifit.li\/?p=1280","title":{"rendered":"Spaltung der Christenheit stellt eine schwere Schuld dar, die das Antlitz der Kirche entstellt"},"content":{"rendered":"<h1>Angelus zum\u00a0Familiensonntag von Papst Benedikt XVI.<\/h1>\n<figure id=\"attachment_4737\" aria-describedby=\"caption-attachment-4737\" style=\"width: 150px\" class=\"wp-caption alignleft\"><a href=\"https:\/\/ml2mintiuscj.i.optimole.com\/w:auto\/h:auto\/q:mauto\/f:best\/https:\/\/website.ifit.li\/wp-content\/uploads\/2015\/01\/Papst-Benedikt-XVI.-300-dpi-e1449153974846.jpg\"><img data-opt-id=723583984  fetchpriority=\"high\" decoding=\"async\" class=\"size-full wp-image-4737\" src=\"https:\/\/ml2mintiuscj.i.optimole.com\/w:auto\/h:auto\/q:mauto\/f:best\/https:\/\/website.ifit.li\/wp-content\/uploads\/2015\/01\/Papst-Benedikt-XVI.-300-dpi-e1449153974846.jpg\" alt=\"Em. Papst Benedikt XVI.\" width=\"150\" height=\"232\" \/><\/a><figcaption id=\"caption-attachment-4737\" class=\"wp-caption-text\">Benedikt XVI. Anno domini 2005<\/figcaption><\/figure>\n<p>Papst Benedikt XVI. hat zum Gebet f\u00fcr die Einheit der Christen und zum Frieden aufgerufen. Beim Angelusgebet am Sonntag, 20. Januar 2013\u00a0auf dem Petersplatz sagte er, die Spaltung der Christenheit stelle eine schwere Schuld dar, die das Antlitz der Kirche entstelle. Ohne bestimmte L\u00e4nder zu nennen, beklagte er die gewaltsamen Konflikte in verschiedenen Teilen Welt, denen viele unschuldige Zivilisten zum Opfer fielen. Er rief zu einem Ende der Gewalt auf und ermutigte zum Dialog und zu Verhandlungsl\u00f6sungen. <!--more-->Mit Blick auf die laufende \u201eGebetswoche f\u00fcr die Einheit der Christen\u201c sagte Benedikt, diese sei eine gute Gelegenheit, den geistlichen Einsatz f\u00fcr eine Wiederherstellung der vollen Einheit neu zu entfachen. Er erinnerte auch an die \u00f6kumenische Gebetsvigil mit der Gemeinschaft von Taiz\u00e9 vor einem Monat in Rom, einem \u201eMoment der Gnade\u201c, der gezeigt habe, wie sch\u00f6n es ist eins zu sein. Benedikt wies auf die \u00f6kumenische Vesper hin, die er am Freitag in Sankt Paul vor den Mauern zum Abschluss der Gebetswoche feiern werde. Auf Deutsch sagte er:<br \/>\n&#171;Das Evangelium des heutigen Sonntags erz\u00e4hlt uns von der Hochzeit zu Kana, wo Jesus sein erstes Wunder wirkt. Auf die Bitte seiner Mutter Maria und durch die Mitarbeit der Diener, die sechs Kr\u00fcge mit Wasser f\u00fcllen, hilft der Herr den Brautleuten aus einer Notlage. Dies ermutigt uns, da\u00df auch wir uns der F\u00fcrsprache Marias anvertrauen und uns von ihr \u2013wie die Diener des Evangeliums \u2013 anspornen lassen, das Wort Jesu wahr zu machen, mitzuwirken, mit ihm ihm zu folgen und so auf dem Weg zu Gott zu gehen. Dazu kommt, dass wir in dieser Gebetswoche f\u00fcr die Einheit der Christenheit beten. <strong><span style=\"color: #ff0000;\">So suchen wir uns besonders in das Gebet Jesu hineinzugeben, der dies von seinem Vater f\u00fcr die Geschichte erbetet hat. Versuchen wir, einander zu lieben, indem wir uns in Christus als Br\u00fcder und Schwestern erkennen.<\/span><\/strong> Euch allen w\u00fcnsche ich einen gesegneten Sonntag.&#187;<\/p>\n<h3>Weitere Hinweise und Quellen<\/h3>\n<ul>\n<li>Audio (MP3): Angelus zum Familiensonntag 20. Januar 2013<audio class=\"wp-audio-shortcode\" id=\"audio-1280-1\" preload=\"none\" style=\"width: 100%;\" controls=\"controls\"><source type=\"audio\/mpeg\" src=\"https:\/\/website.ifit.li\/wp-content\/uploads\/2013\/01\/2013-01-20-Angelus-zum-Familiensonntag.mp3?_=1\" \/><a href=\"https:\/\/website.ifit.li\/wp-content\/uploads\/2013\/01\/2013-01-20-Angelus-zum-Familiensonntag.mp3\">https:\/\/website.ifit.li\/wp-content\/uploads\/2013\/01\/2013-01-20-Angelus-zum-Familiensonntag.mp3<\/a><\/audio><\/li>\n<li>Originaltext (Link vergriffen): Familiensonntag, Radio Vatikan, Artikel 657369<\/li>\n<li>Radio Vatikan Archiv: <a href=\"https:\/\/www.archivioradiovaticana.va\/storico\/2013\/01\/20\/angelus_papst_betet_f%C3%BCr_frieden_und_%C3%B6kumene\/ted-657369\" target=\"_blank\" rel=\"noopener\">Angelus: Papst betet f\u00fcr Frieden und \u00d6kumene<\/a><\/li>\n<\/ul>\n","protected":false},"excerpt":{"rendered":"<p>Angelus zum\u00a0Familiensonntag von Papst Benedikt XVI. Papst Benedikt XVI. hat zum Gebet f\u00fcr die Einheit der Christen und zum Frieden aufgerufen. Beim Angelusgebet am Sonntag, 20. Januar 2013\u00a0auf dem Petersplatz sagte er, die Spaltung der Christenheit stelle eine schwere Schuld dar, die das Antlitz der Kirche entstelle. Ohne bestimmte L\u00e4nder zu nennen, beklagte er die &hellip; <a href=\"https:\/\/website.ifit.li\/?p=1280\" class=\"more-link\"><span class=\"screen-reader-text\">Spaltung der Christenheit stellt eine schwere Schuld dar, die das Antlitz der Kirche entstellt<\/span> weiterlesen <span class=\"meta-nav\">&rarr;<\/span><\/a><\/p>\n","protected":false},"author":1,"featured_media":0,"comment_status":"open","ping_status":"open","sticky":false,"template":"","format":"standard","meta":{"footnotes":""},"categories":[450,285,451],"tags":[372,229,31,377,88],"class_list":["post-1280","post","type-post","status-publish","format-standard","hentry","category-katholische-kirche","category-lehramt","category-liturgie","tag-angelus","tag-gnade","tag-liebe","tag-oekumenische-bewegung","tag-papst-benedikt-xvi"],"_links":{"self":[{"href":"https:\/\/website.ifit.li\/index.php?rest_route=\/wp\/v2\/posts\/1280","targetHints":{"allow":["GET"]}}],"collection":[{"href":"https:\/\/website.ifit.li\/index.php?rest_route=\/wp\/v2\/posts"}],"about":[{"href":"https:\/\/website.ifit.li\/index.php?rest_route=\/wp\/v2\/types\/post"}],"author":[{"embeddable":true,"href":"https:\/\/website.ifit.li\/index.php?rest_route=\/wp\/v2\/users\/1"}],"replies":[{"embeddable":true,"href":"https:\/\/website.ifit.li\/index.php?rest_route=%2Fwp%2Fv2%2Fcomments&post=1280"}],"version-history":[{"count":2,"href":"https:\/\/website.ifit.li\/index.php?rest_route=\/wp\/v2\/posts\/1280\/revisions"}],"predecessor-version":[{"id":38147,"href":"https:\/\/website.ifit.li\/index.php?rest_route=\/wp\/v2\/posts\/1280\/revisions\/38147"}],"wp:attachment":[{"href":"https:\/\/website.ifit.li\/index.php?rest_route=%2Fwp%2Fv2%2Fmedia&parent=1280"}],"wp:term":[{"taxonomy":"category","embeddable":true,"href":"https:\/\/website.ifit.li\/index.php?rest_route=%2Fwp%2Fv2%2Fcategories&post=1280"},{"taxonomy":"post_tag","embeddable":true,"href":"https:\/\/website.ifit.li\/index.php?rest_route=%2Fwp%2Fv2%2Ftags&post=1280"}],"curies":[{"name":"wp","href":"https:\/\/api.w.org\/{rel}","templated":true}]}}